{"id":48236,"date":"2025-10-06T16:38:49","date_gmt":"2025-10-06T14:38:49","guid":{"rendered":"https:\/\/la-bella-vita.club\/?p=48236"},"modified":"2025-10-06T17:33:02","modified_gmt":"2025-10-06T15:33:02","slug":"venezia-nella-nebbia-autunnale-la-tranquilla-bellezza-della-laguna","status":"publish","type":"post","link":"https:\/\/la-bella-vita.club\/it\/venedig-im-herbstnebel-die-leise-schoenheit-der-lagune\/","title":{"rendered":"Venezia nella nebbia autunnale: la tranquilla bellezza della laguna"},"content":{"rendered":"<p class=\"has-text-align-right has-small-font-size wp-block-paragraph\"><em><strong><sub>La magia dell'autunno su Venezia<\/sub><\/strong><\/em><\/p>\n\n\n\n<div style=\"height:12px\" aria-hidden=\"true\" class=\"wp-block-spacer\"><\/div>\n\n\n\n<p class=\"has-small-font-size wp-block-paragraph\">Dal nostro team editoriale<\/p>\n\n\n\n<div style=\"height:12px\" aria-hidden=\"true\" class=\"wp-block-spacer\"><\/div>\n\n\n\n<p class=\"has-medium-font-size wp-block-paragraph\" style=\"line-height:1.2\"><strong>Quando la nebbia copre i canali, Venezia cambia. Il familiare azzurro del cielo scompare, i contorni dei palazzi si dissolvono e improvvisamente si respira una tranquillit\u00e0 impensabile in estate. <\/strong><\/p>\n\n\n\n<div style=\"height:12px\" aria-hidden=\"true\" class=\"wp-block-spacer\"><\/div>\n\n\n\n<p class=\"wp-block-paragraph\">Nessuna folla di persone sui ponti, nessun brusio di voci in Piazza San Marco: solo il dolce suono delle onde che si infrangono sulle palafitte e il lontano suono della campana di una chiesa.<\/p>\n\n\n\n<h3 class=\"wp-block-heading\" id=\"h-die-zeit-der-calma\">Il momento della \"calma\"<\/h3>\n\n\n\n<p class=\"wp-block-paragraph\">I veneziani chiamano questi mesi semplicemente \"la calma\". Inizia in autunno, quando l'aria umida porta con s\u00e9 il profumo del mare e della pietra. Nelle prime ore del mattino, la nebbia si stende su Piazza San Marco, le colonne di Palazzo Ducale si confondono e le facciate sembrano dipinte. \u00c8 una Venezia diversa, pi\u00f9 tranquilla, quasi intima. Se cammini per i vicoli ora, puoi sentire di nuovo i tuoi passi e l'eco sommessa della citt\u00e0, che finalmente pu\u00f2 respirare.<\/p>\n\n\n\n<p class=\"wp-block-paragraph\"><a href=\"https:\/\/la-bella-vita.club\/italien-quiz-mailand-rom-venedig-oder-neapel-kennst-du-italien\/\">Quiz sull'Italia per chi viaggia in citt\u00e0 <\/a><\/p>\n\n\n\n<div style=\"height:18px\" aria-hidden=\"true\" class=\"wp-block-spacer\"><\/div>\n\n\n\n<div class=\"wp-block-jetpack-slideshow aligncenter\" data-effect=\"slide\" style=\"--aspect-ratio:calc(1024 \/ 1024)\"><div class=\"wp-block-jetpack-slideshow_container swiper\"><ul class=\"wp-block-jetpack-slideshow_swiper-wrapper swiper-wrapper\"><li class=\"wp-block-jetpack-slideshow_slide swiper-slide\"><figure><img decoding=\"async\" width=\"1024\" height=\"1024\" alt=\"\" class=\"wp-block-jetpack-slideshow_image wp-image-48253\" data-id=\"48253\" data-aspect-ratio=\"1024 \/ 1024\" src=\"https:\/\/la-bella-vita.club\/wp-content\/uploads\/2025\/10\/Fotos-Italien-4-1024x1024.jpg\" srcset=\"https:\/\/la-bella-vita.club\/wp-content\/uploads\/2025\/10\/Fotos-Italien-4-1024x1024.jpg 1024w, https:\/\/la-bella-vita.club\/wp-content\/uploads\/2025\/10\/Fotos-Italien-4-300x300.jpg 300w, https:\/\/la-bella-vita.club\/wp-content\/uploads\/2025\/10\/Fotos-Italien-4-150x150.jpg?crop=1 150w, https:\/\/la-bella-vita.club\/wp-content\/uploads\/2025\/10\/Fotos-Italien-4-768x768.jpg 768w, https:\/\/la-bella-vita.club\/wp-content\/uploads\/2025\/10\/Fotos-Italien-4-12x12.jpg 12w, https:\/\/la-bella-vita.club\/wp-content\/uploads\/2025\/10\/Fotos-Italien-4.jpg 1375w\" sizes=\"(max-width: 1024px) 100vw, 1024px\" \/><figcaption class=\"wp-block-jetpack-slideshow_caption gallery-caption\">Le classiche lanterne di Venezia nella luce autunnale<\/figcaption><\/figure><\/li><li class=\"wp-block-jetpack-slideshow_slide swiper-slide\"><figure><img decoding=\"async\" width=\"1024\" height=\"1024\" alt=\"Venezia nella magia dell&#039;autunno\" class=\"wp-block-jetpack-slideshow_image wp-image-48251\" data-id=\"48251\" data-aspect-ratio=\"1024 \/ 1024\" src=\"https:\/\/la-bella-vita.club\/wp-content\/uploads\/2025\/10\/Fotos-Italien-6-1024x1024.jpg\" srcset=\"https:\/\/la-bella-vita.club\/wp-content\/uploads\/2025\/10\/Fotos-Italien-6-1024x1024.jpg 1024w, https:\/\/la-bella-vita.club\/wp-content\/uploads\/2025\/10\/Fotos-Italien-6-300x300.jpg 300w, https:\/\/la-bella-vita.club\/wp-content\/uploads\/2025\/10\/Fotos-Italien-6-150x150.jpg?crop=1 150w, https:\/\/la-bella-vita.club\/wp-content\/uploads\/2025\/10\/Fotos-Italien-6-768x768.jpg 768w, https:\/\/la-bella-vita.club\/wp-content\/uploads\/2025\/10\/Fotos-Italien-6-12x12.jpg 12w, https:\/\/la-bella-vita.club\/wp-content\/uploads\/2025\/10\/Fotos-Italien-6.jpg 1375w\" sizes=\"(max-width: 1024px) 100vw, 1024px\" \/><figcaption class=\"wp-block-jetpack-slideshow_caption gallery-caption\">I ponti antiallagamento sono pronti nei vicoli alla fine dell'anno. <\/figcaption><\/figure><\/li><li class=\"wp-block-jetpack-slideshow_slide swiper-slide\"><figure><img decoding=\"async\" width=\"1024\" height=\"1024\" alt=\"\" class=\"wp-block-jetpack-slideshow_image wp-image-48252\" data-id=\"48252\" data-aspect-ratio=\"1024 \/ 1024\" src=\"https:\/\/la-bella-vita.club\/wp-content\/uploads\/2025\/10\/Fotos-Italien-5-1024x1024.jpg\" srcset=\"https:\/\/la-bella-vita.club\/wp-content\/uploads\/2025\/10\/Fotos-Italien-5-1024x1024.jpg 1024w, https:\/\/la-bella-vita.club\/wp-content\/uploads\/2025\/10\/Fotos-Italien-5-300x300.jpg 300w, https:\/\/la-bella-vita.club\/wp-content\/uploads\/2025\/10\/Fotos-Italien-5-150x150.jpg?crop=1 150w, https:\/\/la-bella-vita.club\/wp-content\/uploads\/2025\/10\/Fotos-Italien-5-768x768.jpg 768w, https:\/\/la-bella-vita.club\/wp-content\/uploads\/2025\/10\/Fotos-Italien-5-12x12.jpg 12w, https:\/\/la-bella-vita.club\/wp-content\/uploads\/2025\/10\/Fotos-Italien-5.jpg 1375w\" sizes=\"(max-width: 1024px) 100vw, 1024px\" \/><figcaption class=\"wp-block-jetpack-slideshow_caption gallery-caption\">Una meravigliosa magia sulla citt\u00e0 in ottobre<\/figcaption><\/figure><\/li><li class=\"wp-block-jetpack-slideshow_slide swiper-slide\"><figure><img decoding=\"async\" width=\"1024\" height=\"1024\" alt=\"\" class=\"wp-block-jetpack-slideshow_image wp-image-48254\" data-id=\"48254\" data-aspect-ratio=\"1024 \/ 1024\" src=\"https:\/\/la-bella-vita.club\/wp-content\/uploads\/2025\/10\/Fotos-Italien-3-1024x1024.jpg\" srcset=\"https:\/\/la-bella-vita.club\/wp-content\/uploads\/2025\/10\/Fotos-Italien-3-1024x1024.jpg 1024w, https:\/\/la-bella-vita.club\/wp-content\/uploads\/2025\/10\/Fotos-Italien-3-300x300.jpg 300w, https:\/\/la-bella-vita.club\/wp-content\/uploads\/2025\/10\/Fotos-Italien-3-150x150.jpg?crop=1 150w, https:\/\/la-bella-vita.club\/wp-content\/uploads\/2025\/10\/Fotos-Italien-3-768x768.jpg 768w, https:\/\/la-bella-vita.club\/wp-content\/uploads\/2025\/10\/Fotos-Italien-3-12x12.jpg 12w, https:\/\/la-bella-vita.club\/wp-content\/uploads\/2025\/10\/Fotos-Italien-3.jpg 1375w\" sizes=\"(max-width: 1024px) 100vw, 1024px\" \/><figcaption class=\"wp-block-jetpack-slideshow_caption gallery-caption\">L'acqua \u00e8 pi\u00f9 turbolenta rispetto all'estate<\/figcaption><\/figure><\/li><li class=\"wp-block-jetpack-slideshow_slide swiper-slide\"><figure><img decoding=\"async\" width=\"1024\" height=\"1024\" alt=\"\" class=\"wp-block-jetpack-slideshow_image wp-image-48255\" data-id=\"48255\" data-aspect-ratio=\"1024 \/ 1024\" src=\"https:\/\/la-bella-vita.club\/wp-content\/uploads\/2025\/10\/Fotos-Italien-2-1024x1024.jpg\" srcset=\"https:\/\/la-bella-vita.club\/wp-content\/uploads\/2025\/10\/Fotos-Italien-2-1024x1024.jpg 1024w, https:\/\/la-bella-vita.club\/wp-content\/uploads\/2025\/10\/Fotos-Italien-2-300x300.jpg 300w, https:\/\/la-bella-vita.club\/wp-content\/uploads\/2025\/10\/Fotos-Italien-2-150x150.jpg?crop=1 150w, https:\/\/la-bella-vita.club\/wp-content\/uploads\/2025\/10\/Fotos-Italien-2-768x768.jpg 768w, https:\/\/la-bella-vita.club\/wp-content\/uploads\/2025\/10\/Fotos-Italien-2-12x12.jpg 12w, https:\/\/la-bella-vita.club\/wp-content\/uploads\/2025\/10\/Fotos-Italien-2.jpg 1375w\" sizes=\"(max-width: 1024px) 100vw, 1024px\" \/><figcaption class=\"wp-block-jetpack-slideshow_caption gallery-caption\">La citt\u00e0 \u00e8 magica, soprattutto al mattino.<\/figcaption><\/figure><\/li><li class=\"wp-block-jetpack-slideshow_slide swiper-slide\"><figure><img decoding=\"async\" width=\"1024\" height=\"1024\" alt=\"\" class=\"wp-block-jetpack-slideshow_image wp-image-48256\" data-id=\"48256\" data-aspect-ratio=\"1024 \/ 1024\" src=\"https:\/\/la-bella-vita.club\/wp-content\/uploads\/2025\/10\/Fotos-Italien-1-1024x1024.jpg\" srcset=\"https:\/\/la-bella-vita.club\/wp-content\/uploads\/2025\/10\/Fotos-Italien-1-1024x1024.jpg 1024w, https:\/\/la-bella-vita.club\/wp-content\/uploads\/2025\/10\/Fotos-Italien-1-300x300.jpg 300w, https:\/\/la-bella-vita.club\/wp-content\/uploads\/2025\/10\/Fotos-Italien-1-150x150.jpg?crop=1 150w, https:\/\/la-bella-vita.club\/wp-content\/uploads\/2025\/10\/Fotos-Italien-1-768x768.jpg 768w, https:\/\/la-bella-vita.club\/wp-content\/uploads\/2025\/10\/Fotos-Italien-1-12x12.jpg 12w, https:\/\/la-bella-vita.club\/wp-content\/uploads\/2025\/10\/Fotos-Italien-1.jpg 1375w\" sizes=\"(max-width: 1024px) 100vw, 1024px\" \/><figcaption class=\"wp-block-jetpack-slideshow_caption gallery-caption\">Le folle di turisti sono sparite<\/figcaption><\/figure><\/li><li class=\"wp-block-jetpack-slideshow_slide swiper-slide\"><figure><img decoding=\"async\" width=\"1024\" height=\"1024\" alt=\"\" class=\"wp-block-jetpack-slideshow_image wp-image-48257\" data-id=\"48257\" data-aspect-ratio=\"1024 \/ 1024\" src=\"https:\/\/la-bella-vita.club\/wp-content\/uploads\/2025\/10\/Fotos-Italien-1024x1024.jpg\" srcset=\"https:\/\/la-bella-vita.club\/wp-content\/uploads\/2025\/10\/Fotos-Italien-1024x1024.jpg 1024w, https:\/\/la-bella-vita.club\/wp-content\/uploads\/2025\/10\/Fotos-Italien-300x300.jpg 300w, https:\/\/la-bella-vita.club\/wp-content\/uploads\/2025\/10\/Fotos-Italien-150x150.jpg?crop=1 150w, https:\/\/la-bella-vita.club\/wp-content\/uploads\/2025\/10\/Fotos-Italien-768x768.jpg 768w, https:\/\/la-bella-vita.club\/wp-content\/uploads\/2025\/10\/Fotos-Italien-12x12.jpg 12w, https:\/\/la-bella-vita.club\/wp-content\/uploads\/2025\/10\/Fotos-Italien.jpg 1375w\" sizes=\"(max-width: 1024px) 100vw, 1024px\" \/><figcaption class=\"wp-block-jetpack-slideshow_caption gallery-caption\">Pura magia autunnale a Venezia<\/figcaption><\/figure><\/li><\/ul><a class=\"wp-block-jetpack-slideshow_button-prev swiper-button-prev swiper-button-white\" role=\"button\"><\/a><a class=\"wp-block-jetpack-slideshow_button-next swiper-button-next swiper-button-white\" role=\"button\"><\/a><a aria-label=\"Metti in pausa la presentazione\" class=\"wp-block-jetpack-slideshow_button-pause\" role=\"button\"><\/a><div class=\"wp-block-jetpack-slideshow_pagination swiper-pagination swiper-pagination-white\"><\/div><\/div><\/div>\n\n\n\n<div style=\"height:18px\" aria-hidden=\"true\" class=\"wp-block-spacer\"><\/div>\n\n\n\n<h3 class=\"wp-block-heading\" id=\"h-ein-venedig-ohne-kulisse\">Una Venezia senza sfondo<\/h3>\n\n\n\n<p class=\"wp-block-paragraph\">Quando il flusso di turisti si esaurisce, la citt\u00e0 lagunare rivela il suo vero carattere. Nei bar intorno a Campo Santa Margherita, la gente del posto si affolla al bancone, bevendo il suo espresso e parlando del tempo, dell'acqua e della vita. I posti a sedere sono di nuovo liberi sulle linee dei vaporetti e il mercato del pesce profuma di mare e sale.<br>Queste settimane appartengono ai veneziani e a coloro che viaggiano al di fuori della stagione principale.<\/p>\n\n\n\n<p class=\"wp-block-paragraph\"><a href=\"https:\/\/la-bella-vita.club\/venedig-tauben-fuettern-bis-zu-500-euro\/\">Nutrire i piccioni e non solo: ecco quanto diventa costosa Venezia<\/a><\/p>\n\n\n\n<div style=\"height:24px\" aria-hidden=\"true\" class=\"wp-block-spacer\"><\/div>\n\n\n\n<h5 class=\"wp-block-heading\" id=\"h-unterwegs-in-venedig-im-herbst\">In giro per Venezia in autunno <\/h5>\n\n\n\n <div class=\"brlbs-cmpnt-container brlbs-cmpnt-content-blocker brlbs-cmpnt-with-individual-styles\" data-borlabs-cookie-content-blocker-id=\"youtube-content-blocker\" data-borlabs-cookie-content=\"PGlmcmFtZSB3aWR0aD0iNTYwIiBoZWlnaHQ9IjMxNSIgc3JjPSJodHRwczovL3d3dy55b3V0dWJlLW5vY29va2llLmNvbS9lbWJlZC8ySWV6R2dUMDFhWT9zaT1XSTA3SHVBdjdqUDNPTk9wIiB0aXRsZT0iWW91VHViZSB2aWRlbyBwbGF5ZXIiIGZyYW1lYm9yZGVyPSIwIiBhbGxvdz0iYWNjZWxlcm9tZXRlcjsgYXV0b3BsYXk7IGNsaXBib2FyZC13cml0ZTsgZW5jcnlwdGVkLW1lZGlhOyBneXJvc2NvcGU7IHBpY3R1cmUtaW4tcGljdHVyZTsgd2ViLXNoYXJlIiByZWZlcnJlcnBvbGljeT0ic3RyaWN0LW9yaWdpbi13aGVuLWNyb3NzLW9yaWdpbiIgYWxsb3dmdWxsc2NyZWVuPjwvaWZyYW1lPg==\"><div class=\"brlbs-cmpnt-cb-preset-c brlbs-cmpnt-cb-youtube\"> <div class=\"brlbs-cmpnt-cb-thumbnail\" style=\"background-image: url('https:\/\/la-bella-vita.club\/wp-content\/uploads\/borlabs-cookie\/1\/yt_2IezGgT01aY_hqdefault.jpg')\"><\/div> <div class=\"brlbs-cmpnt-cb-main\"> <div class=\"brlbs-cmpnt-cb-play-button\"><\/div> <div class=\"brlbs-cmpnt-cb-content\"> <p class=\"brlbs-cmpnt-cb-description\">Stai visualizzando un contenuto segnato da <strong>YouTube<\/strong>. Per accedere al contenuto effettivo, clicca sul pulsante sottostante. Si prega di notare che in questo modo si condividono i dati con provider di terze parti.<\/p> <a class=\"brlbs-cmpnt-cb-provider-toggle\" href=\"#\" data-borlabs-cookie-show-provider-information role=\"button\">Ulteriori informazioni<\/a> <\/div> <div class=\"brlbs-cmpnt-cb-buttons\"> <a class=\"brlbs-cmpnt-cb-btn\" href=\"#\" data-borlabs-cookie-unblock role=\"button\">Sblocca il contenuto<\/a> <a class=\"brlbs-cmpnt-cb-btn\" href=\"#\" data-borlabs-cookie-accept-service role=\"button\" style=\"display: inherit\">Accetta il servizio richiesto e sblocca i contenuti<\/a> <\/div> <\/div> <\/div><\/div>\n\n\n\n<div style=\"height:24px\" aria-hidden=\"true\" class=\"wp-block-spacer\"><\/div>\n\n\n\n<h3 class=\"wp-block-heading\" id=\"h-wenn-nebel-und-wasser-verschmelzen\">Quando la nebbia e l'acqua si fondono<\/h3>\n\n\n\n<p class=\"wp-block-paragraph\">Nelle giornate senza vento, il confine tra il cielo e la laguna sembra scomparire. La nebbia ricopre la citt\u00e0 come un velo di seta, attutendo ogni suono e trasformando la luce in sfumature argentee. Se fai una passeggiata di prima mattina a Dorsoduro, vedrai le gondole emergere dalla nebbia come se venissero da un altro tempo. \u00c8 questa bellezza effimera che rende l'inverno a Venezia cos\u00ec inconfondibile.<\/p>\n\n\n\n<p class=\"wp-block-paragraph\"><a href=\"https:\/\/la-bella-vita.club\/italys-stadte\/\">Top 10: Le citt\u00e0 pi\u00f9 grandi d'Italia<\/a><\/p>\n\n\n\n<h3 class=\"wp-block-heading\" id=\"h-kulinarischer-trost\">Consolazione culinaria<\/h3>\n\n\n\n<p class=\"wp-block-paragraph\">La cucina si adatta al ritmo della stagione: risotto al nero, polenta cremosa con stoccafisso, torta di castagne e un bicchiere di vino rosso della Valpolicella. Le pentole sono fumanti nelle vecchie osterie e anche il piatto pi\u00f9 semplice sembra una dichiarazione d'amore per la vita. La nebbia fuori rende la luce all'interno ancora pi\u00f9 calda e ogni pasto \u00e8 una piccola celebrazione.<\/p>\n\n\n\n<p class=\"wp-block-paragraph\"><a href=\"https:\/\/la-bella-vita.club\/italien-entdecken-regionen-landschaften-staedte-toskana-rom-und-mehr\/\">Ecco l'Italia nella sua interezza<\/a><\/p>\n\n\n\n<h3 class=\"wp-block-heading\" id=\"h-wenn-das-wasser-kommt\">Quando l'acqua arriva<\/h3>\n\n\n\n<p class=\"wp-block-paragraph\">L'acqua pu\u00f2 salire a Venezia alla fine dell'anno. Novembre \u00e8 solitamente il mese pi\u00f9 piovoso. La famosa acqua alta fa parte dell'inverno a Venezia tanto quanto la nebbia stessa. Chi \u00e8 preparato pu\u00f2 affrontarla con tranquillit\u00e0: Un paio di scarpe da ginnastica, un senso dell'umorismo asciutto, le passerelle sono comunque ovunque per i pedoni e l'acqua alta diventa parte della vita quotidiana. Quando la marea si ritira, la citt\u00e0 brilla nella chiara luce pomeridiana come se qualcuno l'avesse lucidata di fresco.<\/p>\n\n\n\n<p class=\"wp-block-paragraph\"><a href=\"https:\/\/la-bella-vita.club\/venezia-tourismus\/\">Bella Venezia: La maledizione della bellezza<\/a><\/p>\n\n\n\n<h3 class=\"wp-block-heading\" id=\"h-ein-venedig-fur-eingeweihte\">Una Venezia per addetti ai lavori<\/h3>\n\n\n\n<p class=\"wp-block-paragraph\">Venezia nella nebbia non \u00e8 un luogo per chi ha fretta. \u00c8 una citt\u00e0 per chi riconosce la bellezza senza il sole. Chi vive la citt\u00e0 lagunare in questo periodo dell'anno non vede la Venezia dell'alta stagione, ma quella vera: vulnerabile, poetica e un ricordo indelebile.<\/p>\n\n\n\n<div style=\"height:4px\" aria-hidden=\"true\" class=\"wp-block-spacer\"><\/div>\n\n\n\n<h3 class=\"wp-block-heading\" id=\"h-mehr-infos-zu-venedig-hier\">Maggiori informazioni su Venezia qui: <\/h3>\n\n\n\n<ul class=\"wp-block-list\">\n<li><a href=\"https:\/\/cda.veneziaunica.it\/de\" target=\"_blank\" rel=\"noreferrer noopener\">La pagina ufficiale del \"biglietto\" di Venezia<\/a><\/li>\n\n\n\n<li><a href=\"http:\/\/veneziaunica.it\/de\/content\/uffici-di-informazione-ed-accoglienza-turistica-iat\" target=\"_blank\" rel=\"noreferrer noopener\">Il sito ufficiale del turismo della citt\u00e0 di Venezia<\/a><\/li>\n<\/ul>\n\n\n\n<div style=\"height:17px\" aria-hidden=\"true\" class=\"wp-block-spacer\"><\/div>\n\n\n\t<div\n\t\tclass=\"wp-block-newspack-blocks-homepage-articles  wpnbha show-image image-alignleft ts-4 is-3 is-uncropped show-category  has-text-align-left\"\n\t\tstyle=\"\"\n\t\t>\n\t\t\t\t\t<style id=\"newspack-blocks-inline-css\" type=\"text\/css\">\t\t.wp-block-newspack-blocks-homepage-articles article .entry-title {\n\t\t\tfont-size: 1.2em;\n\t\t}\n\t\t.wp-block-newspack-blocks-homepage-articles .entry-meta {\n\t\t\tdisplay: flex;\n\t\t\tflex-wrap: wrap;\n\t\t\talign-items: center;\n\t\t\tmargin-top: 0.5em;\n\t\t}\n\t\t.wp-block-newspack-blocks-homepage-articles article .entry-meta {\n\t\t\tfont-size: 0.8em;\n\t\t}\n\t\t.wp-block-newspack-blocks-homepage-articles article .avatar {\n\t\t\theight: 25px;\n\t\t\twidth: 25px;\n\t\t}\n\t\t.wp-block-newspack-blocks-homepage-articles .post-thumbnail{\n\t\t\tmargin: 0;\n\t\t\tmargin-bottom: 0.25em;\n\t\t}\n\t\t.wp-block-newspack-blocks-homepage-articles .post-thumbnail img {\n\t\t\theight: auto;\n\t\t\twidth: 100%;\n\t\t}\n\t\t.wp-block-newspack-blocks-homepage-articles .post-thumbnail figcaption {\n\t\t\tmargin-bottom: 0.5em;\n\t\t}\n\t\t.wp-block-newspack-blocks-homepage-articles p {\n\t\t\tmargin: 0.5em 0;\n\t\t}\n\n\t\t\t<\/style>\n\t\t\t\t<div data-posts data-current-post-id=\"48236\">\n\t\t\t\t\t\t\n\t<article data-post-id=\"51192\"\n\t\tclass=\"tag-reisetipps-fuer-italien-insider-tipps-und-mehr category-reisetipps-fuer-italien-die-besten-sehenswuerdigkeiten-insider-empfehlungen type-post post-has-image\"\n\t\t\t\t>\n\t\t\t\t\t\t\t<figure class=\"post-thumbnail\">\n\t\t\t\t\t\t\t\t<a href=\"https:\/\/la-bella-vita.club\/it\/10-dinge-fuer-den-italienurlaub-an-die-kaum-jemand-denkt\/\" rel=\"bookmark\" tabindex=\"-1\" aria-hidden=\"true\">\n\t\t\t\t\t\t\t\t\t\t\t\t<img decoding=\"async\" width=\"1200\" height=\"675\" src=\"https:\/\/la-bella-vita.club\/wp-content\/uploads\/2026\/04\/pexels-photo-996272-1200x675.jpeg\" class=\"attachment-newspack-article-block-uncropped size-newspack-article-block-uncropped wp-post-image\" alt=\"10 cose per una vacanza in Italia a cui quasi nessuno pensa\" data-hero-candidate=\"1\" srcset=\"https:\/\/la-bella-vita.club\/wp-content\/uploads\/2026\/04\/pexels-photo-996272-1200x675.jpeg 1200w, https:\/\/la-bella-vita.club\/wp-content\/uploads\/2026\/04\/pexels-photo-996272-300x169.jpeg 300w, https:\/\/la-bella-vita.club\/wp-content\/uploads\/2026\/04\/pexels-photo-996272-1024x576.jpeg 1024w, https:\/\/la-bella-vita.club\/wp-content\/uploads\/2026\/04\/pexels-photo-996272-768x432.jpeg 768w, https:\/\/la-bella-vita.club\/wp-content\/uploads\/2026\/04\/pexels-photo-996272-1536x864.jpeg 1536w, https:\/\/la-bella-vita.club\/wp-content\/uploads\/2026\/04\/pexels-photo-996272-18x10.jpeg 18w, https:\/\/la-bella-vita.club\/wp-content\/uploads\/2026\/04\/pexels-photo-996272.jpeg 1880w\" sizes=\"(max-width: 1200px) 100vw, 1200px\" data-attachment-id=\"51214\" data-permalink=\"https:\/\/la-bella-vita.club\/it\/10-dinge-fuer-den-italienurlaub-an-die-kaum-jemand-denkt\/pexels-photo-996272\/#main\" data-orig-file=\"https:\/\/la-bella-vita.club\/wp-content\/uploads\/2026\/04\/pexels-photo-996272.jpeg\" data-orig-size=\"1880,1058\" data-comments-opened=\"1\" data-image-meta=\"{&quot;aperture&quot;:&quot;0&quot;,&quot;credit&quot;:&quot;&quot;,&quot;camera&quot;:&quot;&quot;,&quot;caption&quot;:&quot;Photo by Kai Pilger on &lt;a href=\\&quot;https:\/\/www.pexels.com\/photo\/aerial-photography-of-building-996272\/\\&quot; rel=\\&quot;nofollow\\&quot;&gt;Pexels.com&lt;\/a&gt;&quot;,&quot;created_timestamp&quot;:&quot;0&quot;,&quot;copyright&quot;:&quot;&quot;,&quot;focal_length&quot;:&quot;0&quot;,&quot;iso&quot;:&quot;0&quot;,&quot;shutter_speed&quot;:&quot;0&quot;,&quot;title&quot;:&quot;aerial photography of building&quot;,&quot;orientation&quot;:&quot;0&quot;}\" data-image-title=\"pexels-photo-996272\" data-image-description=\"\" data-image-caption=\"&lt;p&gt;Photo by Kai Pilger on &lt;a href=&quot;https:\/\/www.pexels.com\/photo\/aerial-photography-of-building-996272\/&quot; rel=&quot;nofollow&quot;&gt;Pexels.com&lt;\/a&gt;&lt;\/p&gt;\" data-large-file=\"https:\/\/la-bella-vita.club\/wp-content\/uploads\/2026\/04\/pexels-photo-996272-1024x576.jpeg\" \/>\t\t\t\t\t\t\t\t\t\t\t\t<\/a>\n\t\t\t\t\n\t\t\t\t\t\t\t<\/figure><!-- .featured-image -->\n\t\t\n\t\t<div class=\"entry-wrapper\">\n\t\t\t\n\t\t\t\t<div class=\"cat-links\">\n\t\t\t\t\t<a href=\"https:\/\/la-bella-vita.club\/it\/category\/reisetipps-fuer-italien-die-besten-sehenswuerdigkeiten-insider-empfehlungen\/\">Consigli di viaggio per l'Italia<\/a>\t\t\t\t<\/div>\n\t\t\t\t<h2 class=\"entry-title\"><a href=\"https:\/\/la-bella-vita.club\/it\/10-dinge-fuer-den-italienurlaub-an-die-kaum-jemand-denkt\/\" rel=\"bookmark\">10 cose per una vacanza in Italia a cui quasi nessuno pensa<\/a><\/h2>\t\t\t\t\t\t\t\t\t\t<a class=\"more-link\" href=\"https:\/\/la-bella-vita.club\/it\/10-dinge-fuer-den-italienurlaub-an-die-kaum-jemand-denkt\/\" rel=\"bookmark\">\n\t\t\t\t\tdi pi\u00f9\t\t\t\t<\/a>\n\t\t\t\t\t\t\t\t<div class=\"entry-meta\">\n\t\t\t\t\t<time class=\"entry-date published\" datetime=\"2026-04-19T18:20:05+02:00\">19 Aprile 2026<\/time><time class=\"updated\" datetime=\"2026-04-19T18:57:17+02:00\">19 Aprile 2026<\/time>\t\t\t\t<\/div><!-- .entry-meta -->\n\t\t\t\t\t<\/div><!-- .entry-wrapper -->\n\t<\/article>\n\n\t\t\n\t<article data-post-id=\"51106\"\n\t\tclass=\"tag-reisetipps-fuer-italien-insider-tipps-und-mehr category-reisetipps-fuer-italien-die-besten-sehenswuerdigkeiten-insider-empfehlungen type-post post-has-image\"\n\t\t\t\t>\n\t\t\t\t\t\t\t<figure class=\"post-thumbnail\">\n\t\t\t\t\t\t\t\t<a href=\"https:\/\/la-bella-vita.club\/it\/ciao-fehler-7-dinge-die-viele-touristen-in-italien-falsch-machen\/\" rel=\"bookmark\" tabindex=\"-1\" aria-hidden=\"true\">\n\t\t\t\t\t\t\t\t\t\t\t\t<img decoding=\"async\" width=\"1200\" height=\"675\" src=\"https:\/\/la-bella-vita.club\/wp-content\/uploads\/2026\/03\/Design-ohne-Titel-2026-03-14T000341.081.jpg\" class=\"attachment-newspack-article-block-uncropped size-newspack-article-block-uncropped wp-post-image\" alt=\"Cosa sbagliano molti turisti in Italia: Consigli per le vacanze!\" data-hero-candidate=\"1\" srcset=\"https:\/\/la-bella-vita.club\/wp-content\/uploads\/2026\/03\/Design-ohne-Titel-2026-03-14T000341.081.jpg 1200w, https:\/\/la-bella-vita.club\/wp-content\/uploads\/2026\/03\/Design-ohne-Titel-2026-03-14T000341.081-300x169.jpg 300w, https:\/\/la-bella-vita.club\/wp-content\/uploads\/2026\/03\/Design-ohne-Titel-2026-03-14T000341.081-1024x576.jpg 1024w, https:\/\/la-bella-vita.club\/wp-content\/uploads\/2026\/03\/Design-ohne-Titel-2026-03-14T000341.081-768x432.jpg 768w, https:\/\/la-bella-vita.club\/wp-content\/uploads\/2026\/03\/Design-ohne-Titel-2026-03-14T000341.081-18x10.jpg 18w\" sizes=\"(max-width: 1200px) 100vw, 1200px\" data-attachment-id=\"50231\" data-permalink=\"https:\/\/la-bella-vita.club\/it\/der-schoenste-blick-von-florenz-warum-sich-20-minuten-fussmarsch-lohnen\/design-ohne-titel-2026-03-14t000341-081\/#main\" data-orig-file=\"https:\/\/la-bella-vita.club\/wp-content\/uploads\/2026\/03\/Design-ohne-Titel-2026-03-14T000341.081.jpg\" data-orig-size=\"1200,675\" data-comments-opened=\"1\" data-image-meta=\"{&quot;aperture&quot;:&quot;0&quot;,&quot;credit&quot;:&quot;&quot;,&quot;camera&quot;:&quot;&quot;,&quot;caption&quot;:&quot;&quot;,&quot;created_timestamp&quot;:&quot;0&quot;,&quot;copyright&quot;:&quot;&quot;,&quot;focal_length&quot;:&quot;0&quot;,&quot;iso&quot;:&quot;0&quot;,&quot;shutter_speed&quot;:&quot;0&quot;,&quot;title&quot;:&quot;&quot;,&quot;orientation&quot;:&quot;1&quot;}\" data-image-title=\"Florenz, Toskana\" data-image-description=\"&lt;p&gt;PIazzale Michelangelo in Florenz in der Toskana in Italien&lt;\/p&gt;\" data-image-caption=\"&lt;p&gt;PIazzale Michelangelo in Florenz in der Toskana in Italien&lt;\/p&gt;\" data-large-file=\"https:\/\/la-bella-vita.club\/wp-content\/uploads\/2026\/03\/Design-ohne-Titel-2026-03-14T000341.081-1024x576.jpg\" \/>\t\t\t\t\t\t\t\t\t\t\t\t<\/a>\n\t\t\t\t\n\t\t\t\t\t\t\t<\/figure><!-- .featured-image -->\n\t\t\n\t\t<div class=\"entry-wrapper\">\n\t\t\t\n\t\t\t\t<div class=\"cat-links\">\n\t\t\t\t\t<a href=\"https:\/\/la-bella-vita.club\/it\/category\/reisetipps-fuer-italien-die-besten-sehenswuerdigkeiten-insider-empfehlungen\/\">Consigli di viaggio per l'Italia<\/a>\t\t\t\t<\/div>\n\t\t\t\t<h2 class=\"entry-title\"><a href=\"https:\/\/la-bella-vita.club\/it\/ciao-fehler-7-dinge-die-viele-touristen-in-italien-falsch-machen\/\" rel=\"bookmark\">Cosa sbagliano molti turisti in Italia: Consigli per le vacanze!<\/a><\/h2>\t\t\t\t\t\t\t\t\t\t<a class=\"more-link\" href=\"https:\/\/la-bella-vita.club\/it\/ciao-fehler-7-dinge-die-viele-touristen-in-italien-falsch-machen\/\" rel=\"bookmark\">\n\t\t\t\t\tdi pi\u00f9\t\t\t\t<\/a>\n\t\t\t\t\t\t\t\t<div class=\"entry-meta\">\n\t\t\t\t\t<time class=\"entry-date published\" datetime=\"2026-04-15T11:25:02+02:00\">15 Aprile 2026<\/time><time class=\"updated\" datetime=\"2026-04-19T10:06:10+02:00\">19 Aprile 2026<\/time>\t\t\t\t<\/div><!-- .entry-meta -->\n\t\t\t\t\t<\/div><!-- .entry-wrapper -->\n\t<\/article>\n\n\t\t\n\t<article data-post-id=\"51067\"\n\t\tclass=\"tag-toskana category-die-schoensten-staedte-und-doerfer-in-italien-rundreise-durch-il-bel-paese type-post post-has-image\"\n\t\t\t\t>\n\t\t\t\t\t\t\t<figure class=\"post-thumbnail\">\n\t\t\t\t\t\t\t\t<a href=\"https:\/\/la-bella-vita.club\/it\/die-toskana-ohne-reisefuehrer-10-doerfer-abseits-der-routen\/\" rel=\"bookmark\" tabindex=\"-1\" aria-hidden=\"true\">\n\t\t\t\t\t\t\t\t\t\t\t\t<img decoding=\"async\" width=\"1200\" height=\"675\" src=\"https:\/\/la-bella-vita.club\/wp-content\/uploads\/2026\/04\/pexels-photo-20821732-edited-1200x675.jpeg\" class=\"attachment-newspack-article-block-uncropped size-newspack-article-block-uncropped wp-post-image\" alt=\"La Toscana senza guida: 10 borghi fuori dai sentieri battuti\" data-hero-candidate=\"1\" srcset=\"https:\/\/la-bella-vita.club\/wp-content\/uploads\/2026\/04\/pexels-photo-20821732-edited-1200x675.jpeg 1200w, https:\/\/la-bella-vita.club\/wp-content\/uploads\/2026\/04\/pexels-photo-20821732-edited-300x169.jpeg 300w, https:\/\/la-bella-vita.club\/wp-content\/uploads\/2026\/04\/pexels-photo-20821732-edited-1024x576.jpeg 1024w, https:\/\/la-bella-vita.club\/wp-content\/uploads\/2026\/04\/pexels-photo-20821732-edited-768x432.jpeg 768w, https:\/\/la-bella-vita.club\/wp-content\/uploads\/2026\/04\/pexels-photo-20821732-edited-1536x864.jpeg 1536w, https:\/\/la-bella-vita.club\/wp-content\/uploads\/2026\/04\/pexels-photo-20821732-edited-18x10.jpeg 18w, https:\/\/la-bella-vita.club\/wp-content\/uploads\/2026\/04\/pexels-photo-20821732-edited.jpeg 1880w\" sizes=\"(max-width: 1200px) 100vw, 1200px\" data-attachment-id=\"51079\" data-permalink=\"https:\/\/la-bella-vita.club\/it\/pexels-photo-20821732-2\/\" data-orig-file=\"https:\/\/la-bella-vita.club\/wp-content\/uploads\/2026\/04\/pexels-photo-20821732-edited.jpeg\" data-orig-size=\"1880,1058\" data-comments-opened=\"1\" data-image-meta=\"{&quot;aperture&quot;:&quot;0&quot;,&quot;credit&quot;:&quot;&quot;,&quot;camera&quot;:&quot;&quot;,&quot;caption&quot;:&quot;Photo by Paul Scheelen on &lt;a href=\\&quot;https:\/\/www.pexels.com\/photo\/landscape-of-countryside-20821732\/\\&quot; rel=\\&quot;nofollow\\&quot;&gt;Pexels.com&lt;\/a&gt;&quot;,&quot;created_timestamp&quot;:&quot;0&quot;,&quot;copyright&quot;:&quot;&quot;,&quot;focal_length&quot;:&quot;0&quot;,&quot;iso&quot;:&quot;0&quot;,&quot;shutter_speed&quot;:&quot;0&quot;,&quot;title&quot;:&quot;landscape of countryside&quot;,&quot;orientation&quot;:&quot;0&quot;}\" data-image-title=\"pexels-photo-20821732\" data-image-description=\"\" data-image-caption=\"&lt;p&gt;Photo by Paul Scheelen on &lt;a href=&quot;https:\/\/www.pexels.com\/photo\/landscape-of-countryside-20821732\/&quot; rel=&quot;nofollow&quot;&gt;Pexels.com&lt;\/a&gt;&lt;\/p&gt;\" data-large-file=\"https:\/\/la-bella-vita.club\/wp-content\/uploads\/2026\/04\/pexels-photo-20821732-edited-1024x576.jpeg\" \/>\t\t\t\t\t\t\t\t\t\t\t\t<\/a>\n\t\t\t\t\n\t\t\t\t\t\t\t<\/figure><!-- .featured-image -->\n\t\t\n\t\t<div class=\"entry-wrapper\">\n\t\t\t\n\t\t\t\t<div class=\"cat-links\">\n\t\t\t\t\t<a href=\"https:\/\/la-bella-vita.club\/it\/category\/die-schoensten-staedte-und-doerfer-in-italien-rundreise-durch-il-bel-paese\/\">Citt\u00e0 e villaggi<\/a>\t\t\t\t<\/div>\n\t\t\t\t<h2 class=\"entry-title\"><a href=\"https:\/\/la-bella-vita.club\/it\/die-toskana-ohne-reisefuehrer-10-doerfer-abseits-der-routen\/\" rel=\"bookmark\">La Toscana senza guida: 10 borghi fuori dai sentieri battuti<\/a><\/h2>\t\t\t\t\t\t\t\t\t\t<a class=\"more-link\" href=\"https:\/\/la-bella-vita.club\/it\/die-toskana-ohne-reisefuehrer-10-doerfer-abseits-der-routen\/\" rel=\"bookmark\">\n\t\t\t\t\tdi pi\u00f9\t\t\t\t<\/a>\n\t\t\t\t\t\t\t\t<div class=\"entry-meta\">\n\t\t\t\t\t<time class=\"entry-date published\" datetime=\"2026-04-14T19:53:39+02:00\">14 Aprile 2026<\/time><time class=\"updated\" datetime=\"2026-04-14T20:39:37+02:00\">14 Aprile 2026<\/time>\t\t\t\t<\/div><!-- .entry-meta -->\n\t\t\t\t\t<\/div><!-- .entry-wrapper -->\n\t<\/article>\n\n\t\t\t\t<\/div>\n\t\t\n\t<\/div>\n\t<div class=\"shariff shariff-align-left shariff-widget-align-left\" data-services=\"facebook%7Cpinterest\" data-url=\"https:\/\/la-bella-vita.club\/it\/venedig-im-herbstnebel-die-leise-schoenheit-der-lagune\/\" data-timestamp=\"1759771982\" data-backendurl=\"https:\/\/la-bella-vita.club\/it\/wp-json\/shariff\/v1\/share_counts?\"><ul class=\"shariff-buttons theme-round orientation-horizontal buttonsize-small\"><li class=\"shariff-button whatsapp shariff-nocustomcolor\" style=\"background-color:#5cbe4a\"><a href=\"https:\/\/api.whatsapp.com\/send?text=https%3A%2F%2Fla-bella-vita.club%2Fit%2Fvenedig-im-herbstnebel-die-leise-schoenheit-der-lagune%2F%20Venedig%20im%20Herbstnebel%20%E2%80%93%20die%20leise%20Sch%C3%B6nheit%20der%20Lagune\" title=\"Condividi su Whatsapp\" aria-label=\"Condividi su Whatsapp\" role=\"button\" rel=\"noopener nofollow\" class=\"shariff-link\" style=\"; background-color:#34af23; color:#fff\" target=\"_blank\"><span class=\"shariff-icon\" style=\"\"><svg width=\"32px\" height=\"20px\" xmlns=\"http:\/\/www.w3.org\/2000\/svg\" viewbox=\"0 0 32 32\"><path fill=\"#34af23\" d=\"M17.6 17.4q0.2 0 1.7 0.8t1.6 0.9q0 0.1 0 0.3 0 0.6-0.3 1.4-0.3 0.7-1.3 1.2t-1.8 0.5q-1 0-3.4-1.1-1.7-0.8-3-2.1t-2.6-3.3q-1.3-1.9-1.3-3.5v-0.1q0.1-1.6 1.3-2.8 0.4-0.4 0.9-0.4 0.1 0 0.3 0t0.3 0q0.3 0 0.5 0.1t0.3 0.5q0.1 0.4 0.6 1.6t0.4 1.3q0 0.4-0.6 1t-0.6 0.8q0 0.1 0.1 0.3 0.6 1.3 1.8 2.4 1 0.9 2.7 1.8 0.2 0.1 0.4 0.1 0.3 0 1-0.9t0.9-0.9zM14 26.9q2.3 0 4.3-0.9t3.6-2.4 2.4-3.6 0.9-4.3-0.9-4.3-2.4-3.6-3.6-2.4-4.3-0.9-4.3 0.9-3.6 2.4-2.4 3.6-0.9 4.3q0 3.6 2.1 6.6l-1.4 4.2 4.3-1.4q2.8 1.9 6.2 1.9zM14 2.2q2.7 0 5.2 1.1t4.3 2.9 2.9 4.3 1.1 5.2-1.1 5.2-2.9 4.3-4.3 2.9-5.2 1.1q-3.5 0-6.5-1.7l-7.4 2.4 2.4-7.2q-1.9-3.2-1.9-6.9 0-2.7 1.1-5.2t2.9-4.3 4.3-2.9 5.2-1.1z\"\/><\/svg><\/span><\/a><\/li><li class=\"shariff-button mailto shariff-nocustomcolor\" style=\"background-color:#a8a8a8\"><a href=\"mailto:?body=https%3A%2F%2Fla-bella-vita.club%2Fit%2Fvenedig-im-herbstnebel-die-leise-schoenheit-der-lagune%2F&subject=Venedig%20im%20Herbstnebel%20%E2%80%93%20die%20leise%20Sch%C3%B6nheit%20der%20Lagune\" title=\"Invia per e-mail\" aria-label=\"Invia per e-mail\" role=\"button\" rel=\"noopener nofollow\" class=\"shariff-link\" style=\"; background-color:#999; color:#fff\"><span class=\"shariff-icon\" style=\"\"><svg width=\"32px\" height=\"20px\" xmlns=\"http:\/\/www.w3.org\/2000\/svg\" viewbox=\"0 0 32 32\"><path fill=\"#999\" d=\"M32 12.7v14.2q0 1.2-0.8 2t-2 0.9h-26.3q-1.2 0-2-0.9t-0.8-2v-14.2q0.8 0.9 1.8 1.6 6.5 4.4 8.9 6.1 1 0.8 1.6 1.2t1.7 0.9 2 0.4h0.1q0.9 0 2-0.4t1.7-0.9 1.6-1.2q3-2.2 8.9-6.1 1-0.7 1.8-1.6zM32 7.4q0 1.4-0.9 2.7t-2.2 2.2q-6.7 4.7-8.4 5.8-0.2 0.1-0.7 0.5t-1 0.7-0.9 0.6-1.1 0.5-0.9 0.2h-0.1q-0.4 0-0.9-0.2t-1.1-0.5-0.9-0.6-1-0.7-0.7-0.5q-1.6-1.1-4.7-3.2t-3.6-2.6q-1.1-0.7-2.1-2t-1-2.5q0-1.4 0.7-2.3t2.1-0.9h26.3q1.2 0 2 0.8t0.9 2z\"\/><\/svg><\/span><\/a><\/li><li class=\"shariff-button telegram shariff-nocustomcolor\" style=\"background-color:#4084A6\"><a href=\"https:\/\/telegram.me\/share\/url?url=https%3A%2F%2Fla-bella-vita.club%2Fit%2Fvenedig-im-herbstnebel-die-leise-schoenheit-der-lagune%2F&text=Venedig%20im%20Herbstnebel%20%E2%80%93%20die%20leise%20Sch%C3%B6nheit%20der%20Lagune\" title=\"Condividi su Telegram\" aria-label=\"Condividi su Telegram\" role=\"button\" rel=\"noopener nofollow\" class=\"shariff-link\" style=\"; background-color:#0088cc; color:#fff\" target=\"_blank\"><span class=\"shariff-icon\" style=\"\"><svg width=\"32px\" height=\"20px\" xmlns=\"http:\/\/www.w3.org\/2000\/svg\" viewbox=\"0 0 32 32\"><path fill=\"#0088cc\" d=\"M30.8 6.5l-4.5 21.4c-.3 1.5-1.2 1.9-2.5 1.2L16.9 24l-3.3 3.2c-.4.4-.7.7-1.4.7l.5-7L25.5 9.2c.6-.5-.1-.8-.9-.3l-15.8 10L2 16.7c-1.5-.5-1.5-1.5.3-2.2L28.9 4.3c1.3-.5 2.3.3 1.9 2.2z\"\/><\/svg><\/span><\/a><\/li><li class=\"shariff-button sms shariff-nocustomcolor shariff-mobile\" style=\"background-color:#d7d9d8\"><a href=\"sms:?&body=https%3A%2F%2Fla-bella-vita.club%2Fit%2Fvenedig-im-herbstnebel-die-leise-schoenheit-der-lagune%2F\" title=\"Condividi via SMS\" aria-label=\"Condividi via SMS\" role=\"button\" rel=\"noopener nofollow\" class=\"shariff-link\" style=\"; background-color:#a1e877; color:#fff\" target=\"_blank\"><span class=\"shariff-icon\" style=\"\"><svg xmlns=\"http:\/\/www.w3.org\/2000\/svg\" width=\"510\" height=\"510\" viewbox=\"0 0 510 510\"><path fill=\"#a1e877\" d=\"M459 0H51C23 0 0 23 0 51v459l102-102h357c28.1 0 51-22.9 51-51V51C510 23 487.1 0 459 0zM178.5 229.5h-51v-51h51V229.5zM280.5 229.5h-51v-51h51V229.5zM382.5 229.5h-51v-51h51V229.5z\"\/><\/svg><\/span><\/a><\/li><li class=\"shariff-button twitter shariff-nocustomcolor\" style=\"background-color:#595959\"><a href=\"https:\/\/twitter.com\/share?url=https%3A%2F%2Fla-bella-vita.club%2Fit%2Fvenedig-im-herbstnebel-die-leise-schoenheit-der-lagune%2F&text=Venedig%20im%20Herbstnebel%20%E2%80%93%20die%20leise%20Sch%C3%B6nheit%20der%20Lagune\" title=\"Condividi a X\" aria-label=\"Condividi a X\" role=\"button\" rel=\"noopener nofollow\" class=\"shariff-link\" style=\"; background-color:#000; color:#fff\" target=\"_blank\"><span class=\"shariff-icon\" style=\"\"><svg width=\"32px\" height=\"20px\" xmlns=\"http:\/\/www.w3.org\/2000\/svg\" viewbox=\"0 0 24 24\"><path fill=\"#000\" d=\"M14.258 10.152L23.176 0h-2.113l-7.747 8.813L7.133 0H0l9.352 13.328L0 23.973h2.113l8.176-9.309 6.531 9.309h7.133zm-2.895 3.293l-.949-1.328L2.875 1.56h3.246l6.086 8.523.945 1.328 7.91 11.078h-3.246zm0 0\"\/><\/svg><\/span><\/a><\/li><li class=\"shariff-button facebook shariff-nocustomcolor\" style=\"background-color:#4273c8\"><a href=\"https:\/\/www.facebook.com\/sharer\/sharer.php?u=https%3A%2F%2Fla-bella-vita.club%2Fit%2Fvenedig-im-herbstnebel-die-leise-schoenheit-der-lagune%2F\" title=\"Condividi su Facebook\" aria-label=\"Condividi su Facebook\" role=\"button\" rel=\"nofollow\" class=\"shariff-link\" style=\"; background-color:#3b5998; color:#fff\" target=\"_blank\"><span class=\"shariff-icon\" style=\"\"><svg width=\"32px\" height=\"20px\" xmlns=\"http:\/\/www.w3.org\/2000\/svg\" viewbox=\"0 0 18 32\"><path fill=\"#3b5998\" d=\"M17.1 0.2v4.7h-2.8q-1.5 0-2.1 0.6t-0.5 1.9v3.4h5.2l-0.7 5.3h-4.5v13.6h-5.5v-13.6h-4.5v-5.3h4.5v-3.9q0-3.3 1.9-5.2t5-1.8q2.6 0 4.1 0.2z\"\/><\/svg><\/span><\/a><\/li><li class=\"shariff-button pinterest shariff-nocustomcolor\" style=\"background-color:#e70f18\"><a href=\"https:\/\/www.pinterest.com\/pin\/create\/link\/?url=https%3A%2F%2Fla-bella-vita.club%2Fit%2Fvenedig-im-herbstnebel-die-leise-schoenheit-der-lagune%2F&media=https%3A%2F%2Fla-bella-vita.club%2Fwp-content%2Fuploads%2F2025%2F10%2FTitel-la-bella-vita.club_-2.jpg&description=Venedig%20im%20Herbstnebel%20%E2%80%93%20die%20leise%20Sch%C3%B6nheit%20der%20Lagune\" title=\"Pin su Pinterest\" aria-label=\"Pin su Pinterest\" role=\"button\" rel=\"noopener nofollow\" class=\"shariff-link\" style=\"; background-color:#cb2027; color:#fff\" target=\"_blank\"><span class=\"shariff-icon\" style=\"\"><svg width=\"32px\" height=\"20px\" xmlns=\"http:\/\/www.w3.org\/2000\/svg\" viewbox=\"0 0 27 32\"><path fill=\"#cb2027\" d=\"M27.4 16q0 3.7-1.8 6.9t-5 5-6.9 1.9q-2 0-3.9-0.6 1.1-1.7 1.4-2.9 0.2-0.6 1-3.8 0.4 0.7 1.3 1.2t2 0.5q2.1 0 3.8-1.2t2.7-3.4 0.9-4.8q0-2-1.1-3.8t-3.1-2.9-4.5-1.2q-1.9 0-3.5 0.5t-2.8 1.4-2 2-1.2 2.3-0.4 2.4q0 1.9 0.7 3.3t2.1 2q0.5 0.2 0.7-0.4 0-0.1 0.1-0.5t0.2-0.5q0.1-0.4-0.2-0.8-0.9-1.1-0.9-2.7 0-2.7 1.9-4.6t4.9-2q2.7 0 4.2 1.5t1.5 3.8q0 3-1.2 5.2t-3.1 2.1q-1.1 0-1.7-0.8t-0.4-1.9q0.1-0.6 0.5-1.7t0.5-1.8 0.2-1.4q0-0.9-0.5-1.5t-1.4-0.6q-1.1 0-1.9 1t-0.8 2.6q0 1.3 0.4 2.2l-1.8 7.5q-0.3 1.2-0.2 3.2-3.7-1.6-6-5t-2.3-7.6q0-3.7 1.9-6.9t5-5 6.9-1.9 6.9 1.9 5 5 1.8 6.9z\"\/><\/svg><\/span><\/a><\/li><\/ul><\/div>","protected":false},"excerpt":{"rendered":"<p>Quando la nebbia copre i canali, Venezia cambia.<\/p>\n<div class=\"shariff shariff-align-left shariff-widget-align-left\" data-services=\"facebook%7Cpinterest\" data-url=\"https:\/\/la-bella-vita.club\/it\/venedig-im-herbstnebel-die-leise-schoenheit-der-lagune\/\" data-timestamp=\"1759771982\" data-backendurl=\"https:\/\/la-bella-vita.club\/it\/wp-json\/shariff\/v1\/share_counts?\"><ul class=\"shariff-buttons theme-round orientation-horizontal buttonsize-small\"><li class=\"shariff-button whatsapp shariff-nocustomcolor\" style=\"background-color:#5cbe4a\"><a href=\"https:\/\/api.whatsapp.com\/send?text=https%3A%2F%2Fla-bella-vita.club%2Fit%2Fvenedig-im-herbstnebel-die-leise-schoenheit-der-lagune%2F%20Venedig%20im%20Herbstnebel%20%E2%80%93%20die%20leise%20Sch%C3%B6nheit%20der%20Lagune\" title=\"Condividi su Whatsapp\" aria-label=\"Condividi su Whatsapp\" role=\"button\" rel=\"noopener nofollow\" class=\"shariff-link\" style=\"; background-color:#34af23; color:#fff\" target=\"_blank\"><span class=\"shariff-icon\" style=\"\"><svg width=\"32px\" height=\"20px\" xmlns=\"http:\/\/www.w3.org\/2000\/svg\" viewbox=\"0 0 32 32\"><path fill=\"#34af23\" d=\"M17.6 17.4q0.2 0 1.7 0.8t1.6 0.9q0 0.1 0 0.3 0 0.6-0.3 1.4-0.3 0.7-1.3 1.2t-1.8 0.5q-1 0-3.4-1.1-1.7-0.8-3-2.1t-2.6-3.3q-1.3-1.9-1.3-3.5v-0.1q0.1-1.6 1.3-2.8 0.4-0.4 0.9-0.4 0.1 0 0.3 0t0.3 0q0.3 0 0.5 0.1t0.3 0.5q0.1 0.4 0.6 1.6t0.4 1.3q0 0.4-0.6 1t-0.6 0.8q0 0.1 0.1 0.3 0.6 1.3 1.8 2.4 1 0.9 2.7 1.8 0.2 0.1 0.4 0.1 0.3 0 1-0.9t0.9-0.9zM14 26.9q2.3 0 4.3-0.9t3.6-2.4 2.4-3.6 0.9-4.3-0.9-4.3-2.4-3.6-3.6-2.4-4.3-0.9-4.3 0.9-3.6 2.4-2.4 3.6-0.9 4.3q0 3.6 2.1 6.6l-1.4 4.2 4.3-1.4q2.8 1.9 6.2 1.9zM14 2.2q2.7 0 5.2 1.1t4.3 2.9 2.9 4.3 1.1 5.2-1.1 5.2-2.9 4.3-4.3 2.9-5.2 1.1q-3.5 0-6.5-1.7l-7.4 2.4 2.4-7.2q-1.9-3.2-1.9-6.9 0-2.7 1.1-5.2t2.9-4.3 4.3-2.9 5.2-1.1z\"\/><\/svg><\/span><\/a><\/li><li class=\"shariff-button mailto shariff-nocustomcolor\" style=\"background-color:#a8a8a8\"><a href=\"mailto:?body=https%3A%2F%2Fla-bella-vita.club%2Fit%2Fvenedig-im-herbstnebel-die-leise-schoenheit-der-lagune%2F&subject=Venedig%20im%20Herbstnebel%20%E2%80%93%20die%20leise%20Sch%C3%B6nheit%20der%20Lagune\" title=\"Invia per e-mail\" aria-label=\"Invia per e-mail\" role=\"button\" rel=\"noopener nofollow\" class=\"shariff-link\" style=\"; background-color:#999; color:#fff\"><span class=\"shariff-icon\" style=\"\"><svg width=\"32px\" height=\"20px\" xmlns=\"http:\/\/www.w3.org\/2000\/svg\" viewbox=\"0 0 32 32\"><path fill=\"#999\" d=\"M32 12.7v14.2q0 1.2-0.8 2t-2 0.9h-26.3q-1.2 0-2-0.9t-0.8-2v-14.2q0.8 0.9 1.8 1.6 6.5 4.4 8.9 6.1 1 0.8 1.6 1.2t1.7 0.9 2 0.4h0.1q0.9 0 2-0.4t1.7-0.9 1.6-1.2q3-2.2 8.9-6.1 1-0.7 1.8-1.6zM32 7.4q0 1.4-0.9 2.7t-2.2 2.2q-6.7 4.7-8.4 5.8-0.2 0.1-0.7 0.5t-1 0.7-0.9 0.6-1.1 0.5-0.9 0.2h-0.1q-0.4 0-0.9-0.2t-1.1-0.5-0.9-0.6-1-0.7-0.7-0.5q-1.6-1.1-4.7-3.2t-3.6-2.6q-1.1-0.7-2.1-2t-1-2.5q0-1.4 0.7-2.3t2.1-0.9h26.3q1.2 0 2 0.8t0.9 2z\"\/><\/svg><\/span><\/a><\/li><li class=\"shariff-button telegram shariff-nocustomcolor\" style=\"background-color:#4084A6\"><a href=\"https:\/\/telegram.me\/share\/url?url=https%3A%2F%2Fla-bella-vita.club%2Fit%2Fvenedig-im-herbstnebel-die-leise-schoenheit-der-lagune%2F&text=Venedig%20im%20Herbstnebel%20%E2%80%93%20die%20leise%20Sch%C3%B6nheit%20der%20Lagune\" title=\"Condividi su Telegram\" aria-label=\"Condividi su Telegram\" role=\"button\" rel=\"noopener nofollow\" class=\"shariff-link\" style=\"; background-color:#0088cc; color:#fff\" target=\"_blank\"><span class=\"shariff-icon\" style=\"\"><svg width=\"32px\" height=\"20px\" xmlns=\"http:\/\/www.w3.org\/2000\/svg\" viewbox=\"0 0 32 32\"><path fill=\"#0088cc\" d=\"M30.8 6.5l-4.5 21.4c-.3 1.5-1.2 1.9-2.5 1.2L16.9 24l-3.3 3.2c-.4.4-.7.7-1.4.7l.5-7L25.5 9.2c.6-.5-.1-.8-.9-.3l-15.8 10L2 16.7c-1.5-.5-1.5-1.5.3-2.2L28.9 4.3c1.3-.5 2.3.3 1.9 2.2z\"\/><\/svg><\/span><\/a><\/li><li class=\"shariff-button sms shariff-nocustomcolor shariff-mobile\" style=\"background-color:#d7d9d8\"><a href=\"sms:?&body=https%3A%2F%2Fla-bella-vita.club%2Fit%2Fvenedig-im-herbstnebel-die-leise-schoenheit-der-lagune%2F\" title=\"Condividi via SMS\" aria-label=\"Condividi via SMS\" role=\"button\" rel=\"noopener nofollow\" class=\"shariff-link\" style=\"; background-color:#a1e877; color:#fff\" target=\"_blank\"><span class=\"shariff-icon\" style=\"\"><svg xmlns=\"http:\/\/www.w3.org\/2000\/svg\" width=\"510\" height=\"510\" viewbox=\"0 0 510 510\"><path fill=\"#a1e877\" d=\"M459 0H51C23 0 0 23 0 51v459l102-102h357c28.1 0 51-22.9 51-51V51C510 23 487.1 0 459 0zM178.5 229.5h-51v-51h51V229.5zM280.5 229.5h-51v-51h51V229.5zM382.5 229.5h-51v-51h51V229.5z\"\/><\/svg><\/span><\/a><\/li><li class=\"shariff-button twitter shariff-nocustomcolor\" style=\"background-color:#595959\"><a href=\"https:\/\/twitter.com\/share?url=https%3A%2F%2Fla-bella-vita.club%2Fit%2Fvenedig-im-herbstnebel-die-leise-schoenheit-der-lagune%2F&text=Venedig%20im%20Herbstnebel%20%E2%80%93%20die%20leise%20Sch%C3%B6nheit%20der%20Lagune\" title=\"Condividi a X\" aria-label=\"Condividi a X\" role=\"button\" rel=\"noopener nofollow\" class=\"shariff-link\" style=\"; background-color:#000; color:#fff\" target=\"_blank\"><span class=\"shariff-icon\" style=\"\"><svg width=\"32px\" height=\"20px\" xmlns=\"http:\/\/www.w3.org\/2000\/svg\" viewbox=\"0 0 24 24\"><path fill=\"#000\" d=\"M14.258 10.152L23.176 0h-2.113l-7.747 8.813L7.133 0H0l9.352 13.328L0 23.973h2.113l8.176-9.309 6.531 9.309h7.133zm-2.895 3.293l-.949-1.328L2.875 1.56h3.246l6.086 8.523.945 1.328 7.91 11.078h-3.246zm0 0\"\/><\/svg><\/span><\/a><\/li><li class=\"shariff-button facebook shariff-nocustomcolor\" style=\"background-color:#4273c8\"><a href=\"https:\/\/www.facebook.com\/sharer\/sharer.php?u=https%3A%2F%2Fla-bella-vita.club%2Fit%2Fvenedig-im-herbstnebel-die-leise-schoenheit-der-lagune%2F\" title=\"Condividi su Facebook\" aria-label=\"Condividi su Facebook\" role=\"button\" rel=\"nofollow\" class=\"shariff-link\" style=\"; background-color:#3b5998; color:#fff\" target=\"_blank\"><span class=\"shariff-icon\" style=\"\"><svg width=\"32px\" height=\"20px\" xmlns=\"http:\/\/www.w3.org\/2000\/svg\" viewbox=\"0 0 18 32\"><path fill=\"#3b5998\" d=\"M17.1 0.2v4.7h-2.8q-1.5 0-2.1 0.6t-0.5 1.9v3.4h5.2l-0.7 5.3h-4.5v13.6h-5.5v-13.6h-4.5v-5.3h4.5v-3.9q0-3.3 1.9-5.2t5-1.8q2.6 0 4.1 0.2z\"\/><\/svg><\/span><\/a><\/li><li class=\"shariff-button pinterest shariff-nocustomcolor\" style=\"background-color:#e70f18\"><a href=\"https:\/\/www.pinterest.com\/pin\/create\/link\/?url=https%3A%2F%2Fla-bella-vita.club%2Fit%2Fvenedig-im-herbstnebel-die-leise-schoenheit-der-lagune%2F&media=https%3A%2F%2Fla-bella-vita.club%2Fwp-content%2Fuploads%2F2025%2F10%2FTitel-la-bella-vita.club_-2.jpg&description=Venedig%20im%20Herbstnebel%20%E2%80%93%20die%20leise%20Sch%C3%B6nheit%20der%20Lagune\" title=\"Pin su Pinterest\" aria-label=\"Pin su Pinterest\" role=\"button\" rel=\"noopener nofollow\" class=\"shariff-link\" style=\"; background-color:#cb2027; color:#fff\" target=\"_blank\"><span class=\"shariff-icon\" style=\"\"><svg width=\"32px\" height=\"20px\" xmlns=\"http:\/\/www.w3.org\/2000\/svg\" viewbox=\"0 0 27 32\"><path fill=\"#cb2027\" d=\"M27.4 16q0 3.7-1.8 6.9t-5 5-6.9 1.9q-2 0-3.9-0.6 1.1-1.7 1.4-2.9 0.2-0.6 1-3.8 0.4 0.7 1.3 1.2t2 0.5q2.1 0 3.8-1.2t2.7-3.4 0.9-4.8q0-2-1.1-3.8t-3.1-2.9-4.5-1.2q-1.9 0-3.5 0.5t-2.8 1.4-2 2-1.2 2.3-0.4 2.4q0 1.9 0.7 3.3t2.1 2q0.5 0.2 0.7-0.4 0-0.1 0.1-0.5t0.2-0.5q0.1-0.4-0.2-0.8-0.9-1.1-0.9-2.7 0-2.7 1.9-4.6t4.9-2q2.7 0 4.2 1.5t1.5 3.8q0 3-1.2 5.2t-3.1 2.1q-1.1 0-1.7-0.8t-0.4-1.9q0.1-0.6 0.5-1.7t0.5-1.8 0.2-1.4q0-0.9-0.5-1.5t-1.4-0.6q-1.1 0-1.9 1t-0.8 2.6q0 1.3 0.4 2.2l-1.8 7.5q-0.3 1.2-0.2 3.2-3.7-1.6-6-5t-2.3-7.6q0-3.7 1.9-6.9t5-5 6.9-1.9 6.9 1.9 5 5 1.8 6.9z\"\/><\/svg><\/span><\/a><\/li><\/ul><\/div>","protected":false},"author":198281585,"featured_media":48248,"comment_status":"open","ping_status":"closed","sticky":false,"template":"","format":"standard","meta":{"_coblocks_attr":"","_coblocks_dimensions":"","_coblocks_responsive_height":"","_coblocks_accordion_ie_support":"","_crdt_document":"","_jetpack_newsletter_access":"","_jetpack_dont_email_post_to_subs":false,"_jetpack_newsletter_tier_id":0,"_jetpack_memberships_contains_paywalled_content":false,"_jetpack_memberships_contains_paid_content":false,"footnotes":"","jetpack_post_was_ever_published":false},"categories":[2732],"tags":[2770,3455],"class_list":["post-48236","post","type-post","status-publish","format-standard","has-post-thumbnail","hentry","category-die-schoensten-staedte-und-doerfer-in-italien-rundreise-durch-il-bel-paese","tag-lagunenstadt-im-norden-venedig-in-italien-venezien","tag-venetien","infinite-scroll-item"],"yoast_head":"<!-- This site is optimized with the Yoast SEO Premium plugin v27.4 (Yoast SEO v27.5) - https:\/\/yoast.com\/product\/yoast-seo-premium-wordpress\/ -->\n<title>Venedig im Herbstnebel \u2013 die leise Sch\u00f6nheit der Lagune<\/title>\n<meta name=\"description\" content=\"Wenn der Nebel \u00fcber den Kan\u00e4len liegt, ver\u00e4ndert sich Venedig \u2013pl\u00f6tzlich ist da eine Ruhe, die im Sommer undenkbar w\u00e4re.\" \/>\n<meta name=\"robots\" content=\"index, follow, max-snippet:-1, max-image-preview:large, max-video-preview:-1\" \/>\n<link rel=\"canonical\" href=\"https:\/\/la-bella-vita.club\/it\/venezia-nella-nebbia-autunnale-la-tranquilla-bellezza-della-laguna\/\" \/>\n<meta property=\"og:locale\" content=\"it_IT\" \/>\n<meta property=\"og:type\" content=\"article\" \/>\n<meta property=\"og:title\" content=\"Venedig im Herbstnebel \u2013 die leise Sch\u00f6nheit der Lagune\" \/>\n<meta property=\"og:description\" content=\"Wenn der Nebel \u00fcber den Kan\u00e4len liegt, ver\u00e4ndert sich Venedig \u2013pl\u00f6tzlich ist da eine Ruhe, die im Sommer undenkbar w\u00e4re.\" \/>\n<meta property=\"og:url\" content=\"https:\/\/la-bella-vita.club\/it\/venezia-nella-nebbia-autunnale-la-tranquilla-bellezza-della-laguna\/\" \/>\n<meta property=\"og:site_name\" content=\"la bella vita club\" \/>\n<meta property=\"article:publisher\" content=\"https:\/\/www.facebook.com\/labellavita.club\" \/>\n<meta property=\"article:published_time\" content=\"2025-10-06T14:38:49+00:00\" \/>\n<meta property=\"article:modified_time\" content=\"2025-10-06T15:33:02+00:00\" \/>\n<meta property=\"og:image\" content=\"https:\/\/la-bella-vita.club\/wp-content\/uploads\/2025\/10\/Titel-la-bella-vita.club_-2.jpg\" \/>\n\t<meta property=\"og:image:width\" content=\"1200\" \/>\n\t<meta property=\"og:image:height\" content=\"675\" \/>\n\t<meta property=\"og:image:type\" content=\"image\/jpeg\" \/>\n<meta name=\"author\" content=\"KAYSERIN media\" \/>\n<meta name=\"twitter:card\" content=\"summary_large_image\" \/>\n<meta name=\"twitter:label1\" content=\"Scritto da\" \/>\n\t<meta name=\"twitter:data1\" content=\"KAYSERIN media\" \/>\n\t<meta name=\"twitter:label2\" content=\"Tempo di lettura stimato\" \/>\n\t<meta name=\"twitter:data2\" content=\"5 minuti\" \/>\n<script type=\"application\/ld+json\" class=\"yoast-schema-graph\">{\"@context\":\"https:\\\/\\\/schema.org\",\"@graph\":[{\"@type\":\"Article\",\"@id\":\"https:\\\/\\\/la-bella-vita.club\\\/venedig-im-herbstnebel-die-leise-schoenheit-der-lagune\\\/#article\",\"isPartOf\":{\"@id\":\"https:\\\/\\\/la-bella-vita.club\\\/venedig-im-herbstnebel-die-leise-schoenheit-der-lagune\\\/\"},\"author\":{\"name\":\"KAYSERIN media\",\"@id\":\"https:\\\/\\\/la-bella-vita.club\\\/#\\\/schema\\\/person\\\/d5b88108808d5fc119cd16c6be56952d\"},\"headline\":\"Venedig im Herbstnebel \u2013 die leise Sch\u00f6nheit der Lagune\",\"datePublished\":\"2025-10-06T14:38:49+00:00\",\"dateModified\":\"2025-10-06T15:33:02+00:00\",\"mainEntityOfPage\":{\"@id\":\"https:\\\/\\\/la-bella-vita.club\\\/venedig-im-herbstnebel-die-leise-schoenheit-der-lagune\\\/\"},\"wordCount\":618,\"commentCount\":0,\"publisher\":{\"@id\":\"https:\\\/\\\/la-bella-vita.club\\\/#organization\"},\"image\":{\"@id\":\"https:\\\/\\\/la-bella-vita.club\\\/venedig-im-herbstnebel-die-leise-schoenheit-der-lagune\\\/#primaryimage\"},\"thumbnailUrl\":\"https:\\\/\\\/la-bella-vita.club\\\/wp-content\\\/uploads\\\/2025\\\/10\\\/Titel-la-bella-vita.club_-2.jpg\",\"keywords\":[\"Venedig\",\"Venetien\"],\"articleSection\":[\"St\u00e4dte &amp; D\u00f6rfer\"],\"inLanguage\":\"it-IT\",\"potentialAction\":[{\"@type\":\"CommentAction\",\"name\":\"Comment\",\"target\":[\"https:\\\/\\\/la-bella-vita.club\\\/venedig-im-herbstnebel-die-leise-schoenheit-der-lagune\\\/#respond\"]}]},{\"@type\":\"WebPage\",\"@id\":\"https:\\\/\\\/la-bella-vita.club\\\/venedig-im-herbstnebel-die-leise-schoenheit-der-lagune\\\/\",\"url\":\"https:\\\/\\\/la-bella-vita.club\\\/venedig-im-herbstnebel-die-leise-schoenheit-der-lagune\\\/\",\"name\":\"Venedig im Herbstnebel \u2013 die leise Sch\u00f6nheit der Lagune\",\"isPartOf\":{\"@id\":\"https:\\\/\\\/la-bella-vita.club\\\/#website\"},\"primaryImageOfPage\":{\"@id\":\"https:\\\/\\\/la-bella-vita.club\\\/venedig-im-herbstnebel-die-leise-schoenheit-der-lagune\\\/#primaryimage\"},\"image\":{\"@id\":\"https:\\\/\\\/la-bella-vita.club\\\/venedig-im-herbstnebel-die-leise-schoenheit-der-lagune\\\/#primaryimage\"},\"thumbnailUrl\":\"https:\\\/\\\/la-bella-vita.club\\\/wp-content\\\/uploads\\\/2025\\\/10\\\/Titel-la-bella-vita.club_-2.jpg\",\"datePublished\":\"2025-10-06T14:38:49+00:00\",\"dateModified\":\"2025-10-06T15:33:02+00:00\",\"description\":\"Wenn der Nebel \u00fcber den Kan\u00e4len liegt, ver\u00e4ndert sich Venedig \u2013pl\u00f6tzlich ist da eine Ruhe, die im Sommer undenkbar w\u00e4re.\",\"breadcrumb\":{\"@id\":\"https:\\\/\\\/la-bella-vita.club\\\/venedig-im-herbstnebel-die-leise-schoenheit-der-lagune\\\/#breadcrumb\"},\"inLanguage\":\"it-IT\",\"potentialAction\":[{\"@type\":\"ReadAction\",\"target\":[\"https:\\\/\\\/la-bella-vita.club\\\/venedig-im-herbstnebel-die-leise-schoenheit-der-lagune\\\/\"]}]},{\"@type\":\"ImageObject\",\"inLanguage\":\"it-IT\",\"@id\":\"https:\\\/\\\/la-bella-vita.club\\\/venedig-im-herbstnebel-die-leise-schoenheit-der-lagune\\\/#primaryimage\",\"url\":\"https:\\\/\\\/la-bella-vita.club\\\/wp-content\\\/uploads\\\/2025\\\/10\\\/Titel-la-bella-vita.club_-2.jpg\",\"contentUrl\":\"https:\\\/\\\/la-bella-vita.club\\\/wp-content\\\/uploads\\\/2025\\\/10\\\/Titel-la-bella-vita.club_-2.jpg\",\"width\":1200,\"height\":675},{\"@type\":\"BreadcrumbList\",\"@id\":\"https:\\\/\\\/la-bella-vita.club\\\/venedig-im-herbstnebel-die-leise-schoenheit-der-lagune\\\/#breadcrumb\",\"itemListElement\":[{\"@type\":\"ListItem\",\"position\":1,\"name\":\"Startseite\",\"item\":\"https:\\\/\\\/la-bella-vita.club\\\/\"},{\"@type\":\"ListItem\",\"position\":2,\"name\":\"Venedig im Herbstnebel \u2013 die leise Sch\u00f6nheit der Lagune\"}]},{\"@type\":\"WebSite\",\"@id\":\"https:\\\/\\\/la-bella-vita.club\\\/#website\",\"url\":\"https:\\\/\\\/la-bella-vita.club\\\/\",\"name\":\"la bella vita club\",\"description\":\"Dein Magazin f\u00fcr Italien\",\"publisher\":{\"@id\":\"https:\\\/\\\/la-bella-vita.club\\\/#organization\"},\"potentialAction\":[{\"@type\":\"SearchAction\",\"target\":{\"@type\":\"EntryPoint\",\"urlTemplate\":\"https:\\\/\\\/la-bella-vita.club\\\/?s={search_term_string}\"},\"query-input\":{\"@type\":\"PropertyValueSpecification\",\"valueRequired\":true,\"valueName\":\"search_term_string\"}}],\"inLanguage\":\"it-IT\"},{\"@type\":\"Organization\",\"@id\":\"https:\\\/\\\/la-bella-vita.club\\\/#organization\",\"name\":\"la bella vita club\",\"url\":\"https:\\\/\\\/la-bella-vita.club\\\/\",\"logo\":{\"@type\":\"ImageObject\",\"inLanguage\":\"it-IT\",\"@id\":\"https:\\\/\\\/la-bella-vita.club\\\/#\\\/schema\\\/logo\\\/image\\\/\",\"url\":\"https:\\\/\\\/la-bella-vita.club\\\/wp-content\\\/uploads\\\/2025\\\/04\\\/cropped-Kopie-von-Kopie-von-Kopie-von-Marie-von-Kiesenwetter.png\",\"contentUrl\":\"https:\\\/\\\/la-bella-vita.club\\\/wp-content\\\/uploads\\\/2025\\\/04\\\/cropped-Kopie-von-Kopie-von-Kopie-von-Marie-von-Kiesenwetter.png\",\"width\":512,\"height\":512,\"caption\":\"la bella vita club\"},\"image\":{\"@id\":\"https:\\\/\\\/la-bella-vita.club\\\/#\\\/schema\\\/logo\\\/image\\\/\"},\"sameAs\":[\"https:\\\/\\\/www.facebook.com\\\/labellavita.club\",\"https:\\\/\\\/www.instagram.com\\\/labellavita.club\\\/\",\"https:\\\/\\\/www.youtube.com\\\/channel\\\/UCV7eNkxXPYvukjgUnlyI_-g\",\"https:\\\/\\\/www.tiktok.com\\\/labellavita.club\"]},{\"@type\":\"Person\",\"@id\":\"https:\\\/\\\/la-bella-vita.club\\\/#\\\/schema\\\/person\\\/d5b88108808d5fc119cd16c6be56952d\",\"name\":\"KAYSERIN media\",\"image\":{\"@type\":\"ImageObject\",\"inLanguage\":\"it-IT\",\"@id\":\"https:\\\/\\\/secure.gravatar.com\\\/avatar\\\/4e386f482ec9a3364e4c29c7977cc51a4f2672b673b24d429942d98717993c79?s=96&d=identicon&r=g\",\"url\":\"https:\\\/\\\/secure.gravatar.com\\\/avatar\\\/4e386f482ec9a3364e4c29c7977cc51a4f2672b673b24d429942d98717993c79?s=96&d=identicon&r=g\",\"contentUrl\":\"https:\\\/\\\/secure.gravatar.com\\\/avatar\\\/4e386f482ec9a3364e4c29c7977cc51a4f2672b673b24d429942d98717993c79?s=96&d=identicon&r=g\",\"caption\":\"KAYSERIN media\"},\"description\":\"EVERY STORY IS ONLY AS GOOD AS IT IS TOLD. We are storytellers in all formats, at every stage, from conception to production to strategy.\",\"sameAs\":[\"https:\\\/\\\/kayserin.io\"]}]}<\/script>\n<!-- \/ Yoast SEO Premium plugin. -->","yoast_head_json":{"title":"Venezia nella nebbia autunnale: la tranquilla bellezza della laguna","description":"Quando la nebbia si stende sui canali, Venezia cambia: improvvisamente c'\u00e8 una tranquillit\u00e0 impensabile in estate.","robots":{"index":"index","follow":"follow","max-snippet":"max-snippet:-1","max-image-preview":"max-image-preview:large","max-video-preview":"max-video-preview:-1"},"canonical":"https:\/\/la-bella-vita.club\/it\/venezia-nella-nebbia-autunnale-la-tranquilla-bellezza-della-laguna\/","og_locale":"it_IT","og_type":"article","og_title":"Venedig im Herbstnebel \u2013 die leise Sch\u00f6nheit der Lagune","og_description":"Wenn der Nebel \u00fcber den Kan\u00e4len liegt, ver\u00e4ndert sich Venedig \u2013pl\u00f6tzlich ist da eine Ruhe, die im Sommer undenkbar w\u00e4re.","og_url":"https:\/\/la-bella-vita.club\/it\/venezia-nella-nebbia-autunnale-la-tranquilla-bellezza-della-laguna\/","og_site_name":"la bella vita club","article_publisher":"https:\/\/www.facebook.com\/labellavita.club","article_published_time":"2025-10-06T14:38:49+00:00","article_modified_time":"2025-10-06T15:33:02+00:00","og_image":[{"width":1200,"height":675,"url":"https:\/\/la-bella-vita.club\/wp-content\/uploads\/2025\/10\/Titel-la-bella-vita.club_-2.jpg","type":"image\/jpeg"}],"author":"KAYSERIN media","twitter_card":"summary_large_image","twitter_misc":{"Scritto da":"KAYSERIN media","Tempo di lettura stimato":"5 minuti"},"schema":{"@context":"https:\/\/schema.org","@graph":[{"@type":"Article","@id":"https:\/\/la-bella-vita.club\/venedig-im-herbstnebel-die-leise-schoenheit-der-lagune\/#article","isPartOf":{"@id":"https:\/\/la-bella-vita.club\/venedig-im-herbstnebel-die-leise-schoenheit-der-lagune\/"},"author":{"name":"KAYSERIN media","@id":"https:\/\/la-bella-vita.club\/#\/schema\/person\/d5b88108808d5fc119cd16c6be56952d"},"headline":"Venedig im Herbstnebel \u2013 die leise Sch\u00f6nheit der Lagune","datePublished":"2025-10-06T14:38:49+00:00","dateModified":"2025-10-06T15:33:02+00:00","mainEntityOfPage":{"@id":"https:\/\/la-bella-vita.club\/venedig-im-herbstnebel-die-leise-schoenheit-der-lagune\/"},"wordCount":618,"commentCount":0,"publisher":{"@id":"https:\/\/la-bella-vita.club\/#organization"},"image":{"@id":"https:\/\/la-bella-vita.club\/venedig-im-herbstnebel-die-leise-schoenheit-der-lagune\/#primaryimage"},"thumbnailUrl":"https:\/\/la-bella-vita.club\/wp-content\/uploads\/2025\/10\/Titel-la-bella-vita.club_-2.jpg","keywords":["Venedig","Venetien"],"articleSection":["St\u00e4dte &amp; D\u00f6rfer"],"inLanguage":"it-IT","potentialAction":[{"@type":"CommentAction","name":"Comment","target":["https:\/\/la-bella-vita.club\/venedig-im-herbstnebel-die-leise-schoenheit-der-lagune\/#respond"]}]},{"@type":"WebPage","@id":"https:\/\/la-bella-vita.club\/venedig-im-herbstnebel-die-leise-schoenheit-der-lagune\/","url":"https:\/\/la-bella-vita.club\/venedig-im-herbstnebel-die-leise-schoenheit-der-lagune\/","name":"Venezia nella nebbia autunnale: la tranquilla bellezza della laguna","isPartOf":{"@id":"https:\/\/la-bella-vita.club\/#website"},"primaryImageOfPage":{"@id":"https:\/\/la-bella-vita.club\/venedig-im-herbstnebel-die-leise-schoenheit-der-lagune\/#primaryimage"},"image":{"@id":"https:\/\/la-bella-vita.club\/venedig-im-herbstnebel-die-leise-schoenheit-der-lagune\/#primaryimage"},"thumbnailUrl":"https:\/\/la-bella-vita.club\/wp-content\/uploads\/2025\/10\/Titel-la-bella-vita.club_-2.jpg","datePublished":"2025-10-06T14:38:49+00:00","dateModified":"2025-10-06T15:33:02+00:00","description":"Quando la nebbia si stende sui canali, Venezia cambia: improvvisamente c'\u00e8 una tranquillit\u00e0 impensabile in estate.","breadcrumb":{"@id":"https:\/\/la-bella-vita.club\/venedig-im-herbstnebel-die-leise-schoenheit-der-lagune\/#breadcrumb"},"inLanguage":"it-IT","potentialAction":[{"@type":"ReadAction","target":["https:\/\/la-bella-vita.club\/venedig-im-herbstnebel-die-leise-schoenheit-der-lagune\/"]}]},{"@type":"ImageObject","inLanguage":"it-IT","@id":"https:\/\/la-bella-vita.club\/venedig-im-herbstnebel-die-leise-schoenheit-der-lagune\/#primaryimage","url":"https:\/\/la-bella-vita.club\/wp-content\/uploads\/2025\/10\/Titel-la-bella-vita.club_-2.jpg","contentUrl":"https:\/\/la-bella-vita.club\/wp-content\/uploads\/2025\/10\/Titel-la-bella-vita.club_-2.jpg","width":1200,"height":675},{"@type":"BreadcrumbList","@id":"https:\/\/la-bella-vita.club\/venedig-im-herbstnebel-die-leise-schoenheit-der-lagune\/#breadcrumb","itemListElement":[{"@type":"ListItem","position":1,"name":"Startseite","item":"https:\/\/la-bella-vita.club\/"},{"@type":"ListItem","position":2,"name":"Venedig im Herbstnebel \u2013 die leise Sch\u00f6nheit der Lagune"}]},{"@type":"WebSite","@id":"https:\/\/la-bella-vita.club\/#website","url":"https:\/\/la-bella-vita.club\/","name":"club la bella vita","description":"La tua rivista per l'Italia","publisher":{"@id":"https:\/\/la-bella-vita.club\/#organization"},"potentialAction":[{"@type":"SearchAction","target":{"@type":"EntryPoint","urlTemplate":"https:\/\/la-bella-vita.club\/?s={search_term_string}"},"query-input":{"@type":"PropertyValueSpecification","valueRequired":true,"valueName":"search_term_string"}}],"inLanguage":"it-IT"},{"@type":"Organization","@id":"https:\/\/la-bella-vita.club\/#organization","name":"club la bella vita","url":"https:\/\/la-bella-vita.club\/","logo":{"@type":"ImageObject","inLanguage":"it-IT","@id":"https:\/\/la-bella-vita.club\/#\/schema\/logo\/image\/","url":"https:\/\/la-bella-vita.club\/wp-content\/uploads\/2025\/04\/cropped-Kopie-von-Kopie-von-Kopie-von-Marie-von-Kiesenwetter.png","contentUrl":"https:\/\/la-bella-vita.club\/wp-content\/uploads\/2025\/04\/cropped-Kopie-von-Kopie-von-Kopie-von-Marie-von-Kiesenwetter.png","width":512,"height":512,"caption":"la bella vita club"},"image":{"@id":"https:\/\/la-bella-vita.club\/#\/schema\/logo\/image\/"},"sameAs":["https:\/\/www.facebook.com\/labellavita.club","https:\/\/www.instagram.com\/labellavita.club\/","https:\/\/www.youtube.com\/channel\/UCV7eNkxXPYvukjgUnlyI_-g","https:\/\/www.tiktok.com\/labellavita.club"]},{"@type":"Person","@id":"https:\/\/la-bella-vita.club\/#\/schema\/person\/d5b88108808d5fc119cd16c6be56952d","name":"Media KAYSERIN","image":{"@type":"ImageObject","inLanguage":"it-IT","@id":"https:\/\/secure.gravatar.com\/avatar\/4e386f482ec9a3364e4c29c7977cc51a4f2672b673b24d429942d98717993c79?s=96&d=identicon&r=g","url":"https:\/\/secure.gravatar.com\/avatar\/4e386f482ec9a3364e4c29c7977cc51a4f2672b673b24d429942d98717993c79?s=96&d=identicon&r=g","contentUrl":"https:\/\/secure.gravatar.com\/avatar\/4e386f482ec9a3364e4c29c7977cc51a4f2672b673b24d429942d98717993c79?s=96&d=identicon&r=g","caption":"KAYSERIN media"},"description":"OGNI STORIA \u00c8 BELLA SOLO SE VIENE RACCONTATA. Siamo narratori in tutti i formati, in tutte le fasi, dall'ideazione alla produzione alla strategia.","sameAs":["https:\/\/kayserin.io"]}]}},"jetpack_featured_media_url":"https:\/\/la-bella-vita.club\/wp-content\/uploads\/2025\/10\/Titel-la-bella-vita.club_-2.jpg","jetpack_likes_enabled":false,"jetpack_shortlink":"https:\/\/wp.me\/pdmGHY-cy0","jetpack-related-posts":[{"id":37154,"url":"https:\/\/la-bella-vita.club\/it\/herbstzauber-in-venedig-10-gruende-die-stadt-neu-zu-entdecken\/","url_meta":{"origin":48236,"position":0},"title":"Magia d'autunno a Venezia: 10 motivi per riscoprire la citt\u00e0","author":"KAYSERIN media","date":"29. Ottobre 2024","format":false,"excerpt":"Venezia mostra il suo fascino unico in autunno. La luce dorata, un leggero velo di nebbia, il caldo afoso dell'estate sono scomparsi e il sole splende ancora caldo durante il giorno.","rel":"","context":"In &quot;St\u00e4dte &amp; D\u00f6rfer&quot;","block_context":{"text":"St\u00e4dte &amp; D\u00f6rfer","link":"https:\/\/la-bella-vita.club\/it\/category\/die-schoensten-staedte-und-doerfer-in-italien-rundreise-durch-il-bel-paese\/"},"img":{"alt_text":"","src":"https:\/\/i0.wp.com\/la-bella-vita.club\/wp-content\/uploads\/2024\/10\/1-1.jpg?resize=350%2C200&ssl=1","width":350,"height":200,"srcset":"https:\/\/i0.wp.com\/la-bella-vita.club\/wp-content\/uploads\/2024\/10\/1-1.jpg?resize=350%2C200&ssl=1 1x, https:\/\/i0.wp.com\/la-bella-vita.club\/wp-content\/uploads\/2024\/10\/1-1.jpg?resize=525%2C300&ssl=1 1.5x, https:\/\/i0.wp.com\/la-bella-vita.club\/wp-content\/uploads\/2024\/10\/1-1.jpg?resize=700%2C400&ssl=1 2x, https:\/\/i0.wp.com\/la-bella-vita.club\/wp-content\/uploads\/2024\/10\/1-1.jpg?resize=1050%2C600&ssl=1 3x"},"classes":[]},{"id":15520,"url":"https:\/\/la-bella-vita.club\/it\/ab-januar-2023-venedig-nur-noch-mit-eintrittskarte\/","url_meta":{"origin":48236,"position":1},"title":"Da GENNAIO 2023 - Venezia solo con il biglietto","author":"KAYSERIN media","date":"5. Luglio 2022","format":false,"excerpt":"Venezia sta soffrendo. 22 milioni di visitatori giornalieri intasano la citt\u00e0 ogni anno. Qualche foto veloce e poi via di nuovo. Il biglietto Venezia sar\u00e0 introdotto a gennaio.","rel":"","context":"In &quot;St\u00e4dte &amp; D\u00f6rfer&quot;","block_context":{"text":"St\u00e4dte &amp; D\u00f6rfer","link":"https:\/\/la-bella-vita.club\/it\/category\/die-schoensten-staedte-und-doerfer-in-italien-rundreise-durch-il-bel-paese\/"},"img":{"alt_text":"Venedig Gondel fahren, bald nur noch mit Eintrittsgeld","src":"https:\/\/i0.wp.com\/la-bella-vita.club\/wp-content\/uploads\/2022\/07\/Titel-Venedig-Eintrittsgeld-neu-1.jpg?resize=350%2C200&ssl=1","width":350,"height":200,"srcset":"https:\/\/i0.wp.com\/la-bella-vita.club\/wp-content\/uploads\/2022\/07\/Titel-Venedig-Eintrittsgeld-neu-1.jpg?resize=350%2C200&ssl=1 1x, https:\/\/i0.wp.com\/la-bella-vita.club\/wp-content\/uploads\/2022\/07\/Titel-Venedig-Eintrittsgeld-neu-1.jpg?resize=525%2C300&ssl=1 1.5x, https:\/\/i0.wp.com\/la-bella-vita.club\/wp-content\/uploads\/2022\/07\/Titel-Venedig-Eintrittsgeld-neu-1.jpg?resize=700%2C400&ssl=1 2x, https:\/\/i0.wp.com\/la-bella-vita.club\/wp-content\/uploads\/2022\/07\/Titel-Venedig-Eintrittsgeld-neu-1.jpg?resize=1050%2C600&ssl=1 3x"},"classes":[]},{"id":44732,"url":"https:\/\/la-bella-vita.club\/it\/venedig-kurz-erklaert-die-10-wichtigsten-fakten\/","url_meta":{"origin":48236,"position":2},"title":"Venezia in breve: i 10 fatti pi\u00f9 importanti","author":"KAYSERIN media","date":"6. Giugno 2025","format":false,"excerpt":"La leggenda della laguna: Tutto quello che devi sapere.","rel":"","context":"In &quot;St\u00e4dte &amp; D\u00f6rfer&quot;","block_context":{"text":"St\u00e4dte &amp; D\u00f6rfer","link":"https:\/\/la-bella-vita.club\/it\/category\/die-schoensten-staedte-und-doerfer-in-italien-rundreise-durch-il-bel-paese\/"},"img":{"alt_text":"","src":"https:\/\/i0.wp.com\/la-bella-vita.club\/wp-content\/uploads\/2025\/06\/Titel-la-bella-vita.club-8.jpg?resize=350%2C200&ssl=1","width":350,"height":200,"srcset":"https:\/\/i0.wp.com\/la-bella-vita.club\/wp-content\/uploads\/2025\/06\/Titel-la-bella-vita.club-8.jpg?resize=350%2C200&ssl=1 1x, https:\/\/i0.wp.com\/la-bella-vita.club\/wp-content\/uploads\/2025\/06\/Titel-la-bella-vita.club-8.jpg?resize=525%2C300&ssl=1 1.5x, https:\/\/i0.wp.com\/la-bella-vita.club\/wp-content\/uploads\/2025\/06\/Titel-la-bella-vita.club-8.jpg?resize=700%2C400&ssl=1 2x, https:\/\/i0.wp.com\/la-bella-vita.club\/wp-content\/uploads\/2025\/06\/Titel-la-bella-vita.club-8.jpg?resize=1050%2C600&ssl=1 3x"},"classes":[]},{"id":17609,"url":"https:\/\/la-bella-vita.club\/it\/fahndung-surfboard-idioten-im-canal-grande-von-venedig\/","url_meta":{"origin":48236,"position":3},"title":"Caccia all'uomo - I turisti delle tavole da surf di Venezia","author":"KAYSERIN media","date":"19. Agosto 2022","format":false,"excerpt":"Su tavole da surf motorizzate attraverso Venezia. Il sindaco usa il video per cercare i due imbecilli che sfrecciano sul Canal Grande. Con successo.\u00a0","rel":"","context":"In &quot;Aktuelle Nachrichten&quot;","block_context":{"text":"Aktuelle Nachrichten","link":"https:\/\/la-bella-vita.club\/it\/category\/aktuelle-nachrichten-und-aktuelle-ereignisse-aus-italien\/"},"img":{"alt_text":"twitter","src":"https:\/\/i0.wp.com\/la-bella-vita.club\/wp-content\/uploads\/2022\/08\/Titel-surfboard-venedig-1.jpg?resize=350%2C200&ssl=1","width":350,"height":200,"srcset":"https:\/\/i0.wp.com\/la-bella-vita.club\/wp-content\/uploads\/2022\/08\/Titel-surfboard-venedig-1.jpg?resize=350%2C200&ssl=1 1x, https:\/\/i0.wp.com\/la-bella-vita.club\/wp-content\/uploads\/2022\/08\/Titel-surfboard-venedig-1.jpg?resize=525%2C300&ssl=1 1.5x, https:\/\/i0.wp.com\/la-bella-vita.club\/wp-content\/uploads\/2022\/08\/Titel-surfboard-venedig-1.jpg?resize=700%2C400&ssl=1 2x, https:\/\/i0.wp.com\/la-bella-vita.club\/wp-content\/uploads\/2022\/08\/Titel-surfboard-venedig-1.jpg?resize=1050%2C600&ssl=1 3x"},"classes":[]},{"id":1976,"url":"https:\/\/la-bella-vita.club\/it\/venezia-tourismus\/","url_meta":{"origin":48236,"position":4},"title":"BELLA VENEZIA - La maledizione della bellezza","author":"KAYSERIN media","date":"30. Ottobre 2021","format":false,"excerpt":"Venezia e le masse: Il numero di abitanti del luogo sta diminuendo, il numero di ospiti sta aumentando, in media tre abitanti del luogo si allontanano dal centro storico ogni giorno.","rel":"","context":"In &quot;St\u00e4dte &amp; D\u00f6rfer&quot;","block_context":{"text":"St\u00e4dte &amp; D\u00f6rfer","link":"https:\/\/la-bella-vita.club\/it\/category\/die-schoensten-staedte-und-doerfer-in-italien-rundreise-durch-il-bel-paese\/"},"img":{"alt_text":"venedig titelbild","src":"https:\/\/i0.wp.com\/la-bella-vita.club\/wp-content\/uploads\/2021\/10\/titel-vespa-jubila%CC%88um.jpg?resize=350%2C200&ssl=1","width":350,"height":200,"srcset":"https:\/\/i0.wp.com\/la-bella-vita.club\/wp-content\/uploads\/2021\/10\/titel-vespa-jubila%CC%88um.jpg?resize=350%2C200&ssl=1 1x, https:\/\/i0.wp.com\/la-bella-vita.club\/wp-content\/uploads\/2021\/10\/titel-vespa-jubila%CC%88um.jpg?resize=525%2C300&ssl=1 1.5x, https:\/\/i0.wp.com\/la-bella-vita.club\/wp-content\/uploads\/2021\/10\/titel-vespa-jubila%CC%88um.jpg?resize=700%2C400&ssl=1 2x, https:\/\/i0.wp.com\/la-bella-vita.club\/wp-content\/uploads\/2021\/10\/titel-vespa-jubila%CC%88um.jpg?resize=1050%2C600&ssl=1 3x"},"classes":[]},{"id":37215,"url":"https:\/\/la-bella-vita.club\/it\/venedig-tauben-fuettern-bis-zu-500-euro\/","url_meta":{"origin":48236,"position":5},"title":"Nutrire i piccioni e non solo: quando Venezia diventa davvero costosa!","author":"KAYSERIN media","date":"15. Marzo 2025","format":false,"excerpt":"Venezia - Da anni le \"mangiatoie per piccioni\" erano scomparse da Piazza San Marco: La citt\u00e0 di Venezia ha vietato di dare da mangiare agli uccelli a partire dal 2008.","rel":"","context":"In &quot;St\u00e4dte &amp; D\u00f6rfer&quot;","block_context":{"text":"St\u00e4dte &amp; D\u00f6rfer","link":"https:\/\/la-bella-vita.club\/it\/category\/die-schoensten-staedte-und-doerfer-in-italien-rundreise-durch-il-bel-paese\/"},"img":{"alt_text":"","src":"https:\/\/i0.wp.com\/la-bella-vita.club\/wp-content\/uploads\/2024\/10\/la-bella-vita.club-_-Titel-Artikel-36-1.jpg?resize=350%2C200&ssl=1","width":350,"height":200,"srcset":"https:\/\/i0.wp.com\/la-bella-vita.club\/wp-content\/uploads\/2024\/10\/la-bella-vita.club-_-Titel-Artikel-36-1.jpg?resize=350%2C200&ssl=1 1x, https:\/\/i0.wp.com\/la-bella-vita.club\/wp-content\/uploads\/2024\/10\/la-bella-vita.club-_-Titel-Artikel-36-1.jpg?resize=525%2C300&ssl=1 1.5x, https:\/\/i0.wp.com\/la-bella-vita.club\/wp-content\/uploads\/2024\/10\/la-bella-vita.club-_-Titel-Artikel-36-1.jpg?resize=700%2C400&ssl=1 2x, https:\/\/i0.wp.com\/la-bella-vita.club\/wp-content\/uploads\/2024\/10\/la-bella-vita.club-_-Titel-Artikel-36-1.jpg?resize=1050%2C600&ssl=1 3x"},"classes":[]}],"jetpack_sharing_enabled":true,"_links":{"self":[{"href":"https:\/\/la-bella-vita.club\/it\/wp-json\/wp\/v2\/posts\/48236","targetHints":{"allow":["GET"]}}],"collection":[{"href":"https:\/\/la-bella-vita.club\/it\/wp-json\/wp\/v2\/posts"}],"about":[{"href":"https:\/\/la-bella-vita.club\/it\/wp-json\/wp\/v2\/types\/post"}],"author":[{"embeddable":true,"href":"https:\/\/la-bella-vita.club\/it\/wp-json\/wp\/v2\/users\/198281585"}],"replies":[{"embeddable":true,"href":"https:\/\/la-bella-vita.club\/it\/wp-json\/wp\/v2\/comments?post=48236"}],"version-history":[{"count":13,"href":"https:\/\/la-bella-vita.club\/it\/wp-json\/wp\/v2\/posts\/48236\/revisions"}],"predecessor-version":[{"id":48261,"href":"https:\/\/la-bella-vita.club\/it\/wp-json\/wp\/v2\/posts\/48236\/revisions\/48261"}],"wp:featuredmedia":[{"embeddable":true,"href":"https:\/\/la-bella-vita.club\/it\/wp-json\/wp\/v2\/media\/48248"}],"wp:attachment":[{"href":"https:\/\/la-bella-vita.club\/it\/wp-json\/wp\/v2\/media?parent=48236"}],"wp:term":[{"taxonomy":"category","embeddable":true,"href":"https:\/\/la-bella-vita.club\/it\/wp-json\/wp\/v2\/categories?post=48236"},{"taxonomy":"post_tag","embeddable":true,"href":"https:\/\/la-bella-vita.club\/it\/wp-json\/wp\/v2\/tags?post=48236"}],"curies":[{"name":"wp","href":"https:\/\/api.w.org\/{rel}","templated":true}]}}