{"id":40296,"date":"2025-04-07T20:42:21","date_gmt":"2025-04-07T18:42:21","guid":{"rendered":"https:\/\/la-bella-vita.club\/?p=40296"},"modified":"2025-04-07T23:30:45","modified_gmt":"2025-04-07T21:30:45","slug":"le-parole-del-padrino-che-hanno-scritto-la-storia-del-mondo","status":"publish","type":"post","link":"https:\/\/la-bella-vita.club\/it\/der-pate-worte-die-weltgeschichte-schrieben\/","title":{"rendered":"\"Il Padrino: Le parole che hanno scritto la storia del mondo"},"content":{"rendered":"<p class=\"has-text-align-right has-small-font-size wp-block-paragraph\"><strong><em>Un padrino uscito direttamente da un libro illustrato. <\/em><\/strong><em><sup><sub>Foto simbolo: generata dall'AI<\/sub><\/sup><\/em><\/p>\n\n\n\n<p class=\"has-small-font-size wp-block-paragraph\">Dal nostro team editoriale<\/p>\n\n\n\n<p class=\"has-medium-font-size wp-block-paragraph\"><strong>Alcuni film raccontano storie. Il Padrino scrive miti. <\/strong><\/p>\n\n\n\n<p class=\"wp-block-paragraph\">Quello che Francis Ford Coppola port\u00f2 sullo schermo nel 1972 fu pi\u00f9 di un'epopea mafiosa: era un pezzo di letteratura mondiale moderna con la macchina da presa. Tra fumo di tabacco, legami familiari e minacce sussurrate, si sviluppano dialoghi che da tempo sono diventati di uso comune. Queste frasi non contengono solo la morale della famiglia Corleone, ma anche una tranquilla poesia del potere.<\/p>\n\n\n\n<div style=\"height:10px\" aria-hidden=\"true\" class=\"wp-block-spacer\"><\/div>\n\n\n\n<p class=\"wp-block-paragraph\"><strong>Il linguaggio del film \u00e8 laconico, preciso e spesso elegante, in contrasto con la brutalit\u00e0 dell'azione. Quando Don Vito Corleone ascolta un supplicante o suo figlio Michael parla delle aree grigie del business, ogni parola ha un peso e risuona. Uno sguardo alle migliori citazioni de \"Il Padrino\" e a ci\u00f2 che rivelano tra le righe.<\/strong><\/p>\n\n\n\n<figure class=\"wp-block-image size-large\"><img decoding=\"async\" width=\"1024\" height=\"683\" data-attachment-id=\"40309\" data-permalink=\"https:\/\/la-bella-vita.club\/it\/der-pate-worte-die-weltgeschichte-schrieben\/der-pate_ki\/#main\" data-orig-file=\"https:\/\/la-bella-vita.club\/wp-content\/uploads\/2025\/04\/der-pate_KI.jpg\" data-orig-size=\"1200,800\" data-comments-opened=\"1\" data-image-title=\"der pate_KI\" data-image-description=\"&lt;p&gt;Familie ist alles in Mafia-Kreisen \u2013 Erinnerung an der Pate &amp;#8211; KI generiert&lt;\/p&gt;\" data-image-caption=\"&lt;p&gt;Familie ist alles in Mafia-Kreisen&lt;\/p&gt;\" data-large-file=\"https:\/\/la-bella-vita.club\/wp-content\/uploads\/2025\/04\/der-pate_KI-1024x683.jpg\" src=\"https:\/\/la-bella-vita.club\/wp-content\/uploads\/2025\/04\/der-pate_KI-1024x683.jpg\" alt=\"Memoria del padrino: foto di famiglia generata dall&#039;IA\" class=\"wp-image-40309\" srcset=\"https:\/\/la-bella-vita.club\/wp-content\/uploads\/2025\/04\/der-pate_KI-1024x683.jpg 1024w, https:\/\/la-bella-vita.club\/wp-content\/uploads\/2025\/04\/der-pate_KI-300x200.jpg 300w, https:\/\/la-bella-vita.club\/wp-content\/uploads\/2025\/04\/der-pate_KI-768x512.jpg 768w, https:\/\/la-bella-vita.club\/wp-content\/uploads\/2025\/04\/der-pate_KI-18x12.jpg 18w, https:\/\/la-bella-vita.club\/wp-content\/uploads\/2025\/04\/der-pate_KI.jpg 1200w\" sizes=\"(max-width: 1024px) 100vw, 1024px\" \/><figcaption class=\"wp-element-caption\"><strong><em>La famiglia \u00e8 tutto negli ambienti mafiosi<\/em><\/strong> <br><em><sup><sub>Foto simbolo: generata dall'AI<\/sub><\/sup><\/em><\/figcaption><\/figure>\n\n\n\n<p class=\"has-text-align-right wp-block-paragraph\"><em><a href=\"https:\/\/la-bella-vita.club\/warum-man-in-italien-auch-mit-70-noch-taeglich-mit-seiner-mutter-telefoniert\/\">Perch\u00e9 in Italia le persone telefonano alla mamma ogni giorno<\/a><\/em><\/p>\n\n\n\n<h2 class=\"wp-block-heading translation-block\" id=\"h-ein-sizilianer-darf-am-hochzeitstag-seiner-tochter-keinem-eine-bitte-abschlagen\"><em>\"Un siciliano non pu\u00f2 rifiutare a nessuno una richiesta nel giorno del matrimonio di sua figlia<\/em> <em>\"<\/em>.<\/h2>\n\n\n\n<p class=\"wp-block-paragraph\">\u00c8 cos\u00ec che si apre il film: un supplicante, un ufficio tetro, musica da matrimonio all'esterno. Nei primi minuti, diventa chiaro che Don Vito Corleone non si occupa solo di potere, ma anche di rituali, orgoglio e debiti che non vengono pagati in denaro. Questa citazione mostra quanto le idee tradizionali di onore e famiglia determinino le sue azioni. E come le minacce confezionate con garbo facciano parte del linguaggio di base della mafia.<\/p>\n\n\n\n<p class=\"has-text-align-right wp-block-paragraph\"><em><a href=\"https:\/\/la-bella-vita.club\/italien-aktuell-unsere-neuesten-geschichten\/italienisches-lebensgefuehl-das-ist-bella-vita\/\">L'atteggiamento verso la vita di cui il mondo \u00e8 invidioso<\/a><\/em><\/p>\n\n\n\n<h2 class=\"wp-block-heading\" id=\"h-ich-mache-ihm-ein-angebot-das-er-nicht-ablehnen-kann\">\"Gli sto facendo un'offerta che non pu\u00f2 rifiutare\".<\/h2>\n\n\n\n<p class=\"wp-block-paragraph\">Forse la citazione cinematografica pi\u00f9 famosa di tutti i tempi. Non \u00e8 un suggerimento, \u00e8 un giudizio. Questa frase simboleggia il sistema Corleone: amichevole nel tono, ma intransigente nelle conseguenze. La frase \u00e8 entrata a far parte della cultura pop in innumerevoli varianti. Ma nell'originale, il suo effetto sta proprio in questo mix di fascino e brutalit\u00e0.<\/p>\n\n\n\n<figure class=\"wp-block-image size-large\"><img decoding=\"async\" width=\"1024\" height=\"683\" data-attachment-id=\"40319\" data-permalink=\"https:\/\/la-bella-vita.club\/it\/der-pate-worte-die-weltgeschichte-schrieben\/der-pate-ki-3\/#main\" data-orig-file=\"https:\/\/la-bella-vita.club\/wp-content\/uploads\/2025\/04\/der-pate-KI-3.jpg\" data-orig-size=\"1200,800\" data-comments-opened=\"1\" data-image-title=\"der pate KI 3\" data-image-description=\"&lt;p&gt;Ein Mafia-Boss ist moralische Instanz und Richter zugleich &amp;#8211; Symbolfoto&lt;\/p&gt;\" data-image-caption=\"&lt;p&gt;Ein Mafia-Boss ist moralische Instanz und Richter zugleich &amp;#8211; Symbolfoto&lt;\/p&gt;\" data-large-file=\"https:\/\/la-bella-vita.club\/wp-content\/uploads\/2025\/04\/der-pate-KI-3-1024x683.jpg\" src=\"https:\/\/la-bella-vita.club\/wp-content\/uploads\/2025\/04\/der-pate-KI-3-1024x683.jpg\" alt=\"Un boss mafioso \u00e8 sia un&#039;autorit\u00e0 morale che un giudice - Foto simbolica\" class=\"wp-image-40319\" srcset=\"https:\/\/la-bella-vita.club\/wp-content\/uploads\/2025\/04\/der-pate-KI-3-1024x683.jpg 1024w, https:\/\/la-bella-vita.club\/wp-content\/uploads\/2025\/04\/der-pate-KI-3-300x200.jpg 300w, https:\/\/la-bella-vita.club\/wp-content\/uploads\/2025\/04\/der-pate-KI-3-768x512.jpg 768w, https:\/\/la-bella-vita.club\/wp-content\/uploads\/2025\/04\/der-pate-KI-3-18x12.jpg 18w, https:\/\/la-bella-vita.club\/wp-content\/uploads\/2025\/04\/der-pate-KI-3.jpg 1200w\" sizes=\"(max-width: 1024px) 100vw, 1024px\" \/><figcaption class=\"wp-element-caption\"><strong><em>Un boss mafioso \u00e8 allo stesso tempo un'autorit\u00e0 morale e un giudice <br><\/em><\/strong><em><sup><sub>Foto simbolo: generata dall'AI<\/sub><\/sup><\/em><\/figcaption><\/figure>\n\n\n\t<div\n\t\tclass=\"wp-block-newspack-blocks-homepage-articles wpnbha show-image image-alignleft ts-4 is-3 is-uncropped show-category\"\n\t\tstyle=\"\"\n\t\t>\n\t\t<div data-posts data-current-post-id=\"40296\">\n\t\t\t\t\t\t\n\t<article data-post-id=\"51930\"\n\t\tclass=\"tag-sommer tag-strand-2 category-lifestyle-und-alltag-in-italien-traditionen-und-gebraeuche type-post post-has-image\"\n\t\t\t\t>\n\t\t\t\t\t\t\t<figure class=\"post-thumbnail\">\n\t\t\t\t\t\t\t\t<a href=\"https:\/\/la-bella-vita.club\/it\/8-dinge-die-italiener-am-strand-ganz-anders-machen-als-wir\/\" rel=\"bookmark\" tabindex=\"-1\" aria-hidden=\"true\">\n\t\t\t\t\t\t\t\t\t\t\t\t<img decoding=\"async\" width=\"1200\" height=\"675\" src=\"https:\/\/la-bella-vita.club\/wp-content\/uploads\/2025\/05\/Titel-la-bella-vita.club-2.jpg\" class=\"attachment-newspack-article-block-uncropped size-newspack-article-block-uncropped wp-post-image\" alt=\"8 cose che gli italiani fanno in spiaggia in modo completamente diverso da noi\" data-hero-candidate=\"1\" srcset=\"https:\/\/la-bella-vita.club\/wp-content\/uploads\/2025\/05\/Titel-la-bella-vita.club-2.jpg 1200w, https:\/\/la-bella-vita.club\/wp-content\/uploads\/2025\/05\/Titel-la-bella-vita.club-2-300x169.jpg 300w, https:\/\/la-bella-vita.club\/wp-content\/uploads\/2025\/05\/Titel-la-bella-vita.club-2-1024x576.jpg 1024w, https:\/\/la-bella-vita.club\/wp-content\/uploads\/2025\/05\/Titel-la-bella-vita.club-2-768x432.jpg 768w, https:\/\/la-bella-vita.club\/wp-content\/uploads\/2025\/05\/Titel-la-bella-vita.club-2-18x10.jpg 18w\" sizes=\"(max-width: 1200px) 100vw, 1200px\" data-attachment-id=\"46730\" data-permalink=\"https:\/\/la-bella-vita.club\/it\/sonne-sand-sprezzatura-10-dinge-die-du-fuer-den-italienischen-strand-brauchst\/titel-la-bella-vita-club-2-6\/#main\" data-orig-file=\"https:\/\/la-bella-vita.club\/wp-content\/uploads\/2025\/05\/Titel-la-bella-vita.club-2.jpg\" data-orig-size=\"1200,675\" data-comments-opened=\"1\" data-image-title=\"Apulien\" data-image-description=\"&lt;p&gt;Ein Abend am Strand von Gallipoli in Apulien&lt;\/p&gt;\" data-image-caption=\"&lt;p&gt;Ein Abend am Strand von Gallipoli in Apulien&lt;\/p&gt;\" data-large-file=\"https:\/\/la-bella-vita.club\/wp-content\/uploads\/2025\/05\/Titel-la-bella-vita.club-2-1024x576.jpg\" \/>\t\t\t\t\t\t\t\t\t\t\t\t<\/a>\n\t\t\t\t\n\t\t\t\t\t\t\t<\/figure><!-- .featured-image -->\n\t\t\n\t\t<div class=\"entry-wrapper\">\n\t\t\t\t\t\t\n\t\t\t\t<div class=\"cat-links\">\n\t\t\t\t\t<a href=\"https:\/\/la-bella-vita.club\/it\/category\/lifestyle-und-alltag-in-italien-traditionen-und-gebraeuche\/\">Stile di vita e vita quotidiana<\/a>\t\t\t\t<\/div>\n\t\t\t\t<h2 class=\"entry-title\"><a href=\"https:\/\/la-bella-vita.club\/it\/8-dinge-die-italiener-am-strand-ganz-anders-machen-als-wir\/\" rel=\"bookmark\">8 cose che gli italiani fanno in spiaggia in modo completamente diverso da noi<\/a><\/h2>\t\t\t\t\t\t\t\t\t\t<div class=\"entry-meta\">\n\t\t\t\t\t<time class=\"entry-date published\" datetime=\"2026-08-17T21:28:00+02:00\">17 agosto 2026<\/time><time class=\"updated\" datetime=\"2026-08-18T06:20:44+02:00\">18 agosto 2026<\/time>\t\t\t\t<\/div><!-- .entry-meta -->\n\t\t\t\t\t\t\t\t<\/div><!-- .entry-wrapper -->\n\t<\/article>\n\n\t\t\t\t<\/div>\n\t\t\n\t<\/div>\n\t\n\n\n<h2 class=\"wp-block-heading translation-block\" id=\"h-du-sagst-nicht-einmal-pate-zu-mir\"><strong>\"Non mi dici nemmeno <em>pate<\/em>\".<\/h2>\n\n\n\n<p class=\"wp-block-paragraph\"><strong>Questa scena riguarda il rispetto, o meglio la sua mancanza. Don Vito riconosce esattamente quando qualcuno non solo chiede aiuto, ma ignora anche le regole del gioco. Un titolo come \"padrino\" non \u00e8 un termine vuoto, ma l'espressione di un contratto sociale. Se ti attieni ai codici, ottieni protezione; se li infrangi, finisci nei guai.<\/strong><\/p>\n\n\n\n<p class=\"has-text-align-right wp-block-paragraph\"><em><a href=\"https:\/\/la-bella-vita.club\/fussball-in-italien-warum-spielen-die-azzurri-in-blau\/\">Perch\u00e9 gli italiani giocano in blu?<\/a><\/em><\/p>\n\n\n\n<h2 class=\"wp-block-heading\" id=\"h-mein-vater-versicherte-ihm-entweder-kame-seine-unterschrift-oder-sein-gehirn-auf-den-vertrag-nbsp\">\"Mio padre gli assicur\u00f2 che sul contratto ci sarebbe stata la sua firma o il suo cervello...\".<\/h2>\n\n\n\n<p class=\"wp-block-paragraph\">Questo drastico flashback \u00e8 narrato da Michael Corleone, il figlio tranquillo e apparentemente rispettoso della legge che si sta lentamente calando nel ruolo del padre. La frase \u00e8 tanto brutale quanto disinvolta e segna una svolta nel carattere di Michael. Da questo momento in poi, \u00e8 chiaro che non cercher\u00e0 di essere come suo padre. <\/p>\n\n\n\n<figure class=\"wp-block-image size-large\"><img decoding=\"async\" width=\"1024\" height=\"683\" data-attachment-id=\"40330\" data-permalink=\"https:\/\/la-bella-vita.club\/it\/der-pate-worte-die-weltgeschichte-schrieben\/design-ohne-titel-2025-04-07t021454-647\/#main\" data-orig-file=\"https:\/\/la-bella-vita.club\/wp-content\/uploads\/2025\/04\/Design-ohne-Titel-2025-04-07T021454.647.jpg\" data-orig-size=\"1200,800\" data-comments-opened=\"1\" data-image-title=\"Mafie &amp;#8211; KI generiert\" data-image-description=\"&lt;p&gt;Wie der Vater, so der Sohn: die Mafia, ein Familienbusiness&lt;\/p&gt;\" data-image-caption=\"&lt;p&gt;Wie der Vater, so der Sohn: die Mafia, ein Familienbusiness Symbolfoto: KI-generiert&lt;\/p&gt;\" data-large-file=\"https:\/\/la-bella-vita.club\/wp-content\/uploads\/2025\/04\/Design-ohne-Titel-2025-04-07T021454.647-1024x683.jpg\" src=\"https:\/\/la-bella-vita.club\/wp-content\/uploads\/2025\/04\/Design-ohne-Titel-2025-04-07T021454.647-1024x683.jpg\" alt=\"Tale padre, tale figlio: la mafia, un affare di famiglia\" class=\"wp-image-40330\" srcset=\"https:\/\/la-bella-vita.club\/wp-content\/uploads\/2025\/04\/Design-ohne-Titel-2025-04-07T021454.647-1024x683.jpg 1024w, https:\/\/la-bella-vita.club\/wp-content\/uploads\/2025\/04\/Design-ohne-Titel-2025-04-07T021454.647-300x200.jpg 300w, https:\/\/la-bella-vita.club\/wp-content\/uploads\/2025\/04\/Design-ohne-Titel-2025-04-07T021454.647-768x512.jpg 768w, https:\/\/la-bella-vita.club\/wp-content\/uploads\/2025\/04\/Design-ohne-Titel-2025-04-07T021454.647-18x12.jpg 18w, https:\/\/la-bella-vita.club\/wp-content\/uploads\/2025\/04\/Design-ohne-Titel-2025-04-07T021454.647.jpg 1200w\" sizes=\"(max-width: 1024px) 100vw, 1024px\" \/><figcaption class=\"wp-element-caption\"><strong><em>Tale padre, tale figlio: la mafia, un affare di famiglia <br><\/em><\/strong><em><sup><sub>Foto simbolo: generata dall'AI<\/sub><\/sup><\/em><\/figcaption><\/figure>\n\n\n\n<h2 class=\"wp-block-heading\" id=\"h-ein-mann-der-keine-zeit-mit-seiner-familie-verbringt-ist-kein-richtiger-mann\">\"Un uomo che non trascorre del tempo con la sua famiglia non \u00e8 un vero uomo\".<\/h2>\n\n\n\n<p class=\"wp-block-paragraph\">Tra mecenate e padre di famiglia, tra uomo d'affari e autorit\u00e0 morale: Don Corleone si presenta come un uomo dalle mille sfaccettature. Questa citazione \u00e8 l'espressione di un'immagine maschile tradizionale, ma anche un silenzioso rimprovero al figlio maggiore Sonny, che passa pi\u00f9 tempo con gli affari che con i figli. La famiglia \u00e8 al centro del sistema Corleone: ideologicamente, emotivamente e strategicamente.<\/p>\n\n\n\n<p class=\"has-text-align-right wp-block-paragraph\"><em><a href=\"https:\/\/la-bella-vita.club\/kurz-vor-mitternacht-in-neapels-erstem-late-night-suesser-gehts-nicht\/\">Quando cala la notte a Napoli<\/a><\/em><\/p>\n\n\n\n<h2 class=\"wp-block-heading\" id=\"h-der-mythos-lebt\">Il mito continua a vivere<\/h2>\n\n\n\n<p class=\"wp-block-paragraph\"><strong>Ci\u00f2 che rende \"Il Padrino\" cos\u00ec indimenticabile non sono solo le sue immagini o la sua musica, ma il linguaggio dei suoi personaggi. Tra insinuazione e minaccia, tra saggezza e follia, le citazioni in questo film sono piccole scene a s\u00e9 stanti. E anche 50 anni dopo, quando Don Corleone parla, anche le generazioni in streaming ascoltano con stupore.<\/strong><\/p>\n\n\n\n<p class=\"has-small-font-size wp-block-paragraph\"><em>Le citazioni utilizzate nel testo sono tratte dal film Il Padrino (titolo originale: The Godfather, regia: Francis Ford Coppola, sceneggiatura: Mario Puzo\/Francis Ford Coppola, Paramount Pictures, 1972). <\/em><\/p>\n\n\n\n<div style=\"height:25px\" aria-hidden=\"true\" class=\"wp-block-spacer\"><\/div>\n\n\n\t<div\n\t\tclass=\"wp-block-newspack-blocks-homepage-articles wpnbha show-image image-alignleft ts-4 is-3 is-uncropped show-category\"\n\t\tstyle=\"\"\n\t\t>\n\t\t<div data-posts data-current-post-id=\"40296\">\n\t\t\t\t\t\t\n\t<article data-post-id=\"52171\"\n\t\tclass=\"category-regionen-landschaften-von-italien category-reisetipps-fuer-italien-die-besten-sehenswuerdigkeiten-insider-empfehlungen type-post post-has-image\"\n\t\t\t\t>\n\t\t\t\t\t\t\t<figure class=\"post-thumbnail\">\n\t\t\t\t\t\t\t\t<a href=\"https:\/\/la-bella-vita.club\/it\/voll-im-august-10-italien-hotspots-und-ihre-alternativen\/\" rel=\"bookmark\" tabindex=\"-1\" aria-hidden=\"true\">\n\t\t\t\t\t\t\t\t\t\t\t\t<img decoding=\"async\" width=\"1200\" height=\"675\" src=\"https:\/\/la-bella-vita.club\/wp-content\/uploads\/2026\/01\/labellavita.club-18.jpg\" class=\"attachment-newspack-article-block-uncropped size-newspack-article-block-uncropped wp-post-image\" alt=\"Proprio in agosto?! Le 10 mete pi\u00f9 gettonate d&#039;Italia e le loro alternative\" data-hero-candidate=\"1\" srcset=\"https:\/\/la-bella-vita.club\/wp-content\/uploads\/2026\/01\/labellavita.club-18.jpg 1200w, https:\/\/la-bella-vita.club\/wp-content\/uploads\/2026\/01\/labellavita.club-18-300x169.jpg 300w, https:\/\/la-bella-vita.club\/wp-content\/uploads\/2026\/01\/labellavita.club-18-1024x576.jpg 1024w, https:\/\/la-bella-vita.club\/wp-content\/uploads\/2026\/01\/labellavita.club-18-768x432.jpg 768w, https:\/\/la-bella-vita.club\/wp-content\/uploads\/2026\/01\/labellavita.club-18-18x10.jpg 18w\" sizes=\"(max-width: 1200px) 100vw, 1200px\" data-attachment-id=\"49302\" data-permalink=\"https:\/\/la-bella-vita.club\/it\/das-erste-mal-amalfikueste-was-sie-wissen-sollten-bevor-sie-losfahren\/labellavita-club-18\/#main\" data-orig-file=\"https:\/\/la-bella-vita.club\/wp-content\/uploads\/2026\/01\/labellavita.club-18.jpg\" data-orig-size=\"1200,675\" data-comments-opened=\"1\" data-image-title=\"Amalfik\u00fcste\" data-image-description=\"&lt;p&gt;Amalfik\u00fcste, Kampanien, Amalfi, Strand, Sonnnschirme, Liegest\u00fchle&lt;\/p&gt;\" data-image-caption=\"\" data-large-file=\"https:\/\/la-bella-vita.club\/wp-content\/uploads\/2026\/01\/labellavita.club-18-1024x576.jpg\" \/>\t\t\t\t\t\t\t\t\t\t\t\t<\/a>\n\t\t\t\t\n\t\t\t\t\t\t\t<\/figure><!-- .featured-image -->\n\t\t\n\t\t<div class=\"entry-wrapper\">\n\t\t\t\t\t\t\n\t\t\t\t<div class=\"cat-links\">\n\t\t\t\t\t<a href=\"https:\/\/la-bella-vita.club\/it\/category\/regionen-landschaften-von-italien\/\">Regioni e paesaggi<\/a>\t\t\t\t<\/div>\n\t\t\t\t<h2 class=\"entry-title\"><a href=\"https:\/\/la-bella-vita.club\/it\/voll-im-august-10-italien-hotspots-und-ihre-alternativen\/\" rel=\"bookmark\">Proprio in agosto?! Le 10 mete pi\u00f9 gettonate d'Italia e le loro alternative<\/a><\/h2>\t\t\t\t\t\t\t\t\t\t<div class=\"entry-meta\">\n\t\t\t\t\t<time class=\"entry-date published\" datetime=\"2026-08-17T14:37:00+02:00\">17 agosto 2026<\/time><time class=\"updated\" datetime=\"2026-08-18T06:20:17+02:00\">18 agosto 2026<\/time>\t\t\t\t<\/div><!-- .entry-meta -->\n\t\t\t\t\t\t\t\t<\/div><!-- .entry-wrapper -->\n\t<\/article>\n\n\t\t\n\t<article data-post-id=\"52487\"\n\t\tclass=\"tag-italienisch category-reisetipps-fuer-italien-die-besten-sehenswuerdigkeiten-insider-empfehlungen type-post post-has-image\"\n\t\t\t\t>\n\t\t\t\t\t\t\t<figure class=\"post-thumbnail\">\n\t\t\t\t\t\t\t\t<a href=\"https:\/\/la-bella-vita.club\/it\/10-italienische-woerter-die-deutsche-oft-missverstehen\/\" rel=\"bookmark\" tabindex=\"-1\" aria-hidden=\"true\">\n\t\t\t\t\t\t\t\t\t\t\t\t<img decoding=\"async\" width=\"891\" height=\"501\" src=\"https:\/\/la-bella-vita.club\/wp-content\/uploads\/2026\/07\/IMG_8109-4-Kopie.jpg\" class=\"attachment-newspack-article-block-uncropped size-newspack-article-block-uncropped wp-post-image\" alt=\"Insidie della lingua italiana: cosa spesso fraintendono i tedeschi\" data-hero-candidate=\"1\" srcset=\"https:\/\/la-bella-vita.club\/wp-content\/uploads\/2026\/07\/IMG_8109-4-Kopie.jpg 891w, https:\/\/la-bella-vita.club\/wp-content\/uploads\/2026\/07\/IMG_8109-4-Kopie-300x169.jpg 300w, https:\/\/la-bella-vita.club\/wp-content\/uploads\/2026\/07\/IMG_8109-4-Kopie-768x432.jpg 768w, https:\/\/la-bella-vita.club\/wp-content\/uploads\/2026\/07\/IMG_8109-4-Kopie-18x10.jpg 18w\" sizes=\"(max-width: 891px) 100vw, 891px\" data-attachment-id=\"51864\" data-permalink=\"https:\/\/la-bella-vita.club\/it\/latteria-oder-macelleria-der-einkaufs-guide-fuer-den-italienurlaub\/img_8109-4-kopie\/#main\" data-orig-file=\"https:\/\/la-bella-vita.club\/wp-content\/uploads\/2026\/07\/IMG_8109-4-Kopie.jpg\" data-orig-size=\"891,501\" data-comments-opened=\"1\" data-image-title=\"IMG_8109 4 Kopie\" data-image-description=\"\" data-image-caption=\"\" data-large-file=\"https:\/\/la-bella-vita.club\/wp-content\/uploads\/2026\/07\/IMG_8109-4-Kopie.jpg\" \/>\t\t\t\t\t\t\t\t\t\t\t\t<\/a>\n\t\t\t\t\n\t\t\t\t\t\t\t<\/figure><!-- .featured-image -->\n\t\t\n\t\t<div class=\"entry-wrapper\">\n\t\t\t\t\t\t\n\t\t\t\t<div class=\"cat-links\">\n\t\t\t\t\t<a href=\"https:\/\/la-bella-vita.club\/it\/category\/reisetipps-fuer-italien-die-besten-sehenswuerdigkeiten-insider-empfehlungen\/\">Consigli di viaggio per l'Italia<\/a>\t\t\t\t<\/div>\n\t\t\t\t<h2 class=\"entry-title\"><a href=\"https:\/\/la-bella-vita.club\/it\/10-italienische-woerter-die-deutsche-oft-missverstehen\/\" rel=\"bookmark\">Insidie della lingua italiana: cosa spesso fraintendono i tedeschi<\/a><\/h2>\t\t\t\t\t\t\t\t\t\t<div class=\"entry-meta\">\n\t\t\t\t\t<time class=\"entry-date published\" datetime=\"2026-08-04T19:21:56+02:00\">4 agosto 2026<\/time><time class=\"updated\" datetime=\"2026-08-06T16:00:20+02:00\">6 agosto 2026<\/time>\t\t\t\t<\/div><!-- .entry-meta -->\n\t\t\t\t\t\t\t\t<\/div><!-- .entry-wrapper -->\n\t<\/article>\n\n\t\t\n\t<article data-post-id=\"52456\"\n\t\tclass=\"tag-ferragosto tag-kaier-augustus category-historisches-und-fakten-ueber-italien-das-ist-italien type-post post-has-image\"\n\t\t\t\t>\n\t\t\t\t\t\t\t<figure class=\"post-thumbnail\">\n\t\t\t\t\t\t\t\t<a href=\"https:\/\/la-bella-vita.club\/it\/ferragosto-warum-italien-am-15-august-stillsteht\/\" rel=\"bookmark\" tabindex=\"-1\" aria-hidden=\"true\">\n\t\t\t\t\t\t\t\t\t\t\t\t<img decoding=\"async\" width=\"700\" height=\"500\" src=\"https:\/\/la-bella-vita.club\/wp-content\/uploads\/2022\/02\/7.jpg\" class=\"attachment-newspack-article-block-uncropped size-newspack-article-block-uncropped wp-post-image\" alt=\"Ferragosto: perch\u00e9 il 15 agosto l&#039;Italia si ferma\" data-hero-candidate=\"1\" srcset=\"https:\/\/la-bella-vita.club\/wp-content\/uploads\/2022\/02\/7.jpg 700w, https:\/\/la-bella-vita.club\/wp-content\/uploads\/2022\/02\/7-300x214.jpg 300w\" sizes=\"(max-width: 700px) 100vw, 700px\" data-attachment-id=\"6949\" data-permalink=\"https:\/\/la-bella-vita.club\/it\/flair-of-florence\/7-19\/#main\" data-orig-file=\"https:\/\/la-bella-vita.club\/wp-content\/uploads\/2022\/02\/7.jpg\" data-orig-size=\"700,500\" data-comments-opened=\"1\" data-image-title=\"Florence\/Tuscany\" data-image-description=\"&lt;p&gt;Mann auf Fahrrad Florenz Toskana Walking Tour Foto Stephanie Kayser\/La Bella Vita club&lt;\/p&gt;\" data-image-caption=\"\" data-large-file=\"https:\/\/la-bella-vita.club\/wp-content\/uploads\/2022\/02\/7.jpg\" \/>\t\t\t\t\t\t\t\t\t\t\t\t<\/a>\n\t\t\t\t\n\t\t\t\t\t\t\t<\/figure><!-- .featured-image -->\n\t\t\n\t\t<div class=\"entry-wrapper\">\n\t\t\t\t\t\t\n\t\t\t\t<div class=\"cat-links\">\n\t\t\t\t\t<a href=\"https:\/\/la-bella-vita.club\/it\/category\/historisches-und-fakten-ueber-italien-das-ist-italien\/\">Fatti e storia<\/a>\t\t\t\t<\/div>\n\t\t\t\t<h2 class=\"entry-title\"><a href=\"https:\/\/la-bella-vita.club\/it\/ferragosto-warum-italien-am-15-august-stillsteht\/\" rel=\"bookmark\">Ferragosto: perch\u00e9 il 15 agosto l'Italia si ferma<\/a><\/h2>\t\t\t\t\t\t\t\t\t\t<div class=\"entry-meta\">\n\t\t\t\t\t<time class=\"entry-date published\" datetime=\"2026-08-02T21:20:23+02:00\">2 agosto 2026<\/time><time class=\"updated\" datetime=\"2026-08-04T19:20:14+02:00\">4 agosto 2026<\/time>\t\t\t\t<\/div><!-- .entry-meta -->\n\t\t\t\t\t\t\t\t<\/div><!-- .entry-wrapper -->\n\t<\/article>\n\n\t\t\t\t<\/div>\n\t\t\n\t<\/div>\n\t<div class=\"shariff shariff-align-left shariff-widget-align-left\" data-services=\"facebook%7Cpinterest\" data-url=\"https:\/\/la-bella-vita.club\/it\/der-pate-worte-die-weltgeschichte-schrieben\/\" data-timestamp=\"1744068645\" data-backendurl=\"https:\/\/la-bella-vita.club\/it\/wp-json\/shariff\/v1\/share_counts?\"><ul class=\"shariff-buttons theme-round orientation-horizontal buttonsize-small\"><li class=\"shariff-button whatsapp shariff-nocustomcolor\" style=\"background-color:#5cbe4a\"><a href=\"https:\/\/api.whatsapp.com\/send?text=https%3A%2F%2Fla-bella-vita.club%2Fit%2Fder-pate-worte-die-weltgeschichte-schrieben%2F%20%E2%80%9EDer%20Pate%E2%80%9C%3A%20Worte%2C%20die%20Weltgeschichte%20schrieben\" title=\"Condividi su Whatsapp\" aria-label=\"Condividi su Whatsapp\" role=\"button\" rel=\"noopener nofollow\" class=\"shariff-link\" style=\"; background-color:#34af23; color:#fff\" target=\"_blank\"><span class=\"shariff-icon\" style=\"\"><svg width=\"32px\" height=\"20px\" xmlns=\"http:\/\/www.w3.org\/2000\/svg\" viewbox=\"0 0 32 32\"><path fill=\"#34af23\" d=\"M17.6 17.4q0.2 0 1.7 0.8t1.6 0.9q0 0.1 0 0.3 0 0.6-0.3 1.4-0.3 0.7-1.3 1.2t-1.8 0.5q-1 0-3.4-1.1-1.7-0.8-3-2.1t-2.6-3.3q-1.3-1.9-1.3-3.5v-0.1q0.1-1.6 1.3-2.8 0.4-0.4 0.9-0.4 0.1 0 0.3 0t0.3 0q0.3 0 0.5 0.1t0.3 0.5q0.1 0.4 0.6 1.6t0.4 1.3q0 0.4-0.6 1t-0.6 0.8q0 0.1 0.1 0.3 0.6 1.3 1.8 2.4 1 0.9 2.7 1.8 0.2 0.1 0.4 0.1 0.3 0 1-0.9t0.9-0.9zM14 26.9q2.3 0 4.3-0.9t3.6-2.4 2.4-3.6 0.9-4.3-0.9-4.3-2.4-3.6-3.6-2.4-4.3-0.9-4.3 0.9-3.6 2.4-2.4 3.6-0.9 4.3q0 3.6 2.1 6.6l-1.4 4.2 4.3-1.4q2.8 1.9 6.2 1.9zM14 2.2q2.7 0 5.2 1.1t4.3 2.9 2.9 4.3 1.1 5.2-1.1 5.2-2.9 4.3-4.3 2.9-5.2 1.1q-3.5 0-6.5-1.7l-7.4 2.4 2.4-7.2q-1.9-3.2-1.9-6.9 0-2.7 1.1-5.2t2.9-4.3 4.3-2.9 5.2-1.1z\"\/><\/svg><\/span><\/a><\/li><li class=\"shariff-button mailto shariff-nocustomcolor\" style=\"background-color:#a8a8a8\"><a href=\"mailto:?body=https%3A%2F%2Fla-bella-vita.club%2Fit%2Fder-pate-worte-die-weltgeschichte-schrieben%2F&subject=%E2%80%9EDer%20Pate%E2%80%9C%3A%20Worte%2C%20die%20Weltgeschichte%20schrieben\" title=\"Invia per e-mail\" aria-label=\"Invia per e-mail\" role=\"button\" rel=\"noopener nofollow\" class=\"shariff-link\" style=\"; background-color:#999; color:#fff\"><span class=\"shariff-icon\" style=\"\"><svg width=\"32px\" height=\"20px\" xmlns=\"http:\/\/www.w3.org\/2000\/svg\" viewbox=\"0 0 32 32\"><path fill=\"#999\" d=\"M32 12.7v14.2q0 1.2-0.8 2t-2 0.9h-26.3q-1.2 0-2-0.9t-0.8-2v-14.2q0.8 0.9 1.8 1.6 6.5 4.4 8.9 6.1 1 0.8 1.6 1.2t1.7 0.9 2 0.4h0.1q0.9 0 2-0.4t1.7-0.9 1.6-1.2q3-2.2 8.9-6.1 1-0.7 1.8-1.6zM32 7.4q0 1.4-0.9 2.7t-2.2 2.2q-6.7 4.7-8.4 5.8-0.2 0.1-0.7 0.5t-1 0.7-0.9 0.6-1.1 0.5-0.9 0.2h-0.1q-0.4 0-0.9-0.2t-1.1-0.5-0.9-0.6-1-0.7-0.7-0.5q-1.6-1.1-4.7-3.2t-3.6-2.6q-1.1-0.7-2.1-2t-1-2.5q0-1.4 0.7-2.3t2.1-0.9h26.3q1.2 0 2 0.8t0.9 2z\"\/><\/svg><\/span><\/a><\/li><li class=\"shariff-button telegram shariff-nocustomcolor\" style=\"background-color:#4084A6\"><a href=\"https:\/\/telegram.me\/share\/url?url=https%3A%2F%2Fla-bella-vita.club%2Fit%2Fder-pate-worte-die-weltgeschichte-schrieben%2F&text=%E2%80%9EDer%20Pate%E2%80%9C%3A%20Worte%2C%20die%20Weltgeschichte%20schrieben\" title=\"Condividi su Telegram\" aria-label=\"Condividi su Telegram\" role=\"button\" rel=\"noopener nofollow\" class=\"shariff-link\" style=\"; background-color:#0088cc; color:#fff\" target=\"_blank\"><span class=\"shariff-icon\" style=\"\"><svg width=\"32px\" height=\"20px\" xmlns=\"http:\/\/www.w3.org\/2000\/svg\" viewbox=\"0 0 32 32\"><path fill=\"#0088cc\" d=\"M30.8 6.5l-4.5 21.4c-.3 1.5-1.2 1.9-2.5 1.2L16.9 24l-3.3 3.2c-.4.4-.7.7-1.4.7l.5-7L25.5 9.2c.6-.5-.1-.8-.9-.3l-15.8 10L2 16.7c-1.5-.5-1.5-1.5.3-2.2L28.9 4.3c1.3-.5 2.3.3 1.9 2.2z\"\/><\/svg><\/span><\/a><\/li><li class=\"shariff-button sms shariff-nocustomcolor shariff-mobile\" style=\"background-color:#d7d9d8\"><a href=\"sms:?&body=https%3A%2F%2Fla-bella-vita.club%2Fit%2Fder-pate-worte-die-weltgeschichte-schrieben%2F\" title=\"Condividi via SMS\" aria-label=\"Condividi via SMS\" role=\"button\" rel=\"noopener nofollow\" class=\"shariff-link\" style=\"; background-color:#a1e877; color:#fff\" target=\"_blank\"><span class=\"shariff-icon\" style=\"\"><svg xmlns=\"http:\/\/www.w3.org\/2000\/svg\" width=\"510\" height=\"510\" viewbox=\"0 0 510 510\"><path fill=\"#a1e877\" d=\"M459 0H51C23 0 0 23 0 51v459l102-102h357c28.1 0 51-22.9 51-51V51C510 23 487.1 0 459 0zM178.5 229.5h-51v-51h51V229.5zM280.5 229.5h-51v-51h51V229.5zM382.5 229.5h-51v-51h51V229.5z\"\/><\/svg><\/span><\/a><\/li><li class=\"shariff-button twitter shariff-nocustomcolor\" style=\"background-color:#595959\"><a href=\"https:\/\/twitter.com\/share?url=https%3A%2F%2Fla-bella-vita.club%2Fit%2Fder-pate-worte-die-weltgeschichte-schrieben%2F&text=%E2%80%9EDer%20Pate%E2%80%9C%3A%20Worte%2C%20die%20Weltgeschichte%20schrieben\" title=\"Condividi a X\" aria-label=\"Condividi a X\" role=\"button\" rel=\"noopener nofollow\" class=\"shariff-link\" style=\"; background-color:#000; color:#fff\" target=\"_blank\"><span class=\"shariff-icon\" style=\"\"><svg width=\"32px\" height=\"20px\" xmlns=\"http:\/\/www.w3.org\/2000\/svg\" viewbox=\"0 0 24 24\"><path fill=\"#000\" d=\"M14.258 10.152L23.176 0h-2.113l-7.747 8.813L7.133 0H0l9.352 13.328L0 23.973h2.113l8.176-9.309 6.531 9.309h7.133zm-2.895 3.293l-.949-1.328L2.875 1.56h3.246l6.086 8.523.945 1.328 7.91 11.078h-3.246zm0 0\"\/><\/svg><\/span><\/a><\/li><li class=\"shariff-button facebook shariff-nocustomcolor\" style=\"background-color:#4273c8\"><a href=\"https:\/\/www.facebook.com\/sharer\/sharer.php?u=https%3A%2F%2Fla-bella-vita.club%2Fit%2Fder-pate-worte-die-weltgeschichte-schrieben%2F\" title=\"Condividi su Facebook\" aria-label=\"Condividi su Facebook\" role=\"button\" rel=\"nofollow\" class=\"shariff-link\" style=\"; background-color:#3b5998; color:#fff\" target=\"_blank\"><span class=\"shariff-icon\" style=\"\"><svg width=\"32px\" height=\"20px\" xmlns=\"http:\/\/www.w3.org\/2000\/svg\" viewbox=\"0 0 18 32\"><path fill=\"#3b5998\" d=\"M17.1 0.2v4.7h-2.8q-1.5 0-2.1 0.6t-0.5 1.9v3.4h5.2l-0.7 5.3h-4.5v13.6h-5.5v-13.6h-4.5v-5.3h4.5v-3.9q0-3.3 1.9-5.2t5-1.8q2.6 0 4.1 0.2z\"\/><\/svg><\/span><\/a><\/li><li class=\"shariff-button pinterest shariff-nocustomcolor\" style=\"background-color:#e70f18\"><a href=\"https:\/\/www.pinterest.com\/pin\/create\/link\/?url=https%3A%2F%2Fla-bella-vita.club%2Fit%2Fder-pate-worte-die-weltgeschichte-schrieben%2F&media=https%3A%2F%2Fla-bella-vita.club%2Fwp-content%2Fuploads%2F2025%2F04%2FDer-Pate_Zitate.jpg&description=%E2%80%9EDer%20Pate%E2%80%9C%3A%20Worte%2C%20die%20Weltgeschichte%20schrieben\" title=\"Pin su Pinterest\" aria-label=\"Pin su Pinterest\" role=\"button\" rel=\"noopener nofollow\" class=\"shariff-link\" style=\"; background-color:#cb2027; color:#fff\" target=\"_blank\"><span class=\"shariff-icon\" style=\"\"><svg width=\"32px\" height=\"20px\" xmlns=\"http:\/\/www.w3.org\/2000\/svg\" viewbox=\"0 0 27 32\"><path fill=\"#cb2027\" d=\"M27.4 16q0 3.7-1.8 6.9t-5 5-6.9 1.9q-2 0-3.9-0.6 1.1-1.7 1.4-2.9 0.2-0.6 1-3.8 0.4 0.7 1.3 1.2t2 0.5q2.1 0 3.8-1.2t2.7-3.4 0.9-4.8q0-2-1.1-3.8t-3.1-2.9-4.5-1.2q-1.9 0-3.5 0.5t-2.8 1.4-2 2-1.2 2.3-0.4 2.4q0 1.9 0.7 3.3t2.1 2q0.5 0.2 0.7-0.4 0-0.1 0.1-0.5t0.2-0.5q0.1-0.4-0.2-0.8-0.9-1.1-0.9-2.7 0-2.7 1.9-4.6t4.9-2q2.7 0 4.2 1.5t1.5 3.8q0 3-1.2 5.2t-3.1 2.1q-1.1 0-1.7-0.8t-0.4-1.9q0.1-0.6 0.5-1.7t0.5-1.8 0.2-1.4q0-0.9-0.5-1.5t-1.4-0.6q-1.1 0-1.9 1t-0.8 2.6q0 1.3 0.4 2.2l-1.8 7.5q-0.3 1.2-0.2 3.2-3.7-1.6-6-5t-2.3-7.6q0-3.7 1.9-6.9t5-5 6.9-1.9 6.9 1.9 5 5 1.8 6.9z\"\/><\/svg><\/span><\/a><\/li><\/ul><\/div>","protected":false},"excerpt":{"rendered":"<p>Alcuni film raccontano storie. Il Padrino scrive miti. <\/p>\n<div class=\"shariff shariff-align-left shariff-widget-align-left\" data-services=\"facebook%7Cpinterest\" data-url=\"https:\/\/la-bella-vita.club\/it\/der-pate-worte-die-weltgeschichte-schrieben\/\" data-timestamp=\"1744068645\" data-backendurl=\"https:\/\/la-bella-vita.club\/it\/wp-json\/shariff\/v1\/share_counts?\"><ul class=\"shariff-buttons theme-round orientation-horizontal buttonsize-small\"><li class=\"shariff-button whatsapp shariff-nocustomcolor\" style=\"background-color:#5cbe4a\"><a href=\"https:\/\/api.whatsapp.com\/send?text=https%3A%2F%2Fla-bella-vita.club%2Fit%2Fder-pate-worte-die-weltgeschichte-schrieben%2F%20%E2%80%9EDer%20Pate%E2%80%9C%3A%20Worte%2C%20die%20Weltgeschichte%20schrieben\" title=\"Condividi su Whatsapp\" aria-label=\"Condividi su Whatsapp\" role=\"button\" rel=\"noopener nofollow\" class=\"shariff-link\" style=\"; background-color:#34af23; color:#fff\" target=\"_blank\"><span class=\"shariff-icon\" style=\"\"><svg width=\"32px\" height=\"20px\" xmlns=\"http:\/\/www.w3.org\/2000\/svg\" viewbox=\"0 0 32 32\"><path fill=\"#34af23\" d=\"M17.6 17.4q0.2 0 1.7 0.8t1.6 0.9q0 0.1 0 0.3 0 0.6-0.3 1.4-0.3 0.7-1.3 1.2t-1.8 0.5q-1 0-3.4-1.1-1.7-0.8-3-2.1t-2.6-3.3q-1.3-1.9-1.3-3.5v-0.1q0.1-1.6 1.3-2.8 0.4-0.4 0.9-0.4 0.1 0 0.3 0t0.3 0q0.3 0 0.5 0.1t0.3 0.5q0.1 0.4 0.6 1.6t0.4 1.3q0 0.4-0.6 1t-0.6 0.8q0 0.1 0.1 0.3 0.6 1.3 1.8 2.4 1 0.9 2.7 1.8 0.2 0.1 0.4 0.1 0.3 0 1-0.9t0.9-0.9zM14 26.9q2.3 0 4.3-0.9t3.6-2.4 2.4-3.6 0.9-4.3-0.9-4.3-2.4-3.6-3.6-2.4-4.3-0.9-4.3 0.9-3.6 2.4-2.4 3.6-0.9 4.3q0 3.6 2.1 6.6l-1.4 4.2 4.3-1.4q2.8 1.9 6.2 1.9zM14 2.2q2.7 0 5.2 1.1t4.3 2.9 2.9 4.3 1.1 5.2-1.1 5.2-2.9 4.3-4.3 2.9-5.2 1.1q-3.5 0-6.5-1.7l-7.4 2.4 2.4-7.2q-1.9-3.2-1.9-6.9 0-2.7 1.1-5.2t2.9-4.3 4.3-2.9 5.2-1.1z\"\/><\/svg><\/span><\/a><\/li><li class=\"shariff-button mailto shariff-nocustomcolor\" style=\"background-color:#a8a8a8\"><a href=\"mailto:?body=https%3A%2F%2Fla-bella-vita.club%2Fit%2Fder-pate-worte-die-weltgeschichte-schrieben%2F&subject=%E2%80%9EDer%20Pate%E2%80%9C%3A%20Worte%2C%20die%20Weltgeschichte%20schrieben\" title=\"Invia per e-mail\" aria-label=\"Invia per e-mail\" role=\"button\" rel=\"noopener nofollow\" class=\"shariff-link\" style=\"; background-color:#999; color:#fff\"><span class=\"shariff-icon\" style=\"\"><svg width=\"32px\" height=\"20px\" xmlns=\"http:\/\/www.w3.org\/2000\/svg\" viewbox=\"0 0 32 32\"><path fill=\"#999\" d=\"M32 12.7v14.2q0 1.2-0.8 2t-2 0.9h-26.3q-1.2 0-2-0.9t-0.8-2v-14.2q0.8 0.9 1.8 1.6 6.5 4.4 8.9 6.1 1 0.8 1.6 1.2t1.7 0.9 2 0.4h0.1q0.9 0 2-0.4t1.7-0.9 1.6-1.2q3-2.2 8.9-6.1 1-0.7 1.8-1.6zM32 7.4q0 1.4-0.9 2.7t-2.2 2.2q-6.7 4.7-8.4 5.8-0.2 0.1-0.7 0.5t-1 0.7-0.9 0.6-1.1 0.5-0.9 0.2h-0.1q-0.4 0-0.9-0.2t-1.1-0.5-0.9-0.6-1-0.7-0.7-0.5q-1.6-1.1-4.7-3.2t-3.6-2.6q-1.1-0.7-2.1-2t-1-2.5q0-1.4 0.7-2.3t2.1-0.9h26.3q1.2 0 2 0.8t0.9 2z\"\/><\/svg><\/span><\/a><\/li><li class=\"shariff-button telegram shariff-nocustomcolor\" style=\"background-color:#4084A6\"><a href=\"https:\/\/telegram.me\/share\/url?url=https%3A%2F%2Fla-bella-vita.club%2Fit%2Fder-pate-worte-die-weltgeschichte-schrieben%2F&text=%E2%80%9EDer%20Pate%E2%80%9C%3A%20Worte%2C%20die%20Weltgeschichte%20schrieben\" title=\"Condividi su Telegram\" aria-label=\"Condividi su Telegram\" role=\"button\" rel=\"noopener nofollow\" class=\"shariff-link\" style=\"; background-color:#0088cc; color:#fff\" target=\"_blank\"><span class=\"shariff-icon\" style=\"\"><svg width=\"32px\" height=\"20px\" xmlns=\"http:\/\/www.w3.org\/2000\/svg\" viewbox=\"0 0 32 32\"><path fill=\"#0088cc\" d=\"M30.8 6.5l-4.5 21.4c-.3 1.5-1.2 1.9-2.5 1.2L16.9 24l-3.3 3.2c-.4.4-.7.7-1.4.7l.5-7L25.5 9.2c.6-.5-.1-.8-.9-.3l-15.8 10L2 16.7c-1.5-.5-1.5-1.5.3-2.2L28.9 4.3c1.3-.5 2.3.3 1.9 2.2z\"\/><\/svg><\/span><\/a><\/li><li class=\"shariff-button sms shariff-nocustomcolor shariff-mobile\" style=\"background-color:#d7d9d8\"><a href=\"sms:?&body=https%3A%2F%2Fla-bella-vita.club%2Fit%2Fder-pate-worte-die-weltgeschichte-schrieben%2F\" title=\"Condividi via SMS\" aria-label=\"Condividi via SMS\" role=\"button\" rel=\"noopener nofollow\" class=\"shariff-link\" style=\"; background-color:#a1e877; color:#fff\" target=\"_blank\"><span class=\"shariff-icon\" style=\"\"><svg xmlns=\"http:\/\/www.w3.org\/2000\/svg\" width=\"510\" height=\"510\" viewbox=\"0 0 510 510\"><path fill=\"#a1e877\" d=\"M459 0H51C23 0 0 23 0 51v459l102-102h357c28.1 0 51-22.9 51-51V51C510 23 487.1 0 459 0zM178.5 229.5h-51v-51h51V229.5zM280.5 229.5h-51v-51h51V229.5zM382.5 229.5h-51v-51h51V229.5z\"\/><\/svg><\/span><\/a><\/li><li class=\"shariff-button twitter shariff-nocustomcolor\" style=\"background-color:#595959\"><a href=\"https:\/\/twitter.com\/share?url=https%3A%2F%2Fla-bella-vita.club%2Fit%2Fder-pate-worte-die-weltgeschichte-schrieben%2F&text=%E2%80%9EDer%20Pate%E2%80%9C%3A%20Worte%2C%20die%20Weltgeschichte%20schrieben\" title=\"Condividi a X\" aria-label=\"Condividi a X\" role=\"button\" rel=\"noopener nofollow\" class=\"shariff-link\" style=\"; background-color:#000; color:#fff\" target=\"_blank\"><span class=\"shariff-icon\" style=\"\"><svg width=\"32px\" height=\"20px\" xmlns=\"http:\/\/www.w3.org\/2000\/svg\" viewbox=\"0 0 24 24\"><path fill=\"#000\" d=\"M14.258 10.152L23.176 0h-2.113l-7.747 8.813L7.133 0H0l9.352 13.328L0 23.973h2.113l8.176-9.309 6.531 9.309h7.133zm-2.895 3.293l-.949-1.328L2.875 1.56h3.246l6.086 8.523.945 1.328 7.91 11.078h-3.246zm0 0\"\/><\/svg><\/span><\/a><\/li><li class=\"shariff-button facebook shariff-nocustomcolor\" style=\"background-color:#4273c8\"><a href=\"https:\/\/www.facebook.com\/sharer\/sharer.php?u=https%3A%2F%2Fla-bella-vita.club%2Fit%2Fder-pate-worte-die-weltgeschichte-schrieben%2F\" title=\"Condividi su Facebook\" aria-label=\"Condividi su Facebook\" role=\"button\" rel=\"nofollow\" class=\"shariff-link\" style=\"; background-color:#3b5998; color:#fff\" target=\"_blank\"><span class=\"shariff-icon\" style=\"\"><svg width=\"32px\" height=\"20px\" xmlns=\"http:\/\/www.w3.org\/2000\/svg\" viewbox=\"0 0 18 32\"><path fill=\"#3b5998\" d=\"M17.1 0.2v4.7h-2.8q-1.5 0-2.1 0.6t-0.5 1.9v3.4h5.2l-0.7 5.3h-4.5v13.6h-5.5v-13.6h-4.5v-5.3h4.5v-3.9q0-3.3 1.9-5.2t5-1.8q2.6 0 4.1 0.2z\"\/><\/svg><\/span><\/a><\/li><li class=\"shariff-button pinterest shariff-nocustomcolor\" style=\"background-color:#e70f18\"><a href=\"https:\/\/www.pinterest.com\/pin\/create\/link\/?url=https%3A%2F%2Fla-bella-vita.club%2Fit%2Fder-pate-worte-die-weltgeschichte-schrieben%2F&media=https%3A%2F%2Fla-bella-vita.club%2Fwp-content%2Fuploads%2F2025%2F04%2FDer-Pate_Zitate.jpg&description=%E2%80%9EDer%20Pate%E2%80%9C%3A%20Worte%2C%20die%20Weltgeschichte%20schrieben\" title=\"Pin su Pinterest\" aria-label=\"Pin su Pinterest\" role=\"button\" rel=\"noopener nofollow\" class=\"shariff-link\" style=\"; background-color:#cb2027; color:#fff\" target=\"_blank\"><span class=\"shariff-icon\" style=\"\"><svg width=\"32px\" height=\"20px\" xmlns=\"http:\/\/www.w3.org\/2000\/svg\" viewbox=\"0 0 27 32\"><path fill=\"#cb2027\" d=\"M27.4 16q0 3.7-1.8 6.9t-5 5-6.9 1.9q-2 0-3.9-0.6 1.1-1.7 1.4-2.9 0.2-0.6 1-3.8 0.4 0.7 1.3 1.2t2 0.5q2.1 0 3.8-1.2t2.7-3.4 0.9-4.8q0-2-1.1-3.8t-3.1-2.9-4.5-1.2q-1.9 0-3.5 0.5t-2.8 1.4-2 2-1.2 2.3-0.4 2.4q0 1.9 0.7 3.3t2.1 2q0.5 0.2 0.7-0.4 0-0.1 0.1-0.5t0.2-0.5q0.1-0.4-0.2-0.8-0.9-1.1-0.9-2.7 0-2.7 1.9-4.6t4.9-2q2.7 0 4.2 1.5t1.5 3.8q0 3-1.2 5.2t-3.1 2.1q-1.1 0-1.7-0.8t-0.4-1.9q0.1-0.6 0.5-1.7t0.5-1.8 0.2-1.4q0-0.9-0.5-1.5t-1.4-0.6q-1.1 0-1.9 1t-0.8 2.6q0 1.3 0.4 2.2l-1.8 7.5q-0.3 1.2-0.2 3.2-3.7-1.6-6-5t-2.3-7.6q0-3.7 1.9-6.9t5-5 6.9-1.9 6.9 1.9 5 5 1.8 6.9z\"\/><\/svg><\/span><\/a><\/li><\/ul><\/div>","protected":false},"author":198281585,"featured_media":40307,"comment_status":"open","ping_status":"closed","sticky":false,"template":"","format":"standard","meta":{"_coblocks_attr":"","_coblocks_dimensions":"","_coblocks_responsive_height":"","_coblocks_accordion_ie_support":"","_jetpack_newsletter_access":"","_jetpack_dont_email_post_to_subs":false,"_jetpack_newsletter_tier_id":0,"_jetpack_memberships_contains_paywalled_content":false,"_wpcom_ai_launchpad_first_post":false,"_jetpack_feature_clip_id":0,"_jetpack_memberships_contains_paid_content":false,"footnotes":"","jetpack_post_was_ever_published":false},"categories":[3017],"tags":[3488,2953,3487],"class_list":["post-40296","post","type-post","status-publish","format-standard","has-post-thumbnail","hentry","category-stars-und-sternchen-in-italien-willkommen-bei-den-italienischen-promis","tag-blockbuster","tag-italienischer-kultfilm-der-pate-mit-marlon-brando","tag-kino","infinite-scroll-item"],"yoast_head":"<!-- This site is optimized with the Yoast SEO Premium plugin v28.2 (Yoast SEO v28.4) - https:\/\/yoast.com\/product\/yoast-seo-premium-wordpress\/ -->\n<title>\u201eDer Pate\u201c: Worte, die Weltgeschichte schrieben<\/title>\n<meta name=\"description\" content=\"Manche Filme erz\u00e4hlen Geschichten. Der Pate schreibt Mythen. Die besten Zitate aus dem Mafia-Kultfilm mit Marlon Brando in der Hauptrolle.\" \/>\n<meta name=\"robots\" content=\"index, follow, max-snippet:-1, max-image-preview:large, max-video-preview:-1\" \/>\n<link rel=\"canonical\" href=\"https:\/\/la-bella-vita.club\/it\/le-parole-del-padrino-che-hanno-scritto-la-storia-del-mondo\/\" \/>\n<meta property=\"og:locale\" content=\"it_IT\" \/>\n<meta property=\"og:type\" content=\"article\" \/>\n<meta property=\"og:title\" content=\"\u201eDer Pate\u201c: Worte, die Weltgeschichte schrieben\" \/>\n<meta property=\"og:description\" content=\"Manche Filme erz\u00e4hlen Geschichten. Der Pate schreibt Mythen. Die besten Zitate aus dem Mafia-Kultfilm mit Marlon Brando in der Hauptrolle.\" \/>\n<meta property=\"og:url\" content=\"https:\/\/la-bella-vita.club\/it\/le-parole-del-padrino-che-hanno-scritto-la-storia-del-mondo\/\" \/>\n<meta property=\"og:site_name\" content=\"la bella vita club\" \/>\n<meta property=\"article:publisher\" content=\"https:\/\/www.facebook.com\/labellavita.club\" \/>\n<meta property=\"article:published_time\" content=\"2025-04-07T18:42:21+00:00\" \/>\n<meta property=\"article:modified_time\" content=\"2025-04-07T21:30:45+00:00\" \/>\n<meta property=\"og:image\" content=\"https:\/\/la-bella-vita.club\/wp-content\/uploads\/2025\/04\/Der-Pate_Zitate.jpg\" \/>\n\t<meta property=\"og:image:width\" content=\"1200\" \/>\n\t<meta property=\"og:image:height\" content=\"675\" \/>\n\t<meta property=\"og:image:type\" content=\"image\/jpeg\" \/>\n<meta name=\"author\" content=\"KAYSERIN media\" \/>\n<meta name=\"twitter:card\" content=\"summary_large_image\" \/>\n<meta name=\"twitter:label1\" content=\"Scritto da\" \/>\n\t<meta name=\"twitter:data1\" content=\"KAYSERIN media\" \/>\n\t<meta name=\"twitter:label2\" content=\"Tempo di lettura stimato\" \/>\n\t<meta name=\"twitter:data2\" content=\"5 minuti\" \/>\n<script type=\"application\/ld+json\" class=\"yoast-schema-graph\">{\"@context\":\"https:\\\/\\\/schema.org\",\"@graph\":[{\"@type\":\"Article\",\"@id\":\"https:\\\/\\\/la-bella-vita.club\\\/der-pate-worte-die-weltgeschichte-schrieben\\\/#article\",\"isPartOf\":{\"@id\":\"https:\\\/\\\/la-bella-vita.club\\\/der-pate-worte-die-weltgeschichte-schrieben\\\/\"},\"author\":{\"name\":\"KAYSERIN media\",\"@id\":\"https:\\\/\\\/la-bella-vita.club\\\/#\\\/schema\\\/person\\\/d5b88108808d5fc119cd16c6be56952d\"},\"headline\":\"\u201eDer Pate\u201c: Worte, die Weltgeschichte schrieben\",\"datePublished\":\"2025-04-07T18:42:21+00:00\",\"dateModified\":\"2025-04-07T21:30:45+00:00\",\"mainEntityOfPage\":{\"@id\":\"https:\\\/\\\/la-bella-vita.club\\\/der-pate-worte-die-weltgeschichte-schrieben\\\/\"},\"wordCount\":641,\"commentCount\":0,\"publisher\":{\"@id\":\"https:\\\/\\\/la-bella-vita.club\\\/#organization\"},\"image\":{\"@id\":\"https:\\\/\\\/la-bella-vita.club\\\/der-pate-worte-die-weltgeschichte-schrieben\\\/#primaryimage\"},\"thumbnailUrl\":\"https:\\\/\\\/la-bella-vita.club\\\/wp-content\\\/uploads\\\/2025\\\/04\\\/Der-Pate_Zitate.jpg\",\"keywords\":[\"Blockbuster\",\"Der Pate\",\"Kino\"],\"articleSection\":[\"Stars &amp; Sternchen\"],\"inLanguage\":\"it-IT\",\"potentialAction\":[{\"@type\":\"CommentAction\",\"name\":\"Comment\",\"target\":[\"https:\\\/\\\/la-bella-vita.club\\\/der-pate-worte-die-weltgeschichte-schrieben\\\/#respond\"]}]},{\"@type\":\"WebPage\",\"@id\":\"https:\\\/\\\/la-bella-vita.club\\\/der-pate-worte-die-weltgeschichte-schrieben\\\/\",\"url\":\"https:\\\/\\\/la-bella-vita.club\\\/der-pate-worte-die-weltgeschichte-schrieben\\\/\",\"name\":\"\u201eDer Pate\u201c: Worte, die Weltgeschichte schrieben\",\"isPartOf\":{\"@id\":\"https:\\\/\\\/la-bella-vita.club\\\/#website\"},\"primaryImageOfPage\":{\"@id\":\"https:\\\/\\\/la-bella-vita.club\\\/der-pate-worte-die-weltgeschichte-schrieben\\\/#primaryimage\"},\"image\":{\"@id\":\"https:\\\/\\\/la-bella-vita.club\\\/der-pate-worte-die-weltgeschichte-schrieben\\\/#primaryimage\"},\"thumbnailUrl\":\"https:\\\/\\\/la-bella-vita.club\\\/wp-content\\\/uploads\\\/2025\\\/04\\\/Der-Pate_Zitate.jpg\",\"datePublished\":\"2025-04-07T18:42:21+00:00\",\"dateModified\":\"2025-04-07T21:30:45+00:00\",\"description\":\"Manche Filme erz\u00e4hlen Geschichten. Der Pate schreibt Mythen. Die besten Zitate aus dem Mafia-Kultfilm mit Marlon Brando in der Hauptrolle.\",\"breadcrumb\":{\"@id\":\"https:\\\/\\\/la-bella-vita.club\\\/der-pate-worte-die-weltgeschichte-schrieben\\\/#breadcrumb\"},\"inLanguage\":\"it-IT\",\"potentialAction\":[{\"@type\":\"ReadAction\",\"target\":[\"https:\\\/\\\/la-bella-vita.club\\\/der-pate-worte-die-weltgeschichte-schrieben\\\/\"]}]},{\"@type\":\"ImageObject\",\"inLanguage\":\"it-IT\",\"@id\":\"https:\\\/\\\/la-bella-vita.club\\\/der-pate-worte-die-weltgeschichte-schrieben\\\/#primaryimage\",\"url\":\"https:\\\/\\\/la-bella-vita.club\\\/wp-content\\\/uploads\\\/2025\\\/04\\\/Der-Pate_Zitate.jpg\",\"contentUrl\":\"https:\\\/\\\/la-bella-vita.club\\\/wp-content\\\/uploads\\\/2025\\\/04\\\/Der-Pate_Zitate.jpg\",\"width\":1200,\"height\":675},{\"@type\":\"BreadcrumbList\",\"@id\":\"https:\\\/\\\/la-bella-vita.club\\\/der-pate-worte-die-weltgeschichte-schrieben\\\/#breadcrumb\",\"itemListElement\":[{\"@type\":\"ListItem\",\"position\":1,\"name\":\"Startseite\",\"item\":\"https:\\\/\\\/la-bella-vita.club\\\/\"},{\"@type\":\"ListItem\",\"position\":2,\"name\":\"\u201eDer Pate\u201c: Worte, die Weltgeschichte schrieben\"}]},{\"@type\":\"WebSite\",\"@id\":\"https:\\\/\\\/la-bella-vita.club\\\/#website\",\"url\":\"https:\\\/\\\/la-bella-vita.club\\\/\",\"name\":\"la bella vita club\",\"description\":\"Dein Magazin f\u00fcr Italien\",\"publisher\":{\"@id\":\"https:\\\/\\\/la-bella-vita.club\\\/#organization\"},\"potentialAction\":[{\"@type\":\"SearchAction\",\"target\":{\"@type\":\"EntryPoint\",\"urlTemplate\":\"https:\\\/\\\/la-bella-vita.club\\\/?s={search_term_string}\"},\"query-input\":{\"@type\":\"PropertyValueSpecification\",\"valueRequired\":true,\"valueName\":\"search_term_string\"}}],\"inLanguage\":\"it-IT\"},{\"@type\":\"Organization\",\"@id\":\"https:\\\/\\\/la-bella-vita.club\\\/#organization\",\"name\":\"la bella vita club\",\"url\":\"https:\\\/\\\/la-bella-vita.club\\\/\",\"logo\":{\"@type\":\"ImageObject\",\"inLanguage\":\"it-IT\",\"@id\":\"https:\\\/\\\/la-bella-vita.club\\\/#\\\/schema\\\/logo\\\/image\\\/\",\"url\":\"https:\\\/\\\/la-bella-vita.club\\\/wp-content\\\/uploads\\\/2025\\\/04\\\/cropped-Kopie-von-Kopie-von-Kopie-von-Marie-von-Kiesenwetter.png\",\"contentUrl\":\"https:\\\/\\\/la-bella-vita.club\\\/wp-content\\\/uploads\\\/2025\\\/04\\\/cropped-Kopie-von-Kopie-von-Kopie-von-Marie-von-Kiesenwetter.png\",\"width\":512,\"height\":512,\"caption\":\"la bella vita club\"},\"image\":{\"@id\":\"https:\\\/\\\/la-bella-vita.club\\\/#\\\/schema\\\/logo\\\/image\\\/\"},\"sameAs\":[\"https:\\\/\\\/www.facebook.com\\\/labellavita.club\",\"https:\\\/\\\/www.instagram.com\\\/labellavita.club\\\/\",\"https:\\\/\\\/www.youtube.com\\\/channel\\\/UCV7eNkxXPYvukjgUnlyI_-g\",\"https:\\\/\\\/www.tiktok.com\\\/labellavita.club\"]},{\"@type\":\"Person\",\"@id\":\"https:\\\/\\\/la-bella-vita.club\\\/#\\\/schema\\\/person\\\/d5b88108808d5fc119cd16c6be56952d\",\"name\":\"KAYSERIN media\",\"image\":{\"@type\":\"ImageObject\",\"inLanguage\":\"it-IT\",\"@id\":\"https:\\\/\\\/secure.gravatar.com\\\/avatar\\\/4e386f482ec9a3364e4c29c7977cc51a4f2672b673b24d429942d98717993c79?s=96&d=identicon&r=g\",\"url\":\"https:\\\/\\\/secure.gravatar.com\\\/avatar\\\/4e386f482ec9a3364e4c29c7977cc51a4f2672b673b24d429942d98717993c79?s=96&d=identicon&r=g\",\"contentUrl\":\"https:\\\/\\\/secure.gravatar.com\\\/avatar\\\/4e386f482ec9a3364e4c29c7977cc51a4f2672b673b24d429942d98717993c79?s=96&d=identicon&r=g\",\"caption\":\"KAYSERIN media\"},\"description\":\"EVERY STORY IS ONLY AS GOOD AS IT IS TOLD. We are storytellers in all formats, at every stage, from conception to production to strategy.\",\"sameAs\":[\"https:\\\/\\\/kayserin.io\"]}]}<\/script>\n<!-- \/ Yoast SEO Premium plugin. -->","yoast_head_json":{"title":"\"Il Padrino: Le parole che hanno scritto la storia del mondo","description":"Alcuni film raccontano storie. Il Padrino scrive miti. Le migliori citazioni del film cult sulla mafia con Marlon Brando.","robots":{"index":"index","follow":"follow","max-snippet":"max-snippet:-1","max-image-preview":"max-image-preview:large","max-video-preview":"max-video-preview:-1"},"canonical":"https:\/\/la-bella-vita.club\/it\/le-parole-del-padrino-che-hanno-scritto-la-storia-del-mondo\/","og_locale":"it_IT","og_type":"article","og_title":"\u201eDer Pate\u201c: Worte, die Weltgeschichte schrieben","og_description":"Manche Filme erz\u00e4hlen Geschichten. Der Pate schreibt Mythen. Die besten Zitate aus dem Mafia-Kultfilm mit Marlon Brando in der Hauptrolle.","og_url":"https:\/\/la-bella-vita.club\/it\/le-parole-del-padrino-che-hanno-scritto-la-storia-del-mondo\/","og_site_name":"la bella vita club","article_publisher":"https:\/\/www.facebook.com\/labellavita.club","article_published_time":"2025-04-07T18:42:21+00:00","article_modified_time":"2025-04-07T21:30:45+00:00","og_image":[{"width":1200,"height":675,"url":"https:\/\/la-bella-vita.club\/wp-content\/uploads\/2025\/04\/Der-Pate_Zitate.jpg","type":"image\/jpeg"}],"author":"KAYSERIN media","twitter_card":"summary_large_image","twitter_misc":{"Scritto da":"KAYSERIN media","Tempo di lettura stimato":"5 minuti"},"schema":{"@context":"https:\/\/schema.org","@graph":[{"@type":"Article","@id":"https:\/\/la-bella-vita.club\/der-pate-worte-die-weltgeschichte-schrieben\/#article","isPartOf":{"@id":"https:\/\/la-bella-vita.club\/der-pate-worte-die-weltgeschichte-schrieben\/"},"author":{"name":"KAYSERIN media","@id":"https:\/\/la-bella-vita.club\/#\/schema\/person\/d5b88108808d5fc119cd16c6be56952d"},"headline":"\u201eDer Pate\u201c: Worte, die Weltgeschichte schrieben","datePublished":"2025-04-07T18:42:21+00:00","dateModified":"2025-04-07T21:30:45+00:00","mainEntityOfPage":{"@id":"https:\/\/la-bella-vita.club\/der-pate-worte-die-weltgeschichte-schrieben\/"},"wordCount":641,"commentCount":0,"publisher":{"@id":"https:\/\/la-bella-vita.club\/#organization"},"image":{"@id":"https:\/\/la-bella-vita.club\/der-pate-worte-die-weltgeschichte-schrieben\/#primaryimage"},"thumbnailUrl":"https:\/\/la-bella-vita.club\/wp-content\/uploads\/2025\/04\/Der-Pate_Zitate.jpg","keywords":["Blockbuster","Der Pate","Kino"],"articleSection":["Stars &amp; Sternchen"],"inLanguage":"it-IT","potentialAction":[{"@type":"CommentAction","name":"Comment","target":["https:\/\/la-bella-vita.club\/der-pate-worte-die-weltgeschichte-schrieben\/#respond"]}]},{"@type":"WebPage","@id":"https:\/\/la-bella-vita.club\/der-pate-worte-die-weltgeschichte-schrieben\/","url":"https:\/\/la-bella-vita.club\/der-pate-worte-die-weltgeschichte-schrieben\/","name":"\"Il Padrino: Le parole che hanno scritto la storia del mondo","isPartOf":{"@id":"https:\/\/la-bella-vita.club\/#website"},"primaryImageOfPage":{"@id":"https:\/\/la-bella-vita.club\/der-pate-worte-die-weltgeschichte-schrieben\/#primaryimage"},"image":{"@id":"https:\/\/la-bella-vita.club\/der-pate-worte-die-weltgeschichte-schrieben\/#primaryimage"},"thumbnailUrl":"https:\/\/la-bella-vita.club\/wp-content\/uploads\/2025\/04\/Der-Pate_Zitate.jpg","datePublished":"2025-04-07T18:42:21+00:00","dateModified":"2025-04-07T21:30:45+00:00","description":"Alcuni film raccontano storie. Il Padrino scrive miti. Le migliori citazioni del film cult sulla mafia con Marlon Brando.","breadcrumb":{"@id":"https:\/\/la-bella-vita.club\/der-pate-worte-die-weltgeschichte-schrieben\/#breadcrumb"},"inLanguage":"it-IT","potentialAction":[{"@type":"ReadAction","target":["https:\/\/la-bella-vita.club\/der-pate-worte-die-weltgeschichte-schrieben\/"]}]},{"@type":"ImageObject","inLanguage":"it-IT","@id":"https:\/\/la-bella-vita.club\/der-pate-worte-die-weltgeschichte-schrieben\/#primaryimage","url":"https:\/\/la-bella-vita.club\/wp-content\/uploads\/2025\/04\/Der-Pate_Zitate.jpg","contentUrl":"https:\/\/la-bella-vita.club\/wp-content\/uploads\/2025\/04\/Der-Pate_Zitate.jpg","width":1200,"height":675},{"@type":"BreadcrumbList","@id":"https:\/\/la-bella-vita.club\/der-pate-worte-die-weltgeschichte-schrieben\/#breadcrumb","itemListElement":[{"@type":"ListItem","position":1,"name":"Startseite","item":"https:\/\/la-bella-vita.club\/"},{"@type":"ListItem","position":2,"name":"\u201eDer Pate\u201c: Worte, die Weltgeschichte schrieben"}]},{"@type":"WebSite","@id":"https:\/\/la-bella-vita.club\/#website","url":"https:\/\/la-bella-vita.club\/","name":"club la bella vita","description":"La tua rivista per l'Italia","publisher":{"@id":"https:\/\/la-bella-vita.club\/#organization"},"potentialAction":[{"@type":"SearchAction","target":{"@type":"EntryPoint","urlTemplate":"https:\/\/la-bella-vita.club\/?s={search_term_string}"},"query-input":{"@type":"PropertyValueSpecification","valueRequired":true,"valueName":"search_term_string"}}],"inLanguage":"it-IT"},{"@type":"Organization","@id":"https:\/\/la-bella-vita.club\/#organization","name":"club la bella vita","url":"https:\/\/la-bella-vita.club\/","logo":{"@type":"ImageObject","inLanguage":"it-IT","@id":"https:\/\/la-bella-vita.club\/#\/schema\/logo\/image\/","url":"https:\/\/la-bella-vita.club\/wp-content\/uploads\/2025\/04\/cropped-Kopie-von-Kopie-von-Kopie-von-Marie-von-Kiesenwetter.png","contentUrl":"https:\/\/la-bella-vita.club\/wp-content\/uploads\/2025\/04\/cropped-Kopie-von-Kopie-von-Kopie-von-Marie-von-Kiesenwetter.png","width":512,"height":512,"caption":"la bella vita club"},"image":{"@id":"https:\/\/la-bella-vita.club\/#\/schema\/logo\/image\/"},"sameAs":["https:\/\/www.facebook.com\/labellavita.club","https:\/\/www.instagram.com\/labellavita.club\/","https:\/\/www.youtube.com\/channel\/UCV7eNkxXPYvukjgUnlyI_-g","https:\/\/www.tiktok.com\/labellavita.club"]},{"@type":"Person","@id":"https:\/\/la-bella-vita.club\/#\/schema\/person\/d5b88108808d5fc119cd16c6be56952d","name":"Media KAYSERIN","image":{"@type":"ImageObject","inLanguage":"it-IT","@id":"https:\/\/secure.gravatar.com\/avatar\/4e386f482ec9a3364e4c29c7977cc51a4f2672b673b24d429942d98717993c79?s=96&d=identicon&r=g","url":"https:\/\/secure.gravatar.com\/avatar\/4e386f482ec9a3364e4c29c7977cc51a4f2672b673b24d429942d98717993c79?s=96&d=identicon&r=g","contentUrl":"https:\/\/secure.gravatar.com\/avatar\/4e386f482ec9a3364e4c29c7977cc51a4f2672b673b24d429942d98717993c79?s=96&d=identicon&r=g","caption":"KAYSERIN media"},"description":"OGNI STORIA \u00c8 BELLA SOLO SE VIENE RACCONTATA. Siamo narratori in tutti i formati, in tutte le fasi, dall'ideazione alla produzione alla strategia.","sameAs":["https:\/\/kayserin.io"]}]}},"jetpack_likes_enabled":false,"jetpack_shortlink":"https:\/\/wp.me\/pdmGHY-atW","jetpack-related-posts":[{"id":44237,"url":"https:\/\/la-bella-vita.club\/it\/italien-wie-im-film-diese-orte-sind-weltberuehmt-dank-hollywood\/","url_meta":{"origin":40296,"position":0},"title":"L'Italia come in un film: non solo ti senti in vacanza, ma anche al cinema.","author":"KAYSERIN media","date":"4. Giugno 2025","format":false,"excerpt":"Questi luoghi in Italia sono diventati famosi grazie al cinema - e alcuni erano gi\u00e0 famosi prima.","rel":"","context":"In &quot;Stars &amp; Sternchen&quot;","block_context":{"text":"Stars &amp; Sternchen","link":"https:\/\/la-bella-vita.club\/it\/category\/stars-und-sternchen-in-italien-willkommen-bei-den-italienischen-promis\/"},"img":{"alt_text":"Das Dorf Savoca auf Sizilien, bekannt aus \u201eDer Pate\u201d","src":"https:\/\/i0.wp.com\/la-bella-vita.club\/wp-content\/uploads\/2025\/06\/Kein-Titel-400-x-600-px-6.jpg?resize=350%2C200&ssl=1","width":350,"height":200,"srcset":"https:\/\/i0.wp.com\/la-bella-vita.club\/wp-content\/uploads\/2025\/06\/Kein-Titel-400-x-600-px-6.jpg?resize=350%2C200&ssl=1 1x, https:\/\/i0.wp.com\/la-bella-vita.club\/wp-content\/uploads\/2025\/06\/Kein-Titel-400-x-600-px-6.jpg?resize=525%2C300&ssl=1 1.5x, https:\/\/i0.wp.com\/la-bella-vita.club\/wp-content\/uploads\/2025\/06\/Kein-Titel-400-x-600-px-6.jpg?resize=700%2C400&ssl=1 2x, https:\/\/i0.wp.com\/la-bella-vita.club\/wp-content\/uploads\/2025\/06\/Kein-Titel-400-x-600-px-6.jpg?resize=1050%2C600&ssl=1 3x"},"classes":[]},{"id":3467,"url":"https:\/\/la-bella-vita.club\/it\/komodien-filme\/","url_meta":{"origin":40296,"position":1},"title":"COMEDIA- I cinque film pi\u00f9 divertenti in Italia","author":"KAYSERIN media","date":"11. Febbraio 2025","format":false,"excerpt":"Padrini nervosi, stalloni da ufficio italiani e i problemi quotidiani del piccolo uomo. La nostra TOP 5 dei film comici di e sull'Italia. Esilarante...","rel":"","context":"In &quot;Lebensgef\u00fchl &amp; Alltag&quot;","block_context":{"text":"Lebensgef\u00fchl &amp; Alltag","link":"https:\/\/la-bella-vita.club\/it\/category\/lifestyle-und-alltag-in-italien-traditionen-und-gebraeuche\/"},"img":{"alt_text":"lustige comedy filme aus italien","src":"https:\/\/i0.wp.com\/la-bella-vita.club\/wp-content\/uploads\/2021\/12\/titel-lustige-filme.jpg?resize=350%2C200&ssl=1","width":350,"height":200,"srcset":"https:\/\/i0.wp.com\/la-bella-vita.club\/wp-content\/uploads\/2021\/12\/titel-lustige-filme.jpg?resize=350%2C200&ssl=1 1x, https:\/\/i0.wp.com\/la-bella-vita.club\/wp-content\/uploads\/2021\/12\/titel-lustige-filme.jpg?resize=525%2C300&ssl=1 1.5x, https:\/\/i0.wp.com\/la-bella-vita.club\/wp-content\/uploads\/2021\/12\/titel-lustige-filme.jpg?resize=700%2C400&ssl=1 2x, https:\/\/i0.wp.com\/la-bella-vita.club\/wp-content\/uploads\/2021\/12\/titel-lustige-filme.jpg?resize=1050%2C600&ssl=1 3x"},"classes":[]},{"id":37548,"url":"https:\/\/la-bella-vita.club\/it\/geheimnisvolle-legenden-woher-kommt-der-panettone-wirklich\/","url_meta":{"origin":40296,"position":2},"title":"Leggende misteriose: Da dove viene davvero il panettone?","author":"KAYSERIN media","date":"22. Dicembre 2024","format":false,"excerpt":"Il classico natalizio italiano \u00e8 arrivato da tempo nei supermercati tedeschi. Il panettone \u00e8 probabilmente il dolce natalizio pi\u00f9 famoso al mondo. Misteriose leggende circondano la sua invenzione.","rel":"","context":"In &quot;Mamma mia, mangiare&quot;","block_context":{"text":"Mamma mia, mangiare","link":"https:\/\/la-bella-vita.club\/it\/category\/mangiare-essen-in-italien-gerichte-ablaeufe-und-mehr\/"},"img":{"alt_text":"Familie mit Panettone an Weihnachten","src":"https:\/\/i0.wp.com\/la-bella-vita.club\/wp-content\/uploads\/2024\/11\/Titel-labellavita.club-5.jpg?resize=350%2C200&ssl=1","width":350,"height":200,"srcset":"https:\/\/i0.wp.com\/la-bella-vita.club\/wp-content\/uploads\/2024\/11\/Titel-labellavita.club-5.jpg?resize=350%2C200&ssl=1 1x, https:\/\/i0.wp.com\/la-bella-vita.club\/wp-content\/uploads\/2024\/11\/Titel-labellavita.club-5.jpg?resize=525%2C300&ssl=1 1.5x, https:\/\/i0.wp.com\/la-bella-vita.club\/wp-content\/uploads\/2024\/11\/Titel-labellavita.club-5.jpg?resize=700%2C400&ssl=1 2x, https:\/\/i0.wp.com\/la-bella-vita.club\/wp-content\/uploads\/2024\/11\/Titel-labellavita.club-5.jpg?resize=1050%2C600&ssl=1 3x"},"classes":[]},{"id":47818,"url":"https:\/\/la-bella-vita.club\/it\/der-italien-urlaub-beginnt-am-autogrill-geschichte-eines-mythos\/","url_meta":{"origin":40296,"position":3},"title":"Una vacanza in Italia inizia all'autogrill: la storia di un mito","author":"KAYSERIN media","date":"19. Settembre 2025","format":false,"excerpt":"La prima tappa dell'espresso in vacanza.","rel":"","context":"In &quot;Lebensgef\u00fchl &amp; Alltag&quot;","block_context":{"text":"Lebensgef\u00fchl &amp; Alltag","link":"https:\/\/la-bella-vita.club\/it\/category\/lifestyle-und-alltag-in-italien-traditionen-und-gebraeuche\/"},"img":{"alt_text":"","src":"https:\/\/i0.wp.com\/la-bella-vita.club\/wp-content\/uploads\/2025\/08\/Titel-la-bella-vita.club_.jpg?resize=350%2C200&ssl=1","width":350,"height":200,"srcset":"https:\/\/i0.wp.com\/la-bella-vita.club\/wp-content\/uploads\/2025\/08\/Titel-la-bella-vita.club_.jpg?resize=350%2C200&ssl=1 1x, https:\/\/i0.wp.com\/la-bella-vita.club\/wp-content\/uploads\/2025\/08\/Titel-la-bella-vita.club_.jpg?resize=525%2C300&ssl=1 1.5x, https:\/\/i0.wp.com\/la-bella-vita.club\/wp-content\/uploads\/2025\/08\/Titel-la-bella-vita.club_.jpg?resize=700%2C400&ssl=1 2x, https:\/\/i0.wp.com\/la-bella-vita.club\/wp-content\/uploads\/2025\/08\/Titel-la-bella-vita.club_.jpg?resize=1050%2C600&ssl=1 3x"},"classes":[]},{"id":16511,"url":"https:\/\/la-bella-vita.club\/it\/kolosseum-in-rom-gladiatoren-superstars-auf-leben-und-tod\/","url_meta":{"origin":40296,"position":4},"title":"Superstar all'ultimo sangue: i gladiatori nell'antichit\u00e0","author":"KAYSERIN media","date":"8. Aprile 2025","format":false,"excerpt":"Ogni combattimento pu\u00f2 essere l'ultimo e la gente li ama per questo.","rel":"","context":"In &quot;Fakten &amp; Historisches&quot;","block_context":{"text":"Fakten &amp; Historisches","link":"https:\/\/la-bella-vita.club\/it\/category\/historisches-und-fakten-ueber-italien-das-ist-italien\/"},"img":{"alt_text":"Gladiatoren im Aten Rom","src":"https:\/\/i0.wp.com\/la-bella-vita.club\/wp-content\/uploads\/2024\/08\/2.jpg?resize=350%2C200&ssl=1","width":350,"height":200,"srcset":"https:\/\/i0.wp.com\/la-bella-vita.club\/wp-content\/uploads\/2024\/08\/2.jpg?resize=350%2C200&ssl=1 1x, https:\/\/i0.wp.com\/la-bella-vita.club\/wp-content\/uploads\/2024\/08\/2.jpg?resize=525%2C300&ssl=1 1.5x, https:\/\/i0.wp.com\/la-bella-vita.club\/wp-content\/uploads\/2024\/08\/2.jpg?resize=700%2C400&ssl=1 2x, https:\/\/i0.wp.com\/la-bella-vita.club\/wp-content\/uploads\/2024\/08\/2.jpg?resize=1050%2C600&ssl=1 3x"},"classes":[]},{"id":9520,"url":"https:\/\/la-bella-vita.club\/it\/eine-minute-schnellquiz-italien\/","url_meta":{"origin":40296,"position":5},"title":"Il quiz dei 60 secondi - Quanto velocemente riesci a riconoscere l'Italia?","author":"KAYSERIN media","date":"15. Aprile 2025","format":false,"excerpt":"Se pensi troppo a lungo, sei fuori! Quante domande riesci a fare?","rel":"","context":"In &quot;Italien-Quiz: Rate mal!&quot;","block_context":{"text":"Italien-Quiz: Rate mal!","link":"https:\/\/la-bella-vita.club\/it\/category\/quiz-ueber-italien-wie-gut-kennst-du-il-bel-paese\/"},"img":{"alt_text":"Piazza della Signoria in Florenz in der Toskana in Italien mit Touristen bei Nacht","src":"https:\/\/i0.wp.com\/la-bella-vita.club\/wp-content\/uploads\/2022\/06\/Titel-la-bella-vita.cub-17.jpg?resize=350%2C200&ssl=1","width":350,"height":200,"srcset":"https:\/\/i0.wp.com\/la-bella-vita.club\/wp-content\/uploads\/2022\/06\/Titel-la-bella-vita.cub-17.jpg?resize=350%2C200&ssl=1 1x, https:\/\/i0.wp.com\/la-bella-vita.club\/wp-content\/uploads\/2022\/06\/Titel-la-bella-vita.cub-17.jpg?resize=525%2C300&ssl=1 1.5x, https:\/\/i0.wp.com\/la-bella-vita.club\/wp-content\/uploads\/2022\/06\/Titel-la-bella-vita.cub-17.jpg?resize=700%2C400&ssl=1 2x, https:\/\/i0.wp.com\/la-bella-vita.club\/wp-content\/uploads\/2022\/06\/Titel-la-bella-vita.cub-17.jpg?resize=1050%2C600&ssl=1 3x"},"classes":[]}],"jetpack_sharing_enabled":true,"jetpack_featured_media_url":"https:\/\/la-bella-vita.club\/wp-content\/uploads\/2025\/04\/Der-Pate_Zitate.jpg","_links":{"self":[{"href":"https:\/\/la-bella-vita.club\/it\/wp-json\/wp\/v2\/posts\/40296","targetHints":{"allow":["GET"]}}],"collection":[{"href":"https:\/\/la-bella-vita.club\/it\/wp-json\/wp\/v2\/posts"}],"about":[{"href":"https:\/\/la-bella-vita.club\/it\/wp-json\/wp\/v2\/types\/post"}],"author":[{"embeddable":true,"href":"https:\/\/la-bella-vita.club\/it\/wp-json\/wp\/v2\/users\/198281585"}],"replies":[{"embeddable":true,"href":"https:\/\/la-bella-vita.club\/it\/wp-json\/wp\/v2\/comments?post=40296"}],"version-history":[{"count":26,"href":"https:\/\/la-bella-vita.club\/it\/wp-json\/wp\/v2\/posts\/40296\/revisions"}],"predecessor-version":[{"id":40336,"href":"https:\/\/la-bella-vita.club\/it\/wp-json\/wp\/v2\/posts\/40296\/revisions\/40336"}],"wp:featuredmedia":[{"embeddable":true,"href":"https:\/\/la-bella-vita.club\/it\/wp-json\/wp\/v2\/media\/40307"}],"wp:attachment":[{"href":"https:\/\/la-bella-vita.club\/it\/wp-json\/wp\/v2\/media?parent=40296"}],"wp:term":[{"taxonomy":"category","embeddable":true,"href":"https:\/\/la-bella-vita.club\/it\/wp-json\/wp\/v2\/categories?post=40296"},{"taxonomy":"post_tag","embeddable":true,"href":"https:\/\/la-bella-vita.club\/it\/wp-json\/wp\/v2\/tags?post=40296"}],"curies":[{"name":"wp","href":"https:\/\/api.w.org\/{rel}","templated":true}]}}