{"id":37184,"date":"2025-03-22T20:22:55","date_gmt":"2025-03-22T19:22:55","guid":{"rendered":"https:\/\/la-bella-vita.club\/?p=37184"},"modified":"2025-06-21T18:33:45","modified_gmt":"2025-06-21T16:33:45","slug":"larena-delle-opere-gladiatorie-e-lolimpia-di-verona","status":"publish","type":"post","link":"https:\/\/la-bella-vita.club\/it\/die-arena-von-veronas-gladiatoren-opern-und-olympia\/","title":{"rendered":"L'Arena di Verona: gladiatori e opere liriche"},"content":{"rendered":"<div style=\"height:32px\" aria-hidden=\"true\" class=\"wp-block-spacer\"><\/div>\n\n\n\n<p class=\"wp-block-paragraph\">Di ELIAS KAYSER<\/p>\n\n\n\n<div style=\"height:32px\" aria-hidden=\"true\" class=\"wp-block-spacer\"><\/div>\n\n\n\n<p class=\"wp-block-paragraph\">Colonia - <strong>L'Arena di Verona, un'imponente reliquia di epoca romana, \u00e8 ancora oggi il fulcro della citt\u00e0. Un tempo costruita come sede di combattimenti tra gladiatori e duelli tra animali, nel corso dei millenni si \u00e8 trasformata in una delle pi\u00f9 famose sale d'opera del mondo.<\/strong><\/p>\n\n\n\n<div style=\"height:55px\" aria-hidden=\"true\" class=\"wp-block-spacer\"><\/div>\n\n\n\n<h3 class=\"wp-block-heading\" id=\"h-die-baukunst-der-romer\">L'architettura dei Romani<\/h3>\n\n\n\n<div style=\"height:30px\" aria-hidden=\"true\" class=\"wp-block-spacer\"><\/div>\n\n\n\n<p class=\"wp-block-paragraph\">L'arena fu costruita intorno al 30 d.C. al di fuori delle mura della citt\u00e0 romana dell'epoca. In origine, l'anfiteatro era lungo 152 metri e largo 113 metri. Oggi ne rimangono 138 metri di lunghezza e 109 di larghezza. Questo fa dell'arena uno dei pi\u00f9 grandi edifici romani sopravvissuti. In passato, l'arena offriva spazio a pi\u00f9 di 30.000 spettatori per assistere ai popolari combattimenti tra gladiatori e ad altre competizioni pubbliche. Oggi l'arena pu\u00f2 ospitare circa 20.000 persone.<\/p>\n\n\n\n<p class=\"wp-block-paragraph\"><strong>In origine, l'esterno dell'arena era rivestito di pietra calcarea bianca e rosa proveniente dalla Valpolicella, che le conferiva una lucentezza quasi scintillante. Questo anello esterno di pietra si \u00e8 conservato solo in parte: nel corso dei secoli, l'arena \u00e8 stata spesso utilizzata come cava per altri progetti di costruzione.<\/strong><\/p>\n\n\n\n<div style=\"height:30px\" aria-hidden=\"true\" class=\"wp-block-spacer\"><\/div>\n\n\n<div class=\"wp-block-image\">\n<figure class=\"alignleft size-large\"><img decoding=\"async\" width=\"819\" height=\"1024\" data-attachment-id=\"37213\" data-permalink=\"https:\/\/la-bella-vita.club\/it\/die-arena-von-veronas-gladiatoren-opern-und-olympia\/elias-facebook-ko%cc%88ln-2\/#main\" data-orig-file=\"https:\/\/la-bella-vita.club\/wp-content\/uploads\/2024\/10\/ELIAS-Facebook-Koeln-2.jpg\" data-orig-size=\"1080,1350\" data-comments-opened=\"1\" data-image-meta=\"{&quot;aperture&quot;:&quot;0&quot;,&quot;credit&quot;:&quot;&quot;,&quot;camera&quot;:&quot;&quot;,&quot;caption&quot;:&quot;&quot;,&quot;created_timestamp&quot;:&quot;0&quot;,&quot;copyright&quot;:&quot;&quot;,&quot;focal_length&quot;:&quot;0&quot;,&quot;iso&quot;:&quot;0&quot;,&quot;shutter_speed&quot;:&quot;0&quot;,&quot;title&quot;:&quot;&quot;,&quot;orientation&quot;:&quot;1&quot;}\" data-image-title=\"Die Arena in Verona\" data-image-description=\"&lt;p&gt;Die Arena ist ein Publikumsmagnet in Verona&lt;\/p&gt;\" data-image-caption=\"&lt;p&gt;Die Arena ist ein Publikumsmagnet in Verona&lt;\/p&gt;\" data-large-file=\"https:\/\/la-bella-vita.club\/wp-content\/uploads\/2024\/10\/ELIAS-Facebook-Koeln-2-819x1024.jpg\" src=\"https:\/\/la-bella-vita.club\/wp-content\/uploads\/2024\/10\/ELIAS-Facebook-Koeln-2-819x1024.jpg\" alt=\"Arena di Verona\" class=\"wp-image-37213\" srcset=\"https:\/\/la-bella-vita.club\/wp-content\/uploads\/2024\/10\/ELIAS-Facebook-Koeln-2-819x1024.jpg 819w, https:\/\/la-bella-vita.club\/wp-content\/uploads\/2024\/10\/ELIAS-Facebook-Koeln-2-240x300.jpg 240w, https:\/\/la-bella-vita.club\/wp-content\/uploads\/2024\/10\/ELIAS-Facebook-Koeln-2-768x960.jpg 768w, https:\/\/la-bella-vita.club\/wp-content\/uploads\/2024\/10\/ELIAS-Facebook-Koeln-2-10x12.jpg 10w, https:\/\/la-bella-vita.club\/wp-content\/uploads\/2024\/10\/ELIAS-Facebook-Koeln-2.jpg 1080w\" sizes=\"(max-width: 819px) 100vw, 819px\" \/><figcaption class=\"wp-element-caption\"><strong>L'Arena \u00e8 un'attrazione per la folla a Verona<\/strong><\/figcaption><\/figure>\n<\/div>\n\n\n<div style=\"height:61px\" aria-hidden=\"true\" class=\"wp-block-spacer\"><\/div>\n\n\n\n<h3 class=\"wp-block-heading\" id=\"h-zerstorung-und-nutzung-als-steinbruch\">Distruzione e utilizzo come cava di pietra<\/h3>\n\n\n\n<div style=\"height:30px\" aria-hidden=\"true\" class=\"wp-block-spacer\"><\/div>\n\n\n\n<p class=\"wp-block-paragraph\">La storia dell'arena non \u00e8 caratterizzata solo da spettacoli sanguinosi, ma anche da distruzioni. Nel 265, l'imperatore Gallieno fece estendere le mura della citt\u00e0 intorno all'arena in modo che fosse integrata nelle fortificazioni cittadine. Per molto tempo si \u00e8 creduto che l'anello esterno dell'arena fosse stato in gran parte distrutto da un terremoto nel 1117. <\/p>\n\n\n\n<p class=\"wp-block-paragraph\"><strong>Tuttavia, recenti ritrovamenti archeologici hanno dimostrato che il re ostrogoto Teodorico fece demolire parzialmente l'anello esterno dopo la sua conquista di Verona nel 489. Le pietre furono utilizzate per costruire le nuove mura della citt\u00e0, forse anche per motivi militari, dato che l'arena sovrastava le mura cittadine. Le pietre furono utilizzate per costruire le nuove mura della citt\u00e0, forse anche per motivi militari, dato che l'arena sovrastava le mura della citt\u00e0. Oggi rimane solo una piccola parte dell'anello esterno, la cosiddetta \"ala\", <\/strong><em><strong>l'ala<\/strong><\/em><strong> che d\u00e0 un'idea della sua grandezza e del suo splendore originali.<\/strong><\/p>\n\n\n\n<div style=\"height:61px\" aria-hidden=\"true\" class=\"wp-block-spacer\"><\/div>\n\n\n\n<h3 class=\"wp-block-heading\" id=\"h-vom-steinbruch-zur-opernbuhne\">Dalla cava al palcoscenico dell'opera<\/h3>\n\n\n\n<div style=\"height:30px\" aria-hidden=\"true\" class=\"wp-block-spacer\"><\/div>\n\n\n\n<p class=\"wp-block-paragraph\"><strong>Gi\u00e0 nel Rinascimento si cerc\u00f2 di riutilizzare l'arena come teatro, ma solo nel XX secolo si riusc\u00ec a realizzare questo progetto in modo coerente. La svolta avvenne nel 1913, quando l'arena fu utilizzata per la prima volta come palcoscenico d'opera di livello mondiale. In occasione del centesimo compleanno di Giuseppe Verdi, il 10 agosto 1913 l'arena ospit\u00f2 la sua opera Aida. Questo storico spettacolo segn\u00f2 l'inizio di una nuova era per l'antico edificio.<\/strong><\/p>\n\n\n\n<p class=\"wp-block-paragraph\">Da allora, l'Arena di Verona \u00e8 uno dei luoghi d'opera pi\u00f9 rinomati al mondo. Ogni anno, durante i mesi estivi di giugno, luglio e agosto, si trasforma in un palcoscenico per spettacoli d'opera di alto livello. Opere di Verdi, Puccini e altri maestri della letteratura lirica vengono rappresentate all'aperto in un'atmosfera unica. L'acustica speciale e l'ambiente storico rendono gli spettacoli nell'arena un'esperienza unica.<\/p>\n\n\n\n<div style=\"height:30px\" aria-hidden=\"true\" class=\"wp-block-spacer\"><\/div>\n\n\n\t<div\n\t\tclass=\"wp-block-newspack-blocks-homepage-articles  wpnbha show-image image-alignleft ts-4 is-3 is-uncropped show-category  has-text-align-left\"\n\t\tstyle=\"\"\n\t\t>\n\t\t\t\t\t<style id=\"newspack-blocks-inline-css\" type=\"text\/css\">\t\t.wp-block-newspack-blocks-homepage-articles article .entry-title {\n\t\t\tfont-size: 1.2em;\n\t\t}\n\t\t.wp-block-newspack-blocks-homepage-articles .entry-meta {\n\t\t\tdisplay: flex;\n\t\t\tflex-wrap: wrap;\n\t\t\talign-items: center;\n\t\t\tmargin-top: 0.5em;\n\t\t}\n\t\t.wp-block-newspack-blocks-homepage-articles article .entry-meta {\n\t\t\tfont-size: 0.8em;\n\t\t}\n\t\t.wp-block-newspack-blocks-homepage-articles article .avatar {\n\t\t\theight: 25px;\n\t\t\twidth: 25px;\n\t\t}\n\t\t.wp-block-newspack-blocks-homepage-articles .post-thumbnail{\n\t\t\tmargin: 0;\n\t\t\tmargin-bottom: 0.25em;\n\t\t}\n\t\t.wp-block-newspack-blocks-homepage-articles .post-thumbnail img {\n\t\t\theight: auto;\n\t\t\twidth: 100%;\n\t\t}\n\t\t.wp-block-newspack-blocks-homepage-articles .post-thumbnail figcaption {\n\t\t\tmargin-bottom: 0.5em;\n\t\t}\n\t\t.wp-block-newspack-blocks-homepage-articles p {\n\t\t\tmargin: 0.5em 0;\n\t\t}\n\n\t\t\t<\/style>\n\t\t\t\t<div data-posts data-current-post-id=\"37184\">\n\t\t\t\t\t\t\n\t<article data-post-id=\"51192\"\n\t\tclass=\"tag-reisetipps-fuer-italien-insider-tipps-und-mehr category-reisetipps-fuer-italien-die-besten-sehenswuerdigkeiten-insider-empfehlungen type-post post-has-image\"\n\t\t\t\t>\n\t\t\t\t\t\t\t<figure class=\"post-thumbnail\">\n\t\t\t\t\t\t\t\t<a href=\"https:\/\/la-bella-vita.club\/it\/10-dinge-fuer-den-italienurlaub-an-die-kaum-jemand-denkt\/\" rel=\"bookmark\" tabindex=\"-1\" aria-hidden=\"true\">\n\t\t\t\t\t\t\t\t\t\t\t\t<img decoding=\"async\" width=\"1200\" height=\"675\" src=\"https:\/\/la-bella-vita.club\/wp-content\/uploads\/2026\/04\/pexels-photo-996272-1200x675.jpeg\" class=\"attachment-newspack-article-block-uncropped size-newspack-article-block-uncropped wp-post-image\" alt=\"10 cose per una vacanza in Italia a cui quasi nessuno pensa\" data-hero-candidate=\"1\" srcset=\"https:\/\/la-bella-vita.club\/wp-content\/uploads\/2026\/04\/pexels-photo-996272-1200x675.jpeg 1200w, https:\/\/la-bella-vita.club\/wp-content\/uploads\/2026\/04\/pexels-photo-996272-300x169.jpeg 300w, https:\/\/la-bella-vita.club\/wp-content\/uploads\/2026\/04\/pexels-photo-996272-1024x576.jpeg 1024w, https:\/\/la-bella-vita.club\/wp-content\/uploads\/2026\/04\/pexels-photo-996272-768x432.jpeg 768w, https:\/\/la-bella-vita.club\/wp-content\/uploads\/2026\/04\/pexels-photo-996272-1536x864.jpeg 1536w, https:\/\/la-bella-vita.club\/wp-content\/uploads\/2026\/04\/pexels-photo-996272-18x10.jpeg 18w, https:\/\/la-bella-vita.club\/wp-content\/uploads\/2026\/04\/pexels-photo-996272.jpeg 1880w\" sizes=\"(max-width: 1200px) 100vw, 1200px\" data-attachment-id=\"51214\" data-permalink=\"https:\/\/la-bella-vita.club\/it\/10-dinge-fuer-den-italienurlaub-an-die-kaum-jemand-denkt\/pexels-photo-996272\/#main\" data-orig-file=\"https:\/\/la-bella-vita.club\/wp-content\/uploads\/2026\/04\/pexels-photo-996272.jpeg\" data-orig-size=\"1880,1058\" data-comments-opened=\"1\" data-image-meta=\"{&quot;aperture&quot;:&quot;0&quot;,&quot;credit&quot;:&quot;&quot;,&quot;camera&quot;:&quot;&quot;,&quot;caption&quot;:&quot;Photo by Kai Pilger on &lt;a href=\\&quot;https:\/\/www.pexels.com\/photo\/aerial-photography-of-building-996272\/\\&quot; rel=\\&quot;nofollow\\&quot;&gt;Pexels.com&lt;\/a&gt;&quot;,&quot;created_timestamp&quot;:&quot;0&quot;,&quot;copyright&quot;:&quot;&quot;,&quot;focal_length&quot;:&quot;0&quot;,&quot;iso&quot;:&quot;0&quot;,&quot;shutter_speed&quot;:&quot;0&quot;,&quot;title&quot;:&quot;aerial photography of building&quot;,&quot;orientation&quot;:&quot;0&quot;}\" data-image-title=\"pexels-photo-996272\" data-image-description=\"\" data-image-caption=\"&lt;p&gt;Photo by Kai Pilger on &lt;a href=&quot;https:\/\/www.pexels.com\/photo\/aerial-photography-of-building-996272\/&quot; rel=&quot;nofollow&quot;&gt;Pexels.com&lt;\/a&gt;&lt;\/p&gt;\" data-large-file=\"https:\/\/la-bella-vita.club\/wp-content\/uploads\/2026\/04\/pexels-photo-996272-1024x576.jpeg\" \/>\t\t\t\t\t\t\t\t\t\t\t\t<\/a>\n\t\t\t\t\n\t\t\t\t\t\t\t<\/figure><!-- .featured-image -->\n\t\t\n\t\t<div class=\"entry-wrapper\">\n\t\t\t\n\t\t\t\t<div class=\"cat-links\">\n\t\t\t\t\t<a href=\"https:\/\/la-bella-vita.club\/it\/category\/reisetipps-fuer-italien-die-besten-sehenswuerdigkeiten-insider-empfehlungen\/\">Consigli di viaggio per l'Italia<\/a>\t\t\t\t<\/div>\n\t\t\t\t<h2 class=\"entry-title\"><a href=\"https:\/\/la-bella-vita.club\/it\/10-dinge-fuer-den-italienurlaub-an-die-kaum-jemand-denkt\/\" rel=\"bookmark\">10 cose per una vacanza in Italia a cui quasi nessuno pensa<\/a><\/h2>\t\t\t\t\t\t\t\t\t\t<div class=\"entry-meta\">\n\t\t\t\t\t<time class=\"entry-date published\" datetime=\"2026-04-19T18:20:05+02:00\">19 Aprile 2026<\/time><time class=\"updated\" datetime=\"2026-04-19T18:57:17+02:00\">19 Aprile 2026<\/time>\t\t\t\t<\/div><!-- .entry-meta -->\n\t\t\t\t\t<\/div><!-- .entry-wrapper -->\n\t<\/article>\n\n\t\t\t\t<\/div>\n\t\t\n\t<\/div>\n\t\n\n\n<div style=\"height:61px\" aria-hidden=\"true\" class=\"wp-block-spacer\"><\/div>\n\n\n\n<h3 class=\"wp-block-heading\" id=\"h-moderne-konzerte-und-rockstars\">Concerti moderni e rockstar<\/h3>\n\n\n\n<div style=\"height:30px\" aria-hidden=\"true\" class=\"wp-block-spacer\"><\/div>\n\n\n\n<p class=\"wp-block-paragraph\">Non sono solo gli amanti dell'opera ad avere il loro tornaconto nell'arena. Negli ultimi decenni, l'arena si \u00e8 affermata anche come sede di importanti concerti rock e pop. Grandi nomi come Gianna Nannini, Adriano Celentano, Zucchero, Bryan Adams, Peter Gabriel e Bruce Springsteen hanno tenuto concerti su questo antico palco. La simbiosi tra storia e modernit\u00e0 lo rende uno dei centri culturali pi\u00f9 interessanti d'Europa.<\/p>\n\n\n\n<div style=\"height:32px\" aria-hidden=\"true\" class=\"wp-block-spacer\"><\/div>\n\n\n\t<div\n\t\tclass=\"wp-block-newspack-blocks-homepage-articles  wpnbha show-image image-alignleft ts-4 is-3 is-uncropped show-category  has-text-align-left\"\n\t\tstyle=\"\"\n\t\t>\n\t\t\t\t<div data-posts data-current-post-id=\"37184\">\n\t\t\t\t\t\t\n\t<article data-post-id=\"51106\"\n\t\tclass=\"tag-reisetipps-fuer-italien-insider-tipps-und-mehr category-reisetipps-fuer-italien-die-besten-sehenswuerdigkeiten-insider-empfehlungen type-post post-has-image\"\n\t\t\t\t>\n\t\t\t\t\t\t\t<figure class=\"post-thumbnail\">\n\t\t\t\t\t\t\t\t<a href=\"https:\/\/la-bella-vita.club\/it\/ciao-fehler-7-dinge-die-viele-touristen-in-italien-falsch-machen\/\" rel=\"bookmark\" tabindex=\"-1\" aria-hidden=\"true\">\n\t\t\t\t\t\t\t\t\t\t\t\t<img decoding=\"async\" width=\"1200\" height=\"675\" src=\"https:\/\/la-bella-vita.club\/wp-content\/uploads\/2026\/03\/Design-ohne-Titel-2026-03-14T000341.081.jpg\" class=\"attachment-newspack-article-block-uncropped size-newspack-article-block-uncropped wp-post-image\" alt=\"Cosa sbagliano molti turisti in Italia: Consigli per le vacanze!\" data-hero-candidate=\"1\" srcset=\"https:\/\/la-bella-vita.club\/wp-content\/uploads\/2026\/03\/Design-ohne-Titel-2026-03-14T000341.081.jpg 1200w, https:\/\/la-bella-vita.club\/wp-content\/uploads\/2026\/03\/Design-ohne-Titel-2026-03-14T000341.081-300x169.jpg 300w, https:\/\/la-bella-vita.club\/wp-content\/uploads\/2026\/03\/Design-ohne-Titel-2026-03-14T000341.081-1024x576.jpg 1024w, https:\/\/la-bella-vita.club\/wp-content\/uploads\/2026\/03\/Design-ohne-Titel-2026-03-14T000341.081-768x432.jpg 768w, https:\/\/la-bella-vita.club\/wp-content\/uploads\/2026\/03\/Design-ohne-Titel-2026-03-14T000341.081-18x10.jpg 18w\" sizes=\"(max-width: 1200px) 100vw, 1200px\" data-attachment-id=\"50231\" data-permalink=\"https:\/\/la-bella-vita.club\/it\/der-schoenste-blick-von-florenz-warum-sich-20-minuten-fussmarsch-lohnen\/design-ohne-titel-2026-03-14t000341-081\/#main\" data-orig-file=\"https:\/\/la-bella-vita.club\/wp-content\/uploads\/2026\/03\/Design-ohne-Titel-2026-03-14T000341.081.jpg\" data-orig-size=\"1200,675\" data-comments-opened=\"1\" data-image-meta=\"{&quot;aperture&quot;:&quot;0&quot;,&quot;credit&quot;:&quot;&quot;,&quot;camera&quot;:&quot;&quot;,&quot;caption&quot;:&quot;&quot;,&quot;created_timestamp&quot;:&quot;0&quot;,&quot;copyright&quot;:&quot;&quot;,&quot;focal_length&quot;:&quot;0&quot;,&quot;iso&quot;:&quot;0&quot;,&quot;shutter_speed&quot;:&quot;0&quot;,&quot;title&quot;:&quot;&quot;,&quot;orientation&quot;:&quot;1&quot;}\" data-image-title=\"Florenz, Toskana\" data-image-description=\"&lt;p&gt;PIazzale Michelangelo in Florenz in der Toskana in Italien&lt;\/p&gt;\" data-image-caption=\"&lt;p&gt;PIazzale Michelangelo in Florenz in der Toskana in Italien&lt;\/p&gt;\" data-large-file=\"https:\/\/la-bella-vita.club\/wp-content\/uploads\/2026\/03\/Design-ohne-Titel-2026-03-14T000341.081-1024x576.jpg\" \/>\t\t\t\t\t\t\t\t\t\t\t\t<\/a>\n\t\t\t\t\n\t\t\t\t\t\t\t<\/figure><!-- .featured-image -->\n\t\t\n\t\t<div class=\"entry-wrapper\">\n\t\t\t\n\t\t\t\t<div class=\"cat-links\">\n\t\t\t\t\t<a href=\"https:\/\/la-bella-vita.club\/it\/category\/reisetipps-fuer-italien-die-besten-sehenswuerdigkeiten-insider-empfehlungen\/\">Consigli di viaggio per l'Italia<\/a>\t\t\t\t<\/div>\n\t\t\t\t<h2 class=\"entry-title\"><a href=\"https:\/\/la-bella-vita.club\/it\/ciao-fehler-7-dinge-die-viele-touristen-in-italien-falsch-machen\/\" rel=\"bookmark\">Cosa sbagliano molti turisti in Italia: Consigli per le vacanze!<\/a><\/h2>\t\t\t\t\t\t\t\t\t\t<div class=\"entry-meta\">\n\t\t\t\t\t<time class=\"entry-date published\" datetime=\"2026-04-15T11:25:02+02:00\">15 Aprile 2026<\/time><time class=\"updated\" datetime=\"2026-04-19T10:06:10+02:00\">19 Aprile 2026<\/time>\t\t\t\t<\/div><!-- .entry-meta -->\n\t\t\t\t\t<\/div><!-- .entry-wrapper -->\n\t<\/article>\n\n\t\t\t\t<\/div>\n\t\t\n\t<\/div>\n\t\n\n\n<div style=\"height:61px\" aria-hidden=\"true\" class=\"wp-block-spacer\"><\/div>\n\n\n\n<h3 class=\"wp-block-heading\" id=\"h-die-arena-als-buhne-fur-die-olympischen-spiele-2026\">L'arena come palcoscenico per i Giochi Olimpici del 2026<\/h3>\n\n\n\n<div style=\"height:30px\" aria-hidden=\"true\" class=\"wp-block-spacer\"><\/div>\n\n\n\n<p class=\"wp-block-paragraph\">Un altro capitolo dell'imponente storia dell'Arena di Verona sar\u00e0 scritto nel 2026. In occasione dei XXV Giochi Olimpici Invernali, che si terranno a Milano e Cortina d'Ampezzo, la cerimonia di chiusura avr\u00e0 luogo all'Arena di Verona il 22 febbraio 2026. Anche se non sar\u00e0 la citt\u00e0 stessa a ospitare le competizioni sportive, l'Arena torner\u00e0 a essere il centro dell'attenzione internazionale e un palcoscenico globale.<\/p>\n\n\n\n<p class=\"wp-block-paragraph\"><strong>L'arena di Verona \u00e8 un monumento che respira la storia e allo stesso tempo fa da palcoscenico ai grandi momenti del presente e del futuro.<\/strong><\/p>\n\n\n\n<div style=\"height:19px\" aria-hidden=\"true\" class=\"wp-block-spacer\"><\/div>\n\n\n\n<ul class=\"wp-block-social-links is-layout-flex wp-block-social-links-is-layout-flex\"><li class=\"wp-social-link wp-social-link-instagram  wp-block-social-link\"><a rel=\"noopener nofollow\" target=\"_blank\" href=\"https:\/\/www.instagram.com\/labellavita.club\/\" class=\"wp-block-social-link-anchor\"><svg width=\"24\" height=\"24\" viewbox=\"0 0 24 24\" version=\"1.1\" xmlns=\"http:\/\/www.w3.org\/2000\/svg\" aria-hidden=\"true\" focusable=\"false\"><path d=\"M12,4.622c2.403,0,2.688,0.009,3.637,0.052c0.877,0.04,1.354,0.187,1.671,0.31c0.42,0.163,0.72,0.358,1.035,0.673 c0.315,0.315,0.51,0.615,0.673,1.035c0.123,0.317,0.27,0.794,0.31,1.671c0.043,0.949,0.052,1.234,0.052,3.637 s-0.009,2.688-0.052,3.637c-0.04,0.877-0.187,1.354-0.31,1.671c-0.163,0.42-0.358,0.72-0.673,1.035 c-0.315,0.315-0.615,0.51-1.035,0.673c-0.317,0.123-0.794,0.27-1.671,0.31c-0.949,0.043-1.233,0.052-3.637,0.052 s-2.688-0.009-3.637-0.052c-0.877-0.04-1.354-0.187-1.671-0.31c-0.42-0.163-0.72-0.358-1.035-0.673 c-0.315-0.315-0.51-0.615-0.673-1.035c-0.123-0.317-0.27-0.794-0.31-1.671C4.631,14.688,4.622,14.403,4.622,12 s0.009-2.688,0.052-3.637c0.04-0.877,0.187-1.354,0.31-1.671c0.163-0.42,0.358-0.72,0.673-1.035 c0.315-0.315,0.615-0.51,1.035-0.673c0.317-0.123,0.794-0.27,1.671-0.31C9.312,4.631,9.597,4.622,12,4.622 M12,3 C9.556,3,9.249,3.01,8.289,3.054C7.331,3.098,6.677,3.25,6.105,3.472C5.513,3.702,5.011,4.01,4.511,4.511 c-0.5,0.5-0.808,1.002-1.038,1.594C3.25,6.677,3.098,7.331,3.054,8.289C3.01,9.249,3,9.556,3,12c0,2.444,0.01,2.751,0.054,3.711 c0.044,0.958,0.196,1.612,0.418,2.185c0.23,0.592,0.538,1.094,1.038,1.594c0.5,0.5,1.002,0.808,1.594,1.038 c0.572,0.222,1.227,0.375,2.185,0.418C9.249,20.99,9.556,21,12,21s2.751-0.01,3.711-0.054c0.958-0.044,1.612-0.196,2.185-0.418 c0.592-0.23,1.094-0.538,1.594-1.038c0.5-0.5,0.808-1.002,1.038-1.594c0.222-0.572,0.375-1.227,0.418-2.185 C20.99,14.751,21,14.444,21,12s-0.01-2.751-0.054-3.711c-0.044-0.958-0.196-1.612-0.418-2.185c-0.23-0.592-0.538-1.094-1.038-1.594 c-0.5-0.5-1.002-0.808-1.594-1.038c-0.572-0.222-1.227-0.375-2.185-0.418C14.751,3.01,14.444,3,12,3L12,3z M12,7.378 c-2.552,0-4.622,2.069-4.622,4.622S9.448,16.622,12,16.622s4.622-2.069,4.622-4.622S14.552,7.378,12,7.378z M12,15 c-1.657,0-3-1.343-3-3s1.343-3,3-3s3,1.343,3,3S13.657,15,12,15z M16.804,6.116c-0.596,0-1.08,0.484-1.08,1.08 s0.484,1.08,1.08,1.08c0.596,0,1.08-0.484,1.08-1.08S17.401,6.116,16.804,6.116z\"><\/path><\/svg><span class=\"wp-block-social-link-label screen-reader-text\">Instagram<\/span><\/a><\/li>\n\n<li class=\"wp-social-link wp-social-link-tiktok  wp-block-social-link\"><a rel=\"noopener nofollow\" target=\"_blank\" href=\"https:\/\/www.tiktok.com\/@labellavita.club\" class=\"wp-block-social-link-anchor\"><svg width=\"24\" height=\"24\" viewbox=\"0 0 32 32\" version=\"1.1\" xmlns=\"http:\/\/www.w3.org\/2000\/svg\" aria-hidden=\"true\" focusable=\"false\"><path d=\"M16.708 0.027c1.745-0.027 3.48-0.011 5.213-0.027 0.105 2.041 0.839 4.12 2.333 5.563 1.491 1.479 3.6 2.156 5.652 2.385v5.369c-1.923-0.063-3.855-0.463-5.6-1.291-0.76-0.344-1.468-0.787-2.161-1.24-0.009 3.896 0.016 7.787-0.025 11.667-0.104 1.864-0.719 3.719-1.803 5.255-1.744 2.557-4.771 4.224-7.88 4.276-1.907 0.109-3.812-0.411-5.437-1.369-2.693-1.588-4.588-4.495-4.864-7.615-0.032-0.667-0.043-1.333-0.016-1.984 0.24-2.537 1.495-4.964 3.443-6.615 2.208-1.923 5.301-2.839 8.197-2.297 0.027 1.975-0.052 3.948-0.052 5.923-1.323-0.428-2.869-0.308-4.025 0.495-0.844 0.547-1.485 1.385-1.819 2.333-0.276 0.676-0.197 1.427-0.181 2.145 0.317 2.188 2.421 4.027 4.667 3.828 1.489-0.016 2.916-0.88 3.692-2.145 0.251-0.443 0.532-0.896 0.547-1.417 0.131-2.385 0.079-4.76 0.095-7.145 0.011-5.375-0.016-10.735 0.025-16.093z\" \/><\/svg><span class=\"wp-block-social-link-label screen-reader-text\">TikTok<\/span><\/a><\/li>\n\n<li class=\"wp-social-link wp-social-link-youtube  wp-block-social-link\"><a rel=\"noopener nofollow\" target=\"_blank\" href=\"https:\/\/www.youtube.com\/@LABELLAVITAclub\" class=\"wp-block-social-link-anchor\"><svg width=\"24\" height=\"24\" viewbox=\"0 0 24 24\" version=\"1.1\" xmlns=\"http:\/\/www.w3.org\/2000\/svg\" aria-hidden=\"true\" focusable=\"false\"><path d=\"M21.8,8.001c0,0-0.195-1.378-0.795-1.985c-0.76-0.797-1.613-0.801-2.004-0.847c-2.799-0.202-6.997-0.202-6.997-0.202 h-0.009c0,0-4.198,0-6.997,0.202C4.608,5.216,3.756,5.22,2.995,6.016C2.395,6.623,2.2,8.001,2.2,8.001S2,9.62,2,11.238v1.517 c0,1.618,0.2,3.237,0.2,3.237s0.195,1.378,0.795,1.985c0.761,0.797,1.76,0.771,2.205,0.855c1.6,0.153,6.8,0.201,6.8,0.201 s4.203-0.006,7.001-0.209c0.391-0.047,1.243-0.051,2.004-0.847c0.6-0.607,0.795-1.985,0.795-1.985s0.2-1.618,0.2-3.237v-1.517 C22,9.62,21.8,8.001,21.8,8.001z M9.935,14.594l-0.001-5.62l5.404,2.82L9.935,14.594z\"><\/path><\/svg><span class=\"wp-block-social-link-label screen-reader-text\">YouTube<\/span><\/a><\/li>\n\n<li class=\"wp-social-link wp-social-link-facebook  wp-block-social-link\"><a rel=\"noopener nofollow\" target=\"_blank\" href=\"https:\/\/www.facebook.com\/labellavita.club\" class=\"wp-block-social-link-anchor\"><svg width=\"24\" height=\"24\" viewbox=\"0 0 24 24\" version=\"1.1\" xmlns=\"http:\/\/www.w3.org\/2000\/svg\" aria-hidden=\"true\" focusable=\"false\"><path d=\"M12 2C6.5 2 2 6.5 2 12c0 5 3.7 9.1 8.4 9.9v-7H7.9V12h2.5V9.8c0-2.5 1.5-3.9 3.8-3.9 1.1 0 2.2.2 2.2.2v2.5h-1.3c-1.2 0-1.6.8-1.6 1.6V12h2.8l-.4 2.9h-2.3v7C18.3 21.1 22 17 22 12c0-5.5-4.5-10-10-10z\"><\/path><\/svg><span class=\"wp-block-social-link-label screen-reader-text\">Facebook<\/span><\/a><\/li><\/ul>\n\n\n\n<div style=\"height:47px\" aria-hidden=\"true\" class=\"wp-block-spacer\"><\/div>\n\n\n\t<div\n\t\tclass=\"wp-block-newspack-blocks-homepage-articles  wpnbha is-grid columns-2 colgap-3 show-image image-aligntop ts-4 is-3 is-uncropped  has-text-align-left\"\n\t\tstyle=\"\"\n\t\t>\n\t\t\t\t<div data-posts data-current-post-id=\"37184\">\n\t\t\t\t\t\t\n\t<article data-post-id=\"51067\"\n\t\tclass=\"tag-toskana category-die-schoensten-staedte-und-doerfer-in-italien-rundreise-durch-il-bel-paese type-post post-has-image\"\n\t\t\t\t>\n\t\t\t\t\t\t\t<figure class=\"post-thumbnail\">\n\t\t\t\t\t\t\t\t<a href=\"https:\/\/la-bella-vita.club\/it\/die-toskana-ohne-reisefuehrer-10-doerfer-abseits-der-routen\/\" rel=\"bookmark\" tabindex=\"-1\" aria-hidden=\"true\">\n\t\t\t\t\t\t\t\t\t\t\t\t<img decoding=\"async\" width=\"1200\" height=\"675\" src=\"https:\/\/la-bella-vita.club\/wp-content\/uploads\/2026\/04\/pexels-photo-20821732-edited-1200x675.jpeg\" class=\"attachment-newspack-article-block-uncropped size-newspack-article-block-uncropped wp-post-image\" alt=\"La Toscana senza guida: 10 borghi fuori dai sentieri battuti\" data-hero-candidate=\"1\" srcset=\"https:\/\/la-bella-vita.club\/wp-content\/uploads\/2026\/04\/pexels-photo-20821732-edited-1200x675.jpeg 1200w, https:\/\/la-bella-vita.club\/wp-content\/uploads\/2026\/04\/pexels-photo-20821732-edited-300x169.jpeg 300w, https:\/\/la-bella-vita.club\/wp-content\/uploads\/2026\/04\/pexels-photo-20821732-edited-1024x576.jpeg 1024w, https:\/\/la-bella-vita.club\/wp-content\/uploads\/2026\/04\/pexels-photo-20821732-edited-768x432.jpeg 768w, https:\/\/la-bella-vita.club\/wp-content\/uploads\/2026\/04\/pexels-photo-20821732-edited-1536x864.jpeg 1536w, https:\/\/la-bella-vita.club\/wp-content\/uploads\/2026\/04\/pexels-photo-20821732-edited-18x10.jpeg 18w, https:\/\/la-bella-vita.club\/wp-content\/uploads\/2026\/04\/pexels-photo-20821732-edited.jpeg 1880w\" sizes=\"(max-width: 1200px) 100vw, 1200px\" data-attachment-id=\"51079\" data-permalink=\"https:\/\/la-bella-vita.club\/it\/pexels-photo-20821732-2\/\" data-orig-file=\"https:\/\/la-bella-vita.club\/wp-content\/uploads\/2026\/04\/pexels-photo-20821732-edited.jpeg\" data-orig-size=\"1880,1058\" data-comments-opened=\"1\" data-image-meta=\"{&quot;aperture&quot;:&quot;0&quot;,&quot;credit&quot;:&quot;&quot;,&quot;camera&quot;:&quot;&quot;,&quot;caption&quot;:&quot;Photo by Paul Scheelen on &lt;a href=\\&quot;https:\/\/www.pexels.com\/photo\/landscape-of-countryside-20821732\/\\&quot; rel=\\&quot;nofollow\\&quot;&gt;Pexels.com&lt;\/a&gt;&quot;,&quot;created_timestamp&quot;:&quot;0&quot;,&quot;copyright&quot;:&quot;&quot;,&quot;focal_length&quot;:&quot;0&quot;,&quot;iso&quot;:&quot;0&quot;,&quot;shutter_speed&quot;:&quot;0&quot;,&quot;title&quot;:&quot;landscape of countryside&quot;,&quot;orientation&quot;:&quot;0&quot;}\" data-image-title=\"pexels-photo-20821732\" data-image-description=\"\" data-image-caption=\"&lt;p&gt;Photo by Paul Scheelen on &lt;a href=&quot;https:\/\/www.pexels.com\/photo\/landscape-of-countryside-20821732\/&quot; rel=&quot;nofollow&quot;&gt;Pexels.com&lt;\/a&gt;&lt;\/p&gt;\" data-large-file=\"https:\/\/la-bella-vita.club\/wp-content\/uploads\/2026\/04\/pexels-photo-20821732-edited-1024x576.jpeg\" \/>\t\t\t\t\t\t\t\t\t\t\t\t<\/a>\n\t\t\t\t\n\t\t\t\t\t\t\t<\/figure><!-- .featured-image -->\n\t\t\n\t\t<div class=\"entry-wrapper\">\n\t\t\t<h2 class=\"entry-title\"><a href=\"https:\/\/la-bella-vita.club\/it\/die-toskana-ohne-reisefuehrer-10-doerfer-abseits-der-routen\/\" rel=\"bookmark\">La Toscana senza guida: 10 borghi fuori dai sentieri battuti<\/a><\/h2>\t\t\t\t\t\t\t\t<\/div><!-- .entry-wrapper -->\n\t<\/article>\n\n\t\t\n\t<article data-post-id=\"50990\"\n\t\tclass=\"tag-geheimtipp tag-insel category-reisetipps-fuer-italien-die-besten-sehenswuerdigkeiten-insider-empfehlungen type-post post-has-image\"\n\t\t\t\t>\n\t\t\t\t\t\t\t<figure class=\"post-thumbnail\">\n\t\t\t\t\t\t\t\t<a href=\"https:\/\/la-bella-vita.club\/it\/diese-italienischen-inseln-sind-noch-echte-geheimtipps\/\" rel=\"bookmark\" tabindex=\"-1\" aria-hidden=\"true\">\n\t\t\t\t\t\t\t\t\t\t\t\t<img decoding=\"async\" width=\"1067\" height=\"600\" src=\"https:\/\/la-bella-vita.club\/wp-content\/uploads\/2026\/04\/AdobeStock_367810894-edited.jpeg\" class=\"attachment-newspack-article-block-uncropped size-newspack-article-block-uncropped wp-post-image\" alt=\"Italia incontaminata: queste isole sono ancora dei veri e propri insider tips\" data-hero-candidate=\"1\" srcset=\"https:\/\/la-bella-vita.club\/wp-content\/uploads\/2026\/04\/AdobeStock_367810894-edited.jpeg 1067w, https:\/\/la-bella-vita.club\/wp-content\/uploads\/2026\/04\/AdobeStock_367810894-edited-300x169.jpeg 300w, https:\/\/la-bella-vita.club\/wp-content\/uploads\/2026\/04\/AdobeStock_367810894-edited-1024x576.jpeg 1024w, https:\/\/la-bella-vita.club\/wp-content\/uploads\/2026\/04\/AdobeStock_367810894-edited-768x432.jpeg 768w, https:\/\/la-bella-vita.club\/wp-content\/uploads\/2026\/04\/AdobeStock_367810894-edited-18x10.jpeg 18w\" sizes=\"(max-width: 1067px) 100vw, 1067px\" data-attachment-id=\"51009\" data-permalink=\"https:\/\/la-bella-vita.club\/it\/panoramic-aerial-view-at-sunset-of-the-harbour-in-the-island-of-ponza-2\/\" data-orig-file=\"https:\/\/la-bella-vita.club\/wp-content\/uploads\/2026\/04\/AdobeStock_367810894-edited.jpeg\" data-orig-size=\"1067,600\" data-comments-opened=\"1\" data-image-meta=\"{&quot;aperture&quot;:&quot;2.8&quot;,&quot;credit&quot;:&quot;&quot;,&quot;camera&quot;:&quot;FC3170&quot;,&quot;caption&quot;:&quot;Panoramic aerial view at sunset of the harbour in the island of Ponza&quot;,&quot;created_timestamp&quot;:&quot;1591038650&quot;,&quot;copyright&quot;:&quot;Matteo Ciani&quot;,&quot;focal_length&quot;:&quot;4.5&quot;,&quot;iso&quot;:&quot;110&quot;,&quot;shutter_speed&quot;:&quot;0.0025&quot;,&quot;title&quot;:&quot;Panoramic aerial view at sunset of the harbour in the island of Ponza&quot;,&quot;orientation&quot;:&quot;1&quot;}\" data-image-title=\"Panoramic aerial view at sunset of the harbour in the island of Ponza\" data-image-description=\"\" data-image-caption=\"&lt;p&gt;Panoramic aerial view at sunset of the harbour in the island of Ponza&lt;\/p&gt;\" data-large-file=\"https:\/\/la-bella-vita.club\/wp-content\/uploads\/2026\/04\/AdobeStock_367810894-edited-1024x576.jpeg\" \/>\t\t\t\t\t\t\t\t\t\t\t\t<\/a>\n\t\t\t\t\n\t\t\t\t\t\t\t<\/figure><!-- .featured-image -->\n\t\t\n\t\t<div class=\"entry-wrapper\">\n\t\t\t<h2 class=\"entry-title\"><a href=\"https:\/\/la-bella-vita.club\/it\/diese-italienischen-inseln-sind-noch-echte-geheimtipps\/\" rel=\"bookmark\">Italia incontaminata: queste isole sono ancora dei veri e propri insider tips<\/a><\/h2>\t\t\t\t\t\t\t\t<\/div><!-- .entry-wrapper -->\n\t<\/article>\n\n\t\t\t\t<\/div>\n\t\t\n\t<\/div>\n\t\n\n\n<div style=\"height:57px\" aria-hidden=\"true\" class=\"wp-block-spacer\"><\/div>\n\n\n\n<h2 class=\"wp-block-heading\" id=\"h-mehr-geschichten-aus-italien\">Altre storie dall'Italia<\/h2>\n\n\n\n<div style=\"height:32px\" aria-hidden=\"true\" class=\"wp-block-spacer\"><\/div>\n\n\n\t<div\n\t\tclass=\"wp-block-newspack-blocks-homepage-articles  wpnbha is-grid columns-2 colgap-3 show-image image-aligntop ts-4 is-3 is-uncropped  has-text-align-left\"\n\t\tstyle=\"\"\n\t\t>\n\t\t\t\t<div data-posts data-current-post-id=\"37184\">\n\t\t\t\t\t\t\n\t<article data-post-id=\"38605\"\n\t\tclass=\"tag-radfahren tag-radwege category-regionen-landschaften-von-italien category-reisetipps-fuer-italien-die-besten-sehenswuerdigkeiten-insider-empfehlungen type-post post-has-image\"\n\t\t\t\t>\n\t\t\t\t\t\t\t<figure class=\"post-thumbnail\">\n\t\t\t\t\t\t\t\t<a href=\"https:\/\/la-bella-vita.club\/it\/italiens-stillgelegte-bahnstrecken-werden-zu-traumrouten-fuer-radfahrer\/\" rel=\"bookmark\" tabindex=\"-1\" aria-hidden=\"true\">\n\t\t\t\t\t\t\t\t\t\t\t\t<img decoding=\"async\" width=\"1200\" height=\"675\" src=\"https:\/\/la-bella-vita.club\/wp-content\/uploads\/2025\/02\/la-bella-vita.club-_-Titel-Artikel-41-1.jpg\" class=\"attachment-newspack-article-block-uncropped size-newspack-article-block-uncropped wp-post-image\" alt=\"Le linee ferroviarie dismesse d&#039;Italia: Oggi percorsi da sogno per i ciclisti\" data-hero-candidate=\"1\" srcset=\"https:\/\/la-bella-vita.club\/wp-content\/uploads\/2025\/02\/la-bella-vita.club-_-Titel-Artikel-41-1.jpg 1200w, https:\/\/la-bella-vita.club\/wp-content\/uploads\/2025\/02\/la-bella-vita.club-_-Titel-Artikel-41-1-300x169.jpg 300w, https:\/\/la-bella-vita.club\/wp-content\/uploads\/2025\/02\/la-bella-vita.club-_-Titel-Artikel-41-1-1024x576.jpg 1024w, https:\/\/la-bella-vita.club\/wp-content\/uploads\/2025\/02\/la-bella-vita.club-_-Titel-Artikel-41-1-768x432.jpg 768w, https:\/\/la-bella-vita.club\/wp-content\/uploads\/2025\/02\/la-bella-vita.club-_-Titel-Artikel-41-1-18x10.jpg 18w\" sizes=\"(max-width: 1200px) 100vw, 1200px\" data-attachment-id=\"38829\" data-permalink=\"https:\/\/la-bella-vita.club\/it\/italiens-stillgelegte-bahnstrecken-werden-zu-traumrouten-fuer-radfahrer\/la-bella-vita-club-_-titel-artikel-41-3\/#main\" data-orig-file=\"https:\/\/la-bella-vita.club\/wp-content\/uploads\/2025\/02\/la-bella-vita.club-_-Titel-Artikel-41-1.jpg\" data-orig-size=\"1200,675\" data-comments-opened=\"1\" data-image-meta=\"{&quot;aperture&quot;:&quot;0&quot;,&quot;credit&quot;:&quot;&quot;,&quot;camera&quot;:&quot;&quot;,&quot;caption&quot;:&quot;&quot;,&quot;created_timestamp&quot;:&quot;0&quot;,&quot;copyright&quot;:&quot;&quot;,&quot;focal_length&quot;:&quot;0&quot;,&quot;iso&quot;:&quot;0&quot;,&quot;shutter_speed&quot;:&quot;0&quot;,&quot;title&quot;:&quot;&quot;,&quot;orientation&quot;:&quot;1&quot;}\" data-image-title=\"la-bella-vita.club _ Titel Artikel (41)\" data-image-description=\"\" data-image-caption=\"\" data-large-file=\"https:\/\/la-bella-vita.club\/wp-content\/uploads\/2025\/02\/la-bella-vita.club-_-Titel-Artikel-41-1-1024x576.jpg\" \/>\t\t\t\t\t\t\t\t\t\t\t\t<\/a>\n\t\t\t\t\n\t\t\t\t\t\t\t<\/figure><!-- .featured-image -->\n\t\t\n\t\t<div class=\"entry-wrapper\">\n\t\t\t<h2 class=\"entry-title\"><a href=\"https:\/\/la-bella-vita.club\/it\/italiens-stillgelegte-bahnstrecken-werden-zu-traumrouten-fuer-radfahrer\/\" rel=\"bookmark\">Le linee ferroviarie dismesse d'Italia: Oggi percorsi da sogno per i ciclisti<\/a><\/h2>\t\t\t\t\t\t\t\t<\/div><!-- .entry-wrapper -->\n\t<\/article>\n\n\t\t\n\t<article data-post-id=\"50846\"\n\t\tclass=\"tag-nationalpark category-regionen-landschaften-von-italien type-post post-has-image\"\n\t\t\t\t>\n\t\t\t\t\t\t\t<figure class=\"post-thumbnail\">\n\t\t\t\t\t\t\t\t<a href=\"https:\/\/la-bella-vita.club\/it\/italiens-wilde-seite-diese-7-nationalparks-sind-echte-naturwunder\/\" rel=\"bookmark\" tabindex=\"-1\" aria-hidden=\"true\">\n\t\t\t\t\t\t\t\t\t\t\t\t<img decoding=\"async\" width=\"1200\" height=\"675\" src=\"https:\/\/la-bella-vita.club\/wp-content\/uploads\/2026\/04\/pexels-photo-36182944-1200x675.jpeg\" class=\"attachment-newspack-article-block-uncropped size-newspack-article-block-uncropped wp-post-image\" alt=\"Il lato selvaggio dell&#039;Italia: questi 7 parchi nazionali sono vere e proprie meraviglie naturali\" data-hero-candidate=\"1\" srcset=\"https:\/\/la-bella-vita.club\/wp-content\/uploads\/2026\/04\/pexels-photo-36182944-e1775811471833.jpeg 1200w, https:\/\/la-bella-vita.club\/wp-content\/uploads\/2026\/04\/pexels-photo-36182944-300x169.jpeg 300w, https:\/\/la-bella-vita.club\/wp-content\/uploads\/2026\/04\/pexels-photo-36182944-1024x576.jpeg 1024w, https:\/\/la-bella-vita.club\/wp-content\/uploads\/2026\/04\/pexels-photo-36182944-768x432.jpeg 768w, https:\/\/la-bella-vita.club\/wp-content\/uploads\/2026\/04\/pexels-photo-36182944-1536x864.jpeg 1536w, https:\/\/la-bella-vita.club\/wp-content\/uploads\/2026\/04\/pexels-photo-36182944-18x10.jpeg 18w\" sizes=\"(max-width: 1200px) 100vw, 1200px\" data-attachment-id=\"50850\" data-permalink=\"https:\/\/la-bella-vita.club\/it\/italiens-wilde-seite-diese-7-nationalparks-sind-echte-naturwunder\/pexels-photo-36182944\/#main\" data-orig-file=\"https:\/\/la-bella-vita.club\/wp-content\/uploads\/2026\/04\/pexels-photo-36182944-e1775811471833.jpeg\" data-orig-size=\"1200,675\" data-comments-opened=\"1\" data-image-meta=\"{&quot;aperture&quot;:&quot;0&quot;,&quot;credit&quot;:&quot;&quot;,&quot;camera&quot;:&quot;&quot;,&quot;caption&quot;:&quot;Photo by Marek Piwnicki on &lt;a href=\\&quot;https:\/\/www.pexels.com\/photo\/mountain-goats-grazing-on-rocky-alpine-slopes-36182944\/\\&quot; rel=\\&quot;nofollow\\&quot;&gt;Pexels.com&lt;\/a&gt;&quot;,&quot;created_timestamp&quot;:&quot;0&quot;,&quot;copyright&quot;:&quot;&quot;,&quot;focal_length&quot;:&quot;0&quot;,&quot;iso&quot;:&quot;0&quot;,&quot;shutter_speed&quot;:&quot;0&quot;,&quot;title&quot;:&quot;mountain goats grazing on rocky alpine slopes&quot;,&quot;orientation&quot;:&quot;0&quot;}\" data-image-title=\"pexels-photo-36182944\" data-image-description=\"\" data-image-caption=\"&lt;p&gt;Photo by Marek Piwnicki on &lt;a href=&quot;https:\/\/www.pexels.com\/photo\/mountain-goats-grazing-on-rocky-alpine-slopes-36182944\/&quot; rel=&quot;nofollow&quot;&gt;Pexels.com&lt;\/a&gt;&lt;\/p&gt;\" data-large-file=\"https:\/\/la-bella-vita.club\/wp-content\/uploads\/2026\/04\/pexels-photo-36182944-1024x576.jpeg\" \/>\t\t\t\t\t\t\t\t\t\t\t\t<\/a>\n\t\t\t\t\n\t\t\t\t\t\t\t<\/figure><!-- .featured-image -->\n\t\t\n\t\t<div class=\"entry-wrapper\">\n\t\t\t<h2 class=\"entry-title\"><a href=\"https:\/\/la-bella-vita.club\/it\/italiens-wilde-seite-diese-7-nationalparks-sind-echte-naturwunder\/\" rel=\"bookmark\">Il lato selvaggio dell'Italia: questi 7 parchi nazionali sono vere e proprie meraviglie naturali<\/a><\/h2>\t\t\t\t\t\t\t\t<\/div><!-- .entry-wrapper -->\n\t<\/article>\n\n\t\t\n\t<article data-post-id=\"50681\"\n\t\tclass=\"tag-kampanien tag-neapel category-die-schoensten-staedte-und-doerfer-in-italien-rundreise-durch-il-bel-paese type-post post-has-image\"\n\t\t\t\t>\n\t\t\t\t\t\t\t<figure class=\"post-thumbnail\">\n\t\t\t\t\t\t\t\t<a href=\"https:\/\/la-bella-vita.club\/it\/neapel-abseits-der-reisefuehrer-diese-10-dinge-solltest-du-unbedingt-machen\/\" rel=\"bookmark\" tabindex=\"-1\" aria-hidden=\"true\">\n\t\t\t\t\t\t\t\t\t\t\t\t<img decoding=\"async\" width=\"1200\" height=\"675\" src=\"https:\/\/la-bella-vita.club\/wp-content\/uploads\/2025\/04\/Titel-la-bella-vita.cub-6-3.jpg\" class=\"attachment-newspack-article-block-uncropped size-newspack-article-block-uncropped wp-post-image\" alt=\"Napoli fuori dai sentieri battuti: queste 7 cose da fare assolutamente\" data-hero-candidate=\"1\" srcset=\"https:\/\/la-bella-vita.club\/wp-content\/uploads\/2025\/04\/Titel-la-bella-vita.cub-6-3.jpg 1200w, https:\/\/la-bella-vita.club\/wp-content\/uploads\/2025\/04\/Titel-la-bella-vita.cub-6-3-300x169.jpg 300w, https:\/\/la-bella-vita.club\/wp-content\/uploads\/2025\/04\/Titel-la-bella-vita.cub-6-3-1024x576.jpg 1024w, https:\/\/la-bella-vita.club\/wp-content\/uploads\/2025\/04\/Titel-la-bella-vita.cub-6-3-768x432.jpg 768w, https:\/\/la-bella-vita.club\/wp-content\/uploads\/2025\/04\/Titel-la-bella-vita.cub-6-3-18x10.jpg 18w\" sizes=\"(max-width: 1200px) 100vw, 1200px\" data-attachment-id=\"41082\" data-permalink=\"https:\/\/la-bella-vita.club\/it\/fuenf-italienische-alltagsrituale-die-das-leben-besser-machen\/titel-la-bella-vita-cub-6-6\/#main\" data-orig-file=\"https:\/\/la-bella-vita.club\/wp-content\/uploads\/2025\/04\/Titel-la-bella-vita.cub-6-3.jpg\" data-orig-size=\"1200,675\" data-comments-opened=\"1\" data-image-meta=\"{&quot;aperture&quot;:&quot;0&quot;,&quot;credit&quot;:&quot;&quot;,&quot;camera&quot;:&quot;&quot;,&quot;caption&quot;:&quot;&quot;,&quot;created_timestamp&quot;:&quot;0&quot;,&quot;copyright&quot;:&quot;&quot;,&quot;focal_length&quot;:&quot;0&quot;,&quot;iso&quot;:&quot;0&quot;,&quot;shutter_speed&quot;:&quot;0&quot;,&quot;title&quot;:&quot;&quot;,&quot;orientation&quot;:&quot;1&quot;}\" data-image-title=\"Neapel in Kampanien\" data-image-description=\"&lt;p&gt;Limonadenverk\u00e4ufer in Neapel in Kampanien in Italien&lt;\/p&gt;\" data-image-caption=\"&lt;p&gt;Ein Stand mit Zitronenlimonade&lt;\/p&gt;\" data-large-file=\"https:\/\/la-bella-vita.club\/wp-content\/uploads\/2025\/04\/Titel-la-bella-vita.cub-6-3-1024x576.jpg\" \/>\t\t\t\t\t\t\t\t\t\t\t\t<\/a>\n\t\t\t\t\n\t\t\t\t\t\t\t<\/figure><!-- .featured-image -->\n\t\t\n\t\t<div class=\"entry-wrapper\">\n\t\t\t<h2 class=\"entry-title\"><a href=\"https:\/\/la-bella-vita.club\/it\/neapel-abseits-der-reisefuehrer-diese-10-dinge-solltest-du-unbedingt-machen\/\" rel=\"bookmark\">Napoli fuori dai sentieri battuti: queste 7 cose da fare assolutamente<\/a><\/h2>\t\t\t\t\t\t\t\t<\/div><!-- .entry-wrapper -->\n\t<\/article>\n\n\t\t\n\t<article data-post-id=\"2721\"\n\t\tclass=\"tag-staedte-in-italien-tipps-und-reportagen tag-san-gimignano tag-toskana category-die-schoensten-staedte-und-doerfer-in-italien-rundreise-durch-il-bel-paese type-post post-has-image\"\n\t\t\t\t>\n\t\t\t\t\t\t\t<figure class=\"post-thumbnail\">\n\t\t\t\t\t\t\t\t<a href=\"https:\/\/la-bella-vita.club\/it\/manhattan-of-tuscany\/\" rel=\"bookmark\" tabindex=\"-1\" aria-hidden=\"true\">\n\t\t\t\t\t\t\t\t\t\t\t\t<img decoding=\"async\" width=\"1200\" height=\"800\" src=\"https:\/\/la-bella-vita.club\/wp-content\/uploads\/2024\/08\/pexels-photo-20924618-1200x800.jpeg\" class=\"attachment-newspack-article-block-uncropped size-newspack-article-block-uncropped wp-post-image\" alt=\"San Gimignano in Toscana: la Manhattan del Medioevo\" data-hero-candidate=\"1\" data-attachment-id=\"41685\" data-permalink=\"https:\/\/la-bella-vita.club\/it\/manhattan-of-tuscany\/pexels-photo-20924618\/#main\" data-orig-file=\"https:\/\/la-bella-vita.club\/wp-content\/uploads\/2024\/08\/pexels-photo-20924618-e1745087441362.jpeg\" data-orig-size=\"1880,1060\" data-comments-opened=\"1\" data-image-meta=\"{&quot;aperture&quot;:&quot;0&quot;,&quot;credit&quot;:&quot;&quot;,&quot;camera&quot;:&quot;&quot;,&quot;caption&quot;:&quot;Photo by Rosa Stone on &lt;a href=\\&quot;https:\/\/www.pexels.com\/photo\/townscape-with-towers-and-bushes-in-foreground-20924618\/\\&quot; rel=\\&quot;nofollow\\&quot;&gt;Pexels.com&lt;\/a&gt;&quot;,&quot;created_timestamp&quot;:&quot;0&quot;,&quot;copyright&quot;:&quot;&quot;,&quot;focal_length&quot;:&quot;0&quot;,&quot;iso&quot;:&quot;0&quot;,&quot;shutter_speed&quot;:&quot;0&quot;,&quot;title&quot;:&quot;townscape with towers and bushes in foreground&quot;,&quot;orientation&quot;:&quot;0&quot;}\" data-image-title=\"pexels-photo-20924618\" data-image-description=\"&lt;p&gt;San Gimignano in der Tosana in Italien&lt;\/p&gt;\" data-image-caption=\"&lt;p&gt;Photo by Rosa Stone on &lt;a href=&quot;https:\/\/www.pexels.com\/photo\/townscape-with-towers-and-bushes-in-foreground-20924618\/&quot; rel=&quot;nofollow&quot;&gt;Pexels.com&lt;\/a&gt;&lt;\/p&gt;\" data-large-file=\"https:\/\/la-bella-vita.club\/wp-content\/uploads\/2024\/08\/pexels-photo-20924618-e1745087441362-1024x577.jpeg\" \/>\t\t\t\t\t\t\t\t\t\t\t\t<\/a>\n\t\t\t\t\n\t\t\t\t\t\t\t<\/figure><!-- .featured-image -->\n\t\t\n\t\t<div class=\"entry-wrapper\">\n\t\t\t<h2 class=\"entry-title\"><a href=\"https:\/\/la-bella-vita.club\/it\/manhattan-of-tuscany\/\" rel=\"bookmark\">San Gimignano in Toscana: la Manhattan del Medioevo<\/a><\/h2>\t\t\t\t\t\t\t\t<\/div><!-- .entry-wrapper -->\n\t<\/article>\n\n\t\t\t\t<\/div>\n\t\t\n\t<\/div>\n\t<div class=\"shariff shariff-align-left shariff-widget-align-left\" data-services=\"facebook%7Cpinterest\" data-url=\"https:\/\/la-bella-vita.club\/it\/die-arena-von-veronas-gladiatoren-opern-und-olympia\/\" data-timestamp=\"1750530825\" data-backendurl=\"https:\/\/la-bella-vita.club\/it\/wp-json\/shariff\/v1\/share_counts?\"><ul class=\"shariff-buttons theme-round orientation-horizontal buttonsize-small\"><li class=\"shariff-button whatsapp shariff-nocustomcolor\" style=\"background-color:#5cbe4a\"><a href=\"https:\/\/api.whatsapp.com\/send?text=https%3A%2F%2Fla-bella-vita.club%2Fit%2Fdie-arena-von-veronas-gladiatoren-opern-und-olympia%2F%20Die%20Arena%20von%20Verona%3A%20Gladiatoren%20und%20Opern\" title=\"Condividi su Whatsapp\" aria-label=\"Condividi su Whatsapp\" role=\"button\" rel=\"noopener nofollow\" class=\"shariff-link\" style=\"; background-color:#34af23; color:#fff\" target=\"_blank\"><span class=\"shariff-icon\" style=\"\"><svg width=\"32px\" height=\"20px\" xmlns=\"http:\/\/www.w3.org\/2000\/svg\" viewbox=\"0 0 32 32\"><path fill=\"#34af23\" d=\"M17.6 17.4q0.2 0 1.7 0.8t1.6 0.9q0 0.1 0 0.3 0 0.6-0.3 1.4-0.3 0.7-1.3 1.2t-1.8 0.5q-1 0-3.4-1.1-1.7-0.8-3-2.1t-2.6-3.3q-1.3-1.9-1.3-3.5v-0.1q0.1-1.6 1.3-2.8 0.4-0.4 0.9-0.4 0.1 0 0.3 0t0.3 0q0.3 0 0.5 0.1t0.3 0.5q0.1 0.4 0.6 1.6t0.4 1.3q0 0.4-0.6 1t-0.6 0.8q0 0.1 0.1 0.3 0.6 1.3 1.8 2.4 1 0.9 2.7 1.8 0.2 0.1 0.4 0.1 0.3 0 1-0.9t0.9-0.9zM14 26.9q2.3 0 4.3-0.9t3.6-2.4 2.4-3.6 0.9-4.3-0.9-4.3-2.4-3.6-3.6-2.4-4.3-0.9-4.3 0.9-3.6 2.4-2.4 3.6-0.9 4.3q0 3.6 2.1 6.6l-1.4 4.2 4.3-1.4q2.8 1.9 6.2 1.9zM14 2.2q2.7 0 5.2 1.1t4.3 2.9 2.9 4.3 1.1 5.2-1.1 5.2-2.9 4.3-4.3 2.9-5.2 1.1q-3.5 0-6.5-1.7l-7.4 2.4 2.4-7.2q-1.9-3.2-1.9-6.9 0-2.7 1.1-5.2t2.9-4.3 4.3-2.9 5.2-1.1z\"\/><\/svg><\/span><\/a><\/li><li class=\"shariff-button mailto shariff-nocustomcolor\" style=\"background-color:#a8a8a8\"><a href=\"mailto:?body=https%3A%2F%2Fla-bella-vita.club%2Fit%2Fdie-arena-von-veronas-gladiatoren-opern-und-olympia%2F&subject=Die%20Arena%20von%20Verona%3A%20Gladiatoren%20und%20Opern\" title=\"Invia per e-mail\" aria-label=\"Invia per e-mail\" role=\"button\" rel=\"noopener nofollow\" class=\"shariff-link\" style=\"; background-color:#999; color:#fff\"><span class=\"shariff-icon\" style=\"\"><svg width=\"32px\" height=\"20px\" xmlns=\"http:\/\/www.w3.org\/2000\/svg\" viewbox=\"0 0 32 32\"><path fill=\"#999\" d=\"M32 12.7v14.2q0 1.2-0.8 2t-2 0.9h-26.3q-1.2 0-2-0.9t-0.8-2v-14.2q0.8 0.9 1.8 1.6 6.5 4.4 8.9 6.1 1 0.8 1.6 1.2t1.7 0.9 2 0.4h0.1q0.9 0 2-0.4t1.7-0.9 1.6-1.2q3-2.2 8.9-6.1 1-0.7 1.8-1.6zM32 7.4q0 1.4-0.9 2.7t-2.2 2.2q-6.7 4.7-8.4 5.8-0.2 0.1-0.7 0.5t-1 0.7-0.9 0.6-1.1 0.5-0.9 0.2h-0.1q-0.4 0-0.9-0.2t-1.1-0.5-0.9-0.6-1-0.7-0.7-0.5q-1.6-1.1-4.7-3.2t-3.6-2.6q-1.1-0.7-2.1-2t-1-2.5q0-1.4 0.7-2.3t2.1-0.9h26.3q1.2 0 2 0.8t0.9 2z\"\/><\/svg><\/span><\/a><\/li><li class=\"shariff-button telegram shariff-nocustomcolor\" style=\"background-color:#4084A6\"><a href=\"https:\/\/telegram.me\/share\/url?url=https%3A%2F%2Fla-bella-vita.club%2Fit%2Fdie-arena-von-veronas-gladiatoren-opern-und-olympia%2F&text=Die%20Arena%20von%20Verona%3A%20Gladiatoren%20und%20Opern\" title=\"Condividi su Telegram\" aria-label=\"Condividi su Telegram\" role=\"button\" rel=\"noopener nofollow\" class=\"shariff-link\" style=\"; background-color:#0088cc; color:#fff\" target=\"_blank\"><span class=\"shariff-icon\" style=\"\"><svg width=\"32px\" height=\"20px\" xmlns=\"http:\/\/www.w3.org\/2000\/svg\" viewbox=\"0 0 32 32\"><path fill=\"#0088cc\" d=\"M30.8 6.5l-4.5 21.4c-.3 1.5-1.2 1.9-2.5 1.2L16.9 24l-3.3 3.2c-.4.4-.7.7-1.4.7l.5-7L25.5 9.2c.6-.5-.1-.8-.9-.3l-15.8 10L2 16.7c-1.5-.5-1.5-1.5.3-2.2L28.9 4.3c1.3-.5 2.3.3 1.9 2.2z\"\/><\/svg><\/span><\/a><\/li><li class=\"shariff-button sms shariff-nocustomcolor shariff-mobile\" style=\"background-color:#d7d9d8\"><a href=\"sms:?&body=https%3A%2F%2Fla-bella-vita.club%2Fit%2Fdie-arena-von-veronas-gladiatoren-opern-und-olympia%2F\" title=\"Condividi via SMS\" aria-label=\"Condividi via SMS\" role=\"button\" rel=\"noopener nofollow\" class=\"shariff-link\" style=\"; background-color:#a1e877; color:#fff\" target=\"_blank\"><span class=\"shariff-icon\" style=\"\"><svg xmlns=\"http:\/\/www.w3.org\/2000\/svg\" width=\"510\" height=\"510\" viewbox=\"0 0 510 510\"><path fill=\"#a1e877\" d=\"M459 0H51C23 0 0 23 0 51v459l102-102h357c28.1 0 51-22.9 51-51V51C510 23 487.1 0 459 0zM178.5 229.5h-51v-51h51V229.5zM280.5 229.5h-51v-51h51V229.5zM382.5 229.5h-51v-51h51V229.5z\"\/><\/svg><\/span><\/a><\/li><li class=\"shariff-button twitter shariff-nocustomcolor\" style=\"background-color:#595959\"><a href=\"https:\/\/twitter.com\/share?url=https%3A%2F%2Fla-bella-vita.club%2Fit%2Fdie-arena-von-veronas-gladiatoren-opern-und-olympia%2F&text=Die%20Arena%20von%20Verona%3A%20Gladiatoren%20und%20Opern\" title=\"Condividi a X\" aria-label=\"Condividi a X\" role=\"button\" rel=\"noopener nofollow\" class=\"shariff-link\" style=\"; background-color:#000; color:#fff\" target=\"_blank\"><span class=\"shariff-icon\" style=\"\"><svg width=\"32px\" height=\"20px\" xmlns=\"http:\/\/www.w3.org\/2000\/svg\" viewbox=\"0 0 24 24\"><path fill=\"#000\" d=\"M14.258 10.152L23.176 0h-2.113l-7.747 8.813L7.133 0H0l9.352 13.328L0 23.973h2.113l8.176-9.309 6.531 9.309h7.133zm-2.895 3.293l-.949-1.328L2.875 1.56h3.246l6.086 8.523.945 1.328 7.91 11.078h-3.246zm0 0\"\/><\/svg><\/span><\/a><\/li><li class=\"shariff-button facebook shariff-nocustomcolor\" style=\"background-color:#4273c8\"><a href=\"https:\/\/www.facebook.com\/sharer\/sharer.php?u=https%3A%2F%2Fla-bella-vita.club%2Fit%2Fdie-arena-von-veronas-gladiatoren-opern-und-olympia%2F\" title=\"Condividi su Facebook\" aria-label=\"Condividi su Facebook\" role=\"button\" rel=\"nofollow\" class=\"shariff-link\" style=\"; background-color:#3b5998; color:#fff\" target=\"_blank\"><span class=\"shariff-icon\" style=\"\"><svg width=\"32px\" height=\"20px\" xmlns=\"http:\/\/www.w3.org\/2000\/svg\" viewbox=\"0 0 18 32\"><path fill=\"#3b5998\" d=\"M17.1 0.2v4.7h-2.8q-1.5 0-2.1 0.6t-0.5 1.9v3.4h5.2l-0.7 5.3h-4.5v13.6h-5.5v-13.6h-4.5v-5.3h4.5v-3.9q0-3.3 1.9-5.2t5-1.8q2.6 0 4.1 0.2z\"\/><\/svg><\/span><\/a><\/li><li class=\"shariff-button pinterest shariff-nocustomcolor\" style=\"background-color:#e70f18\"><a href=\"https:\/\/www.pinterest.com\/pin\/create\/link\/?url=https%3A%2F%2Fla-bella-vita.club%2Fit%2Fdie-arena-von-veronas-gladiatoren-opern-und-olympia%2F&media=https%3A%2F%2Fla-bella-vita.club%2Fwp-content%2Fuploads%2F2024%2F10%2Fla-bella-vita.club-_-Titel-Artikel-39.jpg&description=Die%20Arena%20von%20Verona%3A%20Gladiatoren%20und%20Opern\" title=\"Pin su Pinterest\" aria-label=\"Pin su Pinterest\" role=\"button\" rel=\"noopener nofollow\" class=\"shariff-link\" style=\"; background-color:#cb2027; color:#fff\" target=\"_blank\"><span class=\"shariff-icon\" style=\"\"><svg width=\"32px\" height=\"20px\" xmlns=\"http:\/\/www.w3.org\/2000\/svg\" viewbox=\"0 0 27 32\"><path fill=\"#cb2027\" d=\"M27.4 16q0 3.7-1.8 6.9t-5 5-6.9 1.9q-2 0-3.9-0.6 1.1-1.7 1.4-2.9 0.2-0.6 1-3.8 0.4 0.7 1.3 1.2t2 0.5q2.1 0 3.8-1.2t2.7-3.4 0.9-4.8q0-2-1.1-3.8t-3.1-2.9-4.5-1.2q-1.9 0-3.5 0.5t-2.8 1.4-2 2-1.2 2.3-0.4 2.4q0 1.9 0.7 3.3t2.1 2q0.5 0.2 0.7-0.4 0-0.1 0.1-0.5t0.2-0.5q0.1-0.4-0.2-0.8-0.9-1.1-0.9-2.7 0-2.7 1.9-4.6t4.9-2q2.7 0 4.2 1.5t1.5 3.8q0 3-1.2 5.2t-3.1 2.1q-1.1 0-1.7-0.8t-0.4-1.9q0.1-0.6 0.5-1.7t0.5-1.8 0.2-1.4q0-0.9-0.5-1.5t-1.4-0.6q-1.1 0-1.9 1t-0.8 2.6q0 1.3 0.4 2.2l-1.8 7.5q-0.3 1.2-0.2 3.2-3.7-1.6-6-5t-2.3-7.6q0-3.7 1.9-6.9t5-5 6.9-1.9 6.9 1.9 5 5 1.8 6.9z\"\/><\/svg><\/span><\/a><\/li><\/ul><\/div>","protected":false},"excerpt":{"rendered":"<p>Colonia - L'Arena di Verona: un tempo scenario di drammatici combattimenti tra gladiatori e duelli tra animali, oggi uno dei luoghi d'opera pi\u00f9 famosi al mondo.<\/p>\n<div class=\"shariff shariff-align-left shariff-widget-align-left\" data-services=\"facebook%7Cpinterest\" data-url=\"https:\/\/la-bella-vita.club\/it\/die-arena-von-veronas-gladiatoren-opern-und-olympia\/\" data-timestamp=\"1750530825\" data-backendurl=\"https:\/\/la-bella-vita.club\/it\/wp-json\/shariff\/v1\/share_counts?\"><ul class=\"shariff-buttons theme-round orientation-horizontal buttonsize-small\"><li class=\"shariff-button whatsapp shariff-nocustomcolor\" style=\"background-color:#5cbe4a\"><a href=\"https:\/\/api.whatsapp.com\/send?text=https%3A%2F%2Fla-bella-vita.club%2Fit%2Fdie-arena-von-veronas-gladiatoren-opern-und-olympia%2F%20Die%20Arena%20von%20Verona%3A%20Gladiatoren%20und%20Opern\" title=\"Condividi su Whatsapp\" aria-label=\"Condividi su Whatsapp\" role=\"button\" rel=\"noopener nofollow\" class=\"shariff-link\" style=\"; background-color:#34af23; color:#fff\" target=\"_blank\"><span class=\"shariff-icon\" style=\"\"><svg width=\"32px\" height=\"20px\" xmlns=\"http:\/\/www.w3.org\/2000\/svg\" viewbox=\"0 0 32 32\"><path fill=\"#34af23\" d=\"M17.6 17.4q0.2 0 1.7 0.8t1.6 0.9q0 0.1 0 0.3 0 0.6-0.3 1.4-0.3 0.7-1.3 1.2t-1.8 0.5q-1 0-3.4-1.1-1.7-0.8-3-2.1t-2.6-3.3q-1.3-1.9-1.3-3.5v-0.1q0.1-1.6 1.3-2.8 0.4-0.4 0.9-0.4 0.1 0 0.3 0t0.3 0q0.3 0 0.5 0.1t0.3 0.5q0.1 0.4 0.6 1.6t0.4 1.3q0 0.4-0.6 1t-0.6 0.8q0 0.1 0.1 0.3 0.6 1.3 1.8 2.4 1 0.9 2.7 1.8 0.2 0.1 0.4 0.1 0.3 0 1-0.9t0.9-0.9zM14 26.9q2.3 0 4.3-0.9t3.6-2.4 2.4-3.6 0.9-4.3-0.9-4.3-2.4-3.6-3.6-2.4-4.3-0.9-4.3 0.9-3.6 2.4-2.4 3.6-0.9 4.3q0 3.6 2.1 6.6l-1.4 4.2 4.3-1.4q2.8 1.9 6.2 1.9zM14 2.2q2.7 0 5.2 1.1t4.3 2.9 2.9 4.3 1.1 5.2-1.1 5.2-2.9 4.3-4.3 2.9-5.2 1.1q-3.5 0-6.5-1.7l-7.4 2.4 2.4-7.2q-1.9-3.2-1.9-6.9 0-2.7 1.1-5.2t2.9-4.3 4.3-2.9 5.2-1.1z\"\/><\/svg><\/span><\/a><\/li><li class=\"shariff-button mailto shariff-nocustomcolor\" style=\"background-color:#a8a8a8\"><a href=\"mailto:?body=https%3A%2F%2Fla-bella-vita.club%2Fit%2Fdie-arena-von-veronas-gladiatoren-opern-und-olympia%2F&subject=Die%20Arena%20von%20Verona%3A%20Gladiatoren%20und%20Opern\" title=\"Invia per e-mail\" aria-label=\"Invia per e-mail\" role=\"button\" rel=\"noopener nofollow\" class=\"shariff-link\" style=\"; background-color:#999; color:#fff\"><span class=\"shariff-icon\" style=\"\"><svg width=\"32px\" height=\"20px\" xmlns=\"http:\/\/www.w3.org\/2000\/svg\" viewbox=\"0 0 32 32\"><path fill=\"#999\" d=\"M32 12.7v14.2q0 1.2-0.8 2t-2 0.9h-26.3q-1.2 0-2-0.9t-0.8-2v-14.2q0.8 0.9 1.8 1.6 6.5 4.4 8.9 6.1 1 0.8 1.6 1.2t1.7 0.9 2 0.4h0.1q0.9 0 2-0.4t1.7-0.9 1.6-1.2q3-2.2 8.9-6.1 1-0.7 1.8-1.6zM32 7.4q0 1.4-0.9 2.7t-2.2 2.2q-6.7 4.7-8.4 5.8-0.2 0.1-0.7 0.5t-1 0.7-0.9 0.6-1.1 0.5-0.9 0.2h-0.1q-0.4 0-0.9-0.2t-1.1-0.5-0.9-0.6-1-0.7-0.7-0.5q-1.6-1.1-4.7-3.2t-3.6-2.6q-1.1-0.7-2.1-2t-1-2.5q0-1.4 0.7-2.3t2.1-0.9h26.3q1.2 0 2 0.8t0.9 2z\"\/><\/svg><\/span><\/a><\/li><li class=\"shariff-button telegram shariff-nocustomcolor\" style=\"background-color:#4084A6\"><a href=\"https:\/\/telegram.me\/share\/url?url=https%3A%2F%2Fla-bella-vita.club%2Fit%2Fdie-arena-von-veronas-gladiatoren-opern-und-olympia%2F&text=Die%20Arena%20von%20Verona%3A%20Gladiatoren%20und%20Opern\" title=\"Condividi su Telegram\" aria-label=\"Condividi su Telegram\" role=\"button\" rel=\"noopener nofollow\" class=\"shariff-link\" style=\"; background-color:#0088cc; color:#fff\" target=\"_blank\"><span class=\"shariff-icon\" style=\"\"><svg width=\"32px\" height=\"20px\" xmlns=\"http:\/\/www.w3.org\/2000\/svg\" viewbox=\"0 0 32 32\"><path fill=\"#0088cc\" d=\"M30.8 6.5l-4.5 21.4c-.3 1.5-1.2 1.9-2.5 1.2L16.9 24l-3.3 3.2c-.4.4-.7.7-1.4.7l.5-7L25.5 9.2c.6-.5-.1-.8-.9-.3l-15.8 10L2 16.7c-1.5-.5-1.5-1.5.3-2.2L28.9 4.3c1.3-.5 2.3.3 1.9 2.2z\"\/><\/svg><\/span><\/a><\/li><li class=\"shariff-button sms shariff-nocustomcolor shariff-mobile\" style=\"background-color:#d7d9d8\"><a href=\"sms:?&body=https%3A%2F%2Fla-bella-vita.club%2Fit%2Fdie-arena-von-veronas-gladiatoren-opern-und-olympia%2F\" title=\"Condividi via SMS\" aria-label=\"Condividi via SMS\" role=\"button\" rel=\"noopener nofollow\" class=\"shariff-link\" style=\"; background-color:#a1e877; color:#fff\" target=\"_blank\"><span class=\"shariff-icon\" style=\"\"><svg xmlns=\"http:\/\/www.w3.org\/2000\/svg\" width=\"510\" height=\"510\" viewbox=\"0 0 510 510\"><path fill=\"#a1e877\" d=\"M459 0H51C23 0 0 23 0 51v459l102-102h357c28.1 0 51-22.9 51-51V51C510 23 487.1 0 459 0zM178.5 229.5h-51v-51h51V229.5zM280.5 229.5h-51v-51h51V229.5zM382.5 229.5h-51v-51h51V229.5z\"\/><\/svg><\/span><\/a><\/li><li class=\"shariff-button twitter shariff-nocustomcolor\" style=\"background-color:#595959\"><a href=\"https:\/\/twitter.com\/share?url=https%3A%2F%2Fla-bella-vita.club%2Fit%2Fdie-arena-von-veronas-gladiatoren-opern-und-olympia%2F&text=Die%20Arena%20von%20Verona%3A%20Gladiatoren%20und%20Opern\" title=\"Condividi a X\" aria-label=\"Condividi a X\" role=\"button\" rel=\"noopener nofollow\" class=\"shariff-link\" style=\"; background-color:#000; color:#fff\" target=\"_blank\"><span class=\"shariff-icon\" style=\"\"><svg width=\"32px\" height=\"20px\" xmlns=\"http:\/\/www.w3.org\/2000\/svg\" viewbox=\"0 0 24 24\"><path fill=\"#000\" d=\"M14.258 10.152L23.176 0h-2.113l-7.747 8.813L7.133 0H0l9.352 13.328L0 23.973h2.113l8.176-9.309 6.531 9.309h7.133zm-2.895 3.293l-.949-1.328L2.875 1.56h3.246l6.086 8.523.945 1.328 7.91 11.078h-3.246zm0 0\"\/><\/svg><\/span><\/a><\/li><li class=\"shariff-button facebook shariff-nocustomcolor\" style=\"background-color:#4273c8\"><a href=\"https:\/\/www.facebook.com\/sharer\/sharer.php?u=https%3A%2F%2Fla-bella-vita.club%2Fit%2Fdie-arena-von-veronas-gladiatoren-opern-und-olympia%2F\" title=\"Condividi su Facebook\" aria-label=\"Condividi su Facebook\" role=\"button\" rel=\"nofollow\" class=\"shariff-link\" style=\"; background-color:#3b5998; color:#fff\" target=\"_blank\"><span class=\"shariff-icon\" style=\"\"><svg width=\"32px\" height=\"20px\" xmlns=\"http:\/\/www.w3.org\/2000\/svg\" viewbox=\"0 0 18 32\"><path fill=\"#3b5998\" d=\"M17.1 0.2v4.7h-2.8q-1.5 0-2.1 0.6t-0.5 1.9v3.4h5.2l-0.7 5.3h-4.5v13.6h-5.5v-13.6h-4.5v-5.3h4.5v-3.9q0-3.3 1.9-5.2t5-1.8q2.6 0 4.1 0.2z\"\/><\/svg><\/span><\/a><\/li><li class=\"shariff-button pinterest shariff-nocustomcolor\" style=\"background-color:#e70f18\"><a href=\"https:\/\/www.pinterest.com\/pin\/create\/link\/?url=https%3A%2F%2Fla-bella-vita.club%2Fit%2Fdie-arena-von-veronas-gladiatoren-opern-und-olympia%2F&media=https%3A%2F%2Fla-bella-vita.club%2Fwp-content%2Fuploads%2F2024%2F10%2Fla-bella-vita.club-_-Titel-Artikel-39.jpg&description=Die%20Arena%20von%20Verona%3A%20Gladiatoren%20und%20Opern\" title=\"Pin su Pinterest\" aria-label=\"Pin su Pinterest\" role=\"button\" rel=\"noopener nofollow\" class=\"shariff-link\" style=\"; background-color:#cb2027; color:#fff\" target=\"_blank\"><span class=\"shariff-icon\" style=\"\"><svg width=\"32px\" height=\"20px\" xmlns=\"http:\/\/www.w3.org\/2000\/svg\" viewbox=\"0 0 27 32\"><path fill=\"#cb2027\" d=\"M27.4 16q0 3.7-1.8 6.9t-5 5-6.9 1.9q-2 0-3.9-0.6 1.1-1.7 1.4-2.9 0.2-0.6 1-3.8 0.4 0.7 1.3 1.2t2 0.5q2.1 0 3.8-1.2t2.7-3.4 0.9-4.8q0-2-1.1-3.8t-3.1-2.9-4.5-1.2q-1.9 0-3.5 0.5t-2.8 1.4-2 2-1.2 2.3-0.4 2.4q0 1.9 0.7 3.3t2.1 2q0.5 0.2 0.7-0.4 0-0.1 0.1-0.5t0.2-0.5q0.1-0.4-0.2-0.8-0.9-1.1-0.9-2.7 0-2.7 1.9-4.6t4.9-2q2.7 0 4.2 1.5t1.5 3.8q0 3-1.2 5.2t-3.1 2.1q-1.1 0-1.7-0.8t-0.4-1.9q0.1-0.6 0.5-1.7t0.5-1.8 0.2-1.4q0-0.9-0.5-1.5t-1.4-0.6q-1.1 0-1.9 1t-0.8 2.6q0 1.3 0.4 2.2l-1.8 7.5q-0.3 1.2-0.2 3.2-3.7-1.6-6-5t-2.3-7.6q0-3.7 1.9-6.9t5-5 6.9-1.9 6.9 1.9 5 5 1.8 6.9z\"\/><\/svg><\/span><\/a><\/li><\/ul><\/div>","protected":false},"author":198281585,"featured_media":37212,"comment_status":"open","ping_status":"closed","sticky":false,"template":"","format":"standard","meta":{"_coblocks_attr":"","_coblocks_dimensions":"","_coblocks_responsive_height":"","_coblocks_accordion_ie_support":"","_crdt_document":"","_jetpack_newsletter_access":"","_jetpack_dont_email_post_to_subs":false,"_jetpack_newsletter_tier_id":0,"_jetpack_memberships_contains_paywalled_content":false,"_jetpack_memberships_contains_paid_content":false,"footnotes":"","jetpack_post_was_ever_published":false},"categories":[2732],"tags":[],"class_list":["post-37184","post","type-post","status-publish","format-standard","has-post-thumbnail","hentry","category-die-schoensten-staedte-und-doerfer-in-italien-rundreise-durch-il-bel-paese","infinite-scroll-item"],"yoast_head":"<!-- This site is optimized with the Yoast SEO Premium plugin v27.4 (Yoast SEO v27.5) - https:\/\/yoast.com\/product\/yoast-seo-premium-wordpress\/ -->\n<title>Die Arena von Verona: Gladiatoren und Opern<\/title>\n<meta name=\"description\" content=\"K\u00f6ln \u2013 Die Arena von Verona: fr\u00fcher Schauplatz f\u00fcr Gladiatorenk\u00e4mpfe und Tierduelle, heute einer der ber\u00fchmtesten Opernspielorte der Welt.\" \/>\n<meta name=\"robots\" content=\"index, follow, max-snippet:-1, max-image-preview:large, max-video-preview:-1\" \/>\n<link rel=\"canonical\" href=\"https:\/\/la-bella-vita.club\/it\/larena-delle-opere-gladiatorie-e-lolimpia-di-verona\/\" \/>\n<meta property=\"og:locale\" content=\"it_IT\" \/>\n<meta property=\"og:type\" content=\"article\" \/>\n<meta property=\"og:title\" content=\"Die Arena von Verona: Gladiatoren und Opern\" \/>\n<meta property=\"og:description\" content=\"K\u00f6ln \u2013 Die Arena von Verona: fr\u00fcher Schauplatz f\u00fcr Gladiatorenk\u00e4mpfe und Tierduelle, heute einer der ber\u00fchmtesten Opernspielorte der Welt.\" \/>\n<meta property=\"og:url\" content=\"https:\/\/la-bella-vita.club\/it\/larena-delle-opere-gladiatorie-e-lolimpia-di-verona\/\" \/>\n<meta property=\"og:site_name\" content=\"la bella vita club\" \/>\n<meta property=\"article:publisher\" content=\"https:\/\/www.facebook.com\/labellavita.club\" \/>\n<meta property=\"article:published_time\" content=\"2025-03-22T19:22:55+00:00\" \/>\n<meta property=\"article:modified_time\" content=\"2025-06-21T16:33:45+00:00\" \/>\n<meta property=\"og:image\" content=\"https:\/\/la-bella-vita.club\/wp-content\/uploads\/2024\/10\/la-bella-vita.club-_-Titel-Artikel-39.jpg\" \/>\n\t<meta property=\"og:image:width\" content=\"1200\" \/>\n\t<meta property=\"og:image:height\" content=\"675\" \/>\n\t<meta property=\"og:image:type\" content=\"image\/jpeg\" \/>\n<meta name=\"author\" content=\"KAYSERIN media\" \/>\n<meta name=\"twitter:card\" content=\"summary_large_image\" \/>\n<meta name=\"twitter:label1\" content=\"Scritto da\" \/>\n\t<meta name=\"twitter:data1\" content=\"KAYSERIN media\" \/>\n\t<meta name=\"twitter:label2\" content=\"Tempo di lettura stimato\" \/>\n\t<meta name=\"twitter:data2\" content=\"4 minuti\" \/>\n<script type=\"application\/ld+json\" class=\"yoast-schema-graph\">{\"@context\":\"https:\\\/\\\/schema.org\",\"@graph\":[{\"@type\":\"Article\",\"@id\":\"https:\\\/\\\/la-bella-vita.club\\\/die-arena-von-veronas-gladiatoren-opern-und-olympia\\\/#article\",\"isPartOf\":{\"@id\":\"https:\\\/\\\/la-bella-vita.club\\\/die-arena-von-veronas-gladiatoren-opern-und-olympia\\\/\"},\"author\":{\"name\":\"KAYSERIN media\",\"@id\":\"https:\\\/\\\/la-bella-vita.club\\\/#\\\/schema\\\/person\\\/d5b88108808d5fc119cd16c6be56952d\"},\"headline\":\"Die Arena von Verona: Gladiatoren und Opern\",\"datePublished\":\"2025-03-22T19:22:55+00:00\",\"dateModified\":\"2025-06-21T16:33:45+00:00\",\"mainEntityOfPage\":{\"@id\":\"https:\\\/\\\/la-bella-vita.club\\\/die-arena-von-veronas-gladiatoren-opern-und-olympia\\\/\"},\"wordCount\":681,\"commentCount\":0,\"publisher\":{\"@id\":\"https:\\\/\\\/la-bella-vita.club\\\/#organization\"},\"image\":{\"@id\":\"https:\\\/\\\/la-bella-vita.club\\\/die-arena-von-veronas-gladiatoren-opern-und-olympia\\\/#primaryimage\"},\"thumbnailUrl\":\"https:\\\/\\\/la-bella-vita.club\\\/wp-content\\\/uploads\\\/2024\\\/10\\\/la-bella-vita.club-_-Titel-Artikel-39.jpg\",\"articleSection\":[\"St\u00e4dte &amp; D\u00f6rfer\"],\"inLanguage\":\"it-IT\",\"potentialAction\":[{\"@type\":\"CommentAction\",\"name\":\"Comment\",\"target\":[\"https:\\\/\\\/la-bella-vita.club\\\/die-arena-von-veronas-gladiatoren-opern-und-olympia\\\/#respond\"]}]},{\"@type\":\"WebPage\",\"@id\":\"https:\\\/\\\/la-bella-vita.club\\\/die-arena-von-veronas-gladiatoren-opern-und-olympia\\\/\",\"url\":\"https:\\\/\\\/la-bella-vita.club\\\/die-arena-von-veronas-gladiatoren-opern-und-olympia\\\/\",\"name\":\"Die Arena von Verona: Gladiatoren und Opern\",\"isPartOf\":{\"@id\":\"https:\\\/\\\/la-bella-vita.club\\\/#website\"},\"primaryImageOfPage\":{\"@id\":\"https:\\\/\\\/la-bella-vita.club\\\/die-arena-von-veronas-gladiatoren-opern-und-olympia\\\/#primaryimage\"},\"image\":{\"@id\":\"https:\\\/\\\/la-bella-vita.club\\\/die-arena-von-veronas-gladiatoren-opern-und-olympia\\\/#primaryimage\"},\"thumbnailUrl\":\"https:\\\/\\\/la-bella-vita.club\\\/wp-content\\\/uploads\\\/2024\\\/10\\\/la-bella-vita.club-_-Titel-Artikel-39.jpg\",\"datePublished\":\"2025-03-22T19:22:55+00:00\",\"dateModified\":\"2025-06-21T16:33:45+00:00\",\"description\":\"K\u00f6ln \u2013 Die Arena von Verona: fr\u00fcher Schauplatz f\u00fcr Gladiatorenk\u00e4mpfe und Tierduelle, heute einer der ber\u00fchmtesten Opernspielorte der Welt.\",\"breadcrumb\":{\"@id\":\"https:\\\/\\\/la-bella-vita.club\\\/die-arena-von-veronas-gladiatoren-opern-und-olympia\\\/#breadcrumb\"},\"inLanguage\":\"it-IT\",\"potentialAction\":[{\"@type\":\"ReadAction\",\"target\":[\"https:\\\/\\\/la-bella-vita.club\\\/die-arena-von-veronas-gladiatoren-opern-und-olympia\\\/\"]}]},{\"@type\":\"ImageObject\",\"inLanguage\":\"it-IT\",\"@id\":\"https:\\\/\\\/la-bella-vita.club\\\/die-arena-von-veronas-gladiatoren-opern-und-olympia\\\/#primaryimage\",\"url\":\"https:\\\/\\\/la-bella-vita.club\\\/wp-content\\\/uploads\\\/2024\\\/10\\\/la-bella-vita.club-_-Titel-Artikel-39.jpg\",\"contentUrl\":\"https:\\\/\\\/la-bella-vita.club\\\/wp-content\\\/uploads\\\/2024\\\/10\\\/la-bella-vita.club-_-Titel-Artikel-39.jpg\",\"width\":1200,\"height\":675,\"caption\":\"Die ber\u00fchmte Arena von Verona\"},{\"@type\":\"BreadcrumbList\",\"@id\":\"https:\\\/\\\/la-bella-vita.club\\\/die-arena-von-veronas-gladiatoren-opern-und-olympia\\\/#breadcrumb\",\"itemListElement\":[{\"@type\":\"ListItem\",\"position\":1,\"name\":\"Startseite\",\"item\":\"https:\\\/\\\/la-bella-vita.club\\\/\"},{\"@type\":\"ListItem\",\"position\":2,\"name\":\"Die Arena von Verona: Gladiatoren und Opern\"}]},{\"@type\":\"WebSite\",\"@id\":\"https:\\\/\\\/la-bella-vita.club\\\/#website\",\"url\":\"https:\\\/\\\/la-bella-vita.club\\\/\",\"name\":\"la bella vita club\",\"description\":\"Dein Magazin f\u00fcr Italien\",\"publisher\":{\"@id\":\"https:\\\/\\\/la-bella-vita.club\\\/#organization\"},\"potentialAction\":[{\"@type\":\"SearchAction\",\"target\":{\"@type\":\"EntryPoint\",\"urlTemplate\":\"https:\\\/\\\/la-bella-vita.club\\\/?s={search_term_string}\"},\"query-input\":{\"@type\":\"PropertyValueSpecification\",\"valueRequired\":true,\"valueName\":\"search_term_string\"}}],\"inLanguage\":\"it-IT\"},{\"@type\":\"Organization\",\"@id\":\"https:\\\/\\\/la-bella-vita.club\\\/#organization\",\"name\":\"la bella vita club\",\"url\":\"https:\\\/\\\/la-bella-vita.club\\\/\",\"logo\":{\"@type\":\"ImageObject\",\"inLanguage\":\"it-IT\",\"@id\":\"https:\\\/\\\/la-bella-vita.club\\\/#\\\/schema\\\/logo\\\/image\\\/\",\"url\":\"https:\\\/\\\/la-bella-vita.club\\\/wp-content\\\/uploads\\\/2025\\\/04\\\/cropped-Kopie-von-Kopie-von-Kopie-von-Marie-von-Kiesenwetter.png\",\"contentUrl\":\"https:\\\/\\\/la-bella-vita.club\\\/wp-content\\\/uploads\\\/2025\\\/04\\\/cropped-Kopie-von-Kopie-von-Kopie-von-Marie-von-Kiesenwetter.png\",\"width\":512,\"height\":512,\"caption\":\"la bella vita club\"},\"image\":{\"@id\":\"https:\\\/\\\/la-bella-vita.club\\\/#\\\/schema\\\/logo\\\/image\\\/\"},\"sameAs\":[\"https:\\\/\\\/www.facebook.com\\\/labellavita.club\",\"https:\\\/\\\/www.instagram.com\\\/labellavita.club\\\/\",\"https:\\\/\\\/www.youtube.com\\\/channel\\\/UCV7eNkxXPYvukjgUnlyI_-g\",\"https:\\\/\\\/www.tiktok.com\\\/labellavita.club\"]},{\"@type\":\"Person\",\"@id\":\"https:\\\/\\\/la-bella-vita.club\\\/#\\\/schema\\\/person\\\/d5b88108808d5fc119cd16c6be56952d\",\"name\":\"KAYSERIN media\",\"image\":{\"@type\":\"ImageObject\",\"inLanguage\":\"it-IT\",\"@id\":\"https:\\\/\\\/secure.gravatar.com\\\/avatar\\\/4e386f482ec9a3364e4c29c7977cc51a4f2672b673b24d429942d98717993c79?s=96&d=identicon&r=g\",\"url\":\"https:\\\/\\\/secure.gravatar.com\\\/avatar\\\/4e386f482ec9a3364e4c29c7977cc51a4f2672b673b24d429942d98717993c79?s=96&d=identicon&r=g\",\"contentUrl\":\"https:\\\/\\\/secure.gravatar.com\\\/avatar\\\/4e386f482ec9a3364e4c29c7977cc51a4f2672b673b24d429942d98717993c79?s=96&d=identicon&r=g\",\"caption\":\"KAYSERIN media\"},\"description\":\"EVERY STORY IS ONLY AS GOOD AS IT IS TOLD. We are storytellers in all formats, at every stage, from conception to production to strategy.\",\"sameAs\":[\"https:\\\/\\\/kayserin.io\"]}]}<\/script>\n<!-- \/ Yoast SEO Premium plugin. -->","yoast_head_json":{"title":"L'Arena di Verona: gladiatori e opere liriche","description":"Colonia - L'Arena di Verona: un tempo teatro di combattimenti tra gladiatori e duelli tra animali, oggi uno dei luoghi d'opera pi\u00f9 famosi al mondo.","robots":{"index":"index","follow":"follow","max-snippet":"max-snippet:-1","max-image-preview":"max-image-preview:large","max-video-preview":"max-video-preview:-1"},"canonical":"https:\/\/la-bella-vita.club\/it\/larena-delle-opere-gladiatorie-e-lolimpia-di-verona\/","og_locale":"it_IT","og_type":"article","og_title":"Die Arena von Verona: Gladiatoren und Opern","og_description":"K\u00f6ln \u2013 Die Arena von Verona: fr\u00fcher Schauplatz f\u00fcr Gladiatorenk\u00e4mpfe und Tierduelle, heute einer der ber\u00fchmtesten Opernspielorte der Welt.","og_url":"https:\/\/la-bella-vita.club\/it\/larena-delle-opere-gladiatorie-e-lolimpia-di-verona\/","og_site_name":"la bella vita club","article_publisher":"https:\/\/www.facebook.com\/labellavita.club","article_published_time":"2025-03-22T19:22:55+00:00","article_modified_time":"2025-06-21T16:33:45+00:00","og_image":[{"width":1200,"height":675,"url":"https:\/\/la-bella-vita.club\/wp-content\/uploads\/2024\/10\/la-bella-vita.club-_-Titel-Artikel-39.jpg","type":"image\/jpeg"}],"author":"KAYSERIN media","twitter_card":"summary_large_image","twitter_misc":{"Scritto da":"KAYSERIN media","Tempo di lettura stimato":"4 minuti"},"schema":{"@context":"https:\/\/schema.org","@graph":[{"@type":"Article","@id":"https:\/\/la-bella-vita.club\/die-arena-von-veronas-gladiatoren-opern-und-olympia\/#article","isPartOf":{"@id":"https:\/\/la-bella-vita.club\/die-arena-von-veronas-gladiatoren-opern-und-olympia\/"},"author":{"name":"KAYSERIN media","@id":"https:\/\/la-bella-vita.club\/#\/schema\/person\/d5b88108808d5fc119cd16c6be56952d"},"headline":"Die Arena von Verona: Gladiatoren und Opern","datePublished":"2025-03-22T19:22:55+00:00","dateModified":"2025-06-21T16:33:45+00:00","mainEntityOfPage":{"@id":"https:\/\/la-bella-vita.club\/die-arena-von-veronas-gladiatoren-opern-und-olympia\/"},"wordCount":681,"commentCount":0,"publisher":{"@id":"https:\/\/la-bella-vita.club\/#organization"},"image":{"@id":"https:\/\/la-bella-vita.club\/die-arena-von-veronas-gladiatoren-opern-und-olympia\/#primaryimage"},"thumbnailUrl":"https:\/\/la-bella-vita.club\/wp-content\/uploads\/2024\/10\/la-bella-vita.club-_-Titel-Artikel-39.jpg","articleSection":["St\u00e4dte &amp; D\u00f6rfer"],"inLanguage":"it-IT","potentialAction":[{"@type":"CommentAction","name":"Comment","target":["https:\/\/la-bella-vita.club\/die-arena-von-veronas-gladiatoren-opern-und-olympia\/#respond"]}]},{"@type":"WebPage","@id":"https:\/\/la-bella-vita.club\/die-arena-von-veronas-gladiatoren-opern-und-olympia\/","url":"https:\/\/la-bella-vita.club\/die-arena-von-veronas-gladiatoren-opern-und-olympia\/","name":"L'Arena di Verona: gladiatori e opere liriche","isPartOf":{"@id":"https:\/\/la-bella-vita.club\/#website"},"primaryImageOfPage":{"@id":"https:\/\/la-bella-vita.club\/die-arena-von-veronas-gladiatoren-opern-und-olympia\/#primaryimage"},"image":{"@id":"https:\/\/la-bella-vita.club\/die-arena-von-veronas-gladiatoren-opern-und-olympia\/#primaryimage"},"thumbnailUrl":"https:\/\/la-bella-vita.club\/wp-content\/uploads\/2024\/10\/la-bella-vita.club-_-Titel-Artikel-39.jpg","datePublished":"2025-03-22T19:22:55+00:00","dateModified":"2025-06-21T16:33:45+00:00","description":"Colonia - L'Arena di Verona: un tempo teatro di combattimenti tra gladiatori e duelli tra animali, oggi uno dei luoghi d'opera pi\u00f9 famosi al mondo.","breadcrumb":{"@id":"https:\/\/la-bella-vita.club\/die-arena-von-veronas-gladiatoren-opern-und-olympia\/#breadcrumb"},"inLanguage":"it-IT","potentialAction":[{"@type":"ReadAction","target":["https:\/\/la-bella-vita.club\/die-arena-von-veronas-gladiatoren-opern-und-olympia\/"]}]},{"@type":"ImageObject","inLanguage":"it-IT","@id":"https:\/\/la-bella-vita.club\/die-arena-von-veronas-gladiatoren-opern-und-olympia\/#primaryimage","url":"https:\/\/la-bella-vita.club\/wp-content\/uploads\/2024\/10\/la-bella-vita.club-_-Titel-Artikel-39.jpg","contentUrl":"https:\/\/la-bella-vita.club\/wp-content\/uploads\/2024\/10\/la-bella-vita.club-_-Titel-Artikel-39.jpg","width":1200,"height":675,"caption":"Die ber\u00fchmte Arena von Verona"},{"@type":"BreadcrumbList","@id":"https:\/\/la-bella-vita.club\/die-arena-von-veronas-gladiatoren-opern-und-olympia\/#breadcrumb","itemListElement":[{"@type":"ListItem","position":1,"name":"Startseite","item":"https:\/\/la-bella-vita.club\/"},{"@type":"ListItem","position":2,"name":"Die Arena von Verona: Gladiatoren und Opern"}]},{"@type":"WebSite","@id":"https:\/\/la-bella-vita.club\/#website","url":"https:\/\/la-bella-vita.club\/","name":"club la bella vita","description":"La tua rivista per l'Italia","publisher":{"@id":"https:\/\/la-bella-vita.club\/#organization"},"potentialAction":[{"@type":"SearchAction","target":{"@type":"EntryPoint","urlTemplate":"https:\/\/la-bella-vita.club\/?s={search_term_string}"},"query-input":{"@type":"PropertyValueSpecification","valueRequired":true,"valueName":"search_term_string"}}],"inLanguage":"it-IT"},{"@type":"Organization","@id":"https:\/\/la-bella-vita.club\/#organization","name":"club la bella vita","url":"https:\/\/la-bella-vita.club\/","logo":{"@type":"ImageObject","inLanguage":"it-IT","@id":"https:\/\/la-bella-vita.club\/#\/schema\/logo\/image\/","url":"https:\/\/la-bella-vita.club\/wp-content\/uploads\/2025\/04\/cropped-Kopie-von-Kopie-von-Kopie-von-Marie-von-Kiesenwetter.png","contentUrl":"https:\/\/la-bella-vita.club\/wp-content\/uploads\/2025\/04\/cropped-Kopie-von-Kopie-von-Kopie-von-Marie-von-Kiesenwetter.png","width":512,"height":512,"caption":"la bella vita club"},"image":{"@id":"https:\/\/la-bella-vita.club\/#\/schema\/logo\/image\/"},"sameAs":["https:\/\/www.facebook.com\/labellavita.club","https:\/\/www.instagram.com\/labellavita.club\/","https:\/\/www.youtube.com\/channel\/UCV7eNkxXPYvukjgUnlyI_-g","https:\/\/www.tiktok.com\/labellavita.club"]},{"@type":"Person","@id":"https:\/\/la-bella-vita.club\/#\/schema\/person\/d5b88108808d5fc119cd16c6be56952d","name":"Media KAYSERIN","image":{"@type":"ImageObject","inLanguage":"it-IT","@id":"https:\/\/secure.gravatar.com\/avatar\/4e386f482ec9a3364e4c29c7977cc51a4f2672b673b24d429942d98717993c79?s=96&d=identicon&r=g","url":"https:\/\/secure.gravatar.com\/avatar\/4e386f482ec9a3364e4c29c7977cc51a4f2672b673b24d429942d98717993c79?s=96&d=identicon&r=g","contentUrl":"https:\/\/secure.gravatar.com\/avatar\/4e386f482ec9a3364e4c29c7977cc51a4f2672b673b24d429942d98717993c79?s=96&d=identicon&r=g","caption":"KAYSERIN media"},"description":"OGNI STORIA \u00c8 BELLA SOLO SE VIENE RACCONTATA. Siamo narratori in tutti i formati, in tutte le fasi, dall'ideazione alla produzione alla strategia.","sameAs":["https:\/\/kayserin.io"]}]}},"jetpack_featured_media_url":"https:\/\/la-bella-vita.club\/wp-content\/uploads\/2024\/10\/la-bella-vita.club-_-Titel-Artikel-39.jpg","jetpack_likes_enabled":false,"jetpack_shortlink":"https:\/\/wp.me\/pdmGHY-9FK","jetpack-related-posts":[{"id":37100,"url":"https:\/\/la-bella-vita.club\/it\/verona-die-stadt-der-beruehmtesten-liebe-der-welt\/","url_meta":{"origin":37184,"position":0},"title":"Verona e la vera storia della Casa di Giulietta","author":"KAYSERIN media","date":"14. Marzo 2025","format":false,"excerpt":"Il pi\u00f9 grande dramma d'amore della letteratura, conosciuto in tutto il mondo: La storia di Romeo e Giulietta non \u00e8 un'invenzione di William Shakespeare, ma si dice che sia una storia in parte vera.","rel":"","context":"In &quot;Regionen &amp; Landschaften&quot;","block_context":{"text":"Regionen &amp; Landschaften","link":"https:\/\/la-bella-vita.club\/it\/category\/regionen-landschaften-von-italien\/"},"img":{"alt_text":"","src":"https:\/\/i0.wp.com\/la-bella-vita.club\/wp-content\/uploads\/2024\/10\/la-bella-vita.club-_-Titel-Artikel-37-1.jpg?resize=350%2C200&ssl=1","width":350,"height":200,"srcset":"https:\/\/i0.wp.com\/la-bella-vita.club\/wp-content\/uploads\/2024\/10\/la-bella-vita.club-_-Titel-Artikel-37-1.jpg?resize=350%2C200&ssl=1 1x, https:\/\/i0.wp.com\/la-bella-vita.club\/wp-content\/uploads\/2024\/10\/la-bella-vita.club-_-Titel-Artikel-37-1.jpg?resize=525%2C300&ssl=1 1.5x, https:\/\/i0.wp.com\/la-bella-vita.club\/wp-content\/uploads\/2024\/10\/la-bella-vita.club-_-Titel-Artikel-37-1.jpg?resize=700%2C400&ssl=1 2x, https:\/\/i0.wp.com\/la-bella-vita.club\/wp-content\/uploads\/2024\/10\/la-bella-vita.club-_-Titel-Artikel-37-1.jpg?resize=1050%2C600&ssl=1 3x"},"classes":[]},{"id":43209,"url":"https:\/\/la-bella-vita.club\/it\/die-top-10-der-staedte-die-lieblinge-der-touristen-in-italien\/","url_meta":{"origin":37184,"position":1},"title":"La top 10 delle citt\u00e0: ecco le preferite in Italia","author":"KAYSERIN media","date":"5. Ottobre 2025","format":false,"excerpt":"L'Italia non \u00e8 solo un paese, ma una promessa: di bellezza, storia e buon cibo.","rel":"","context":"In &quot;St\u00e4dte &amp; D\u00f6rfer&quot;","block_context":{"text":"St\u00e4dte &amp; D\u00f6rfer","link":"https:\/\/la-bella-vita.club\/it\/category\/die-schoensten-staedte-und-doerfer-in-italien-rundreise-durch-il-bel-paese\/"},"img":{"alt_text":"Maradona Murales in Neapel","src":"https:\/\/i0.wp.com\/la-bella-vita.club\/wp-content\/uploads\/2025\/05\/Titel-la-bella-vita.cub-12.jpg?resize=350%2C200&ssl=1","width":350,"height":200,"srcset":"https:\/\/i0.wp.com\/la-bella-vita.club\/wp-content\/uploads\/2025\/05\/Titel-la-bella-vita.cub-12.jpg?resize=350%2C200&ssl=1 1x, https:\/\/i0.wp.com\/la-bella-vita.club\/wp-content\/uploads\/2025\/05\/Titel-la-bella-vita.cub-12.jpg?resize=525%2C300&ssl=1 1.5x, https:\/\/i0.wp.com\/la-bella-vita.club\/wp-content\/uploads\/2025\/05\/Titel-la-bella-vita.cub-12.jpg?resize=700%2C400&ssl=1 2x, https:\/\/i0.wp.com\/la-bella-vita.club\/wp-content\/uploads\/2025\/05\/Titel-la-bella-vita.cub-12.jpg?resize=1050%2C600&ssl=1 3x"},"classes":[]},{"id":31244,"url":"https:\/\/la-bella-vita.club\/it\/wohin-alle-wollen-die-10-beliebtesten-staedte-und-orte-italiens\/","url_meta":{"origin":37184,"position":2},"title":"Dove tutti vogliono andare: Ecco le citt\u00e0 pi\u00f9 gettonate d'Italia","author":"KAYSERIN media","date":"4. Ottobre 2024","format":false,"excerpt":"La terra della dolce vita, della bella cultura e dell'ottimo cibo: i luoghi preferiti.","rel":"","context":"In &quot;St\u00e4dte &amp; D\u00f6rfer&quot;","block_context":{"text":"St\u00e4dte &amp; D\u00f6rfer","link":"https:\/\/la-bella-vita.club\/it\/category\/die-schoensten-staedte-und-doerfer-in-italien-rundreise-durch-il-bel-paese\/"},"img":{"alt_text":"Menschen vor der Arena in Verona","src":"https:\/\/i0.wp.com\/la-bella-vita.club\/wp-content\/uploads\/2024\/10\/la-bella-vita.club-_-Titel-Artikel-39.jpg?resize=350%2C200&ssl=1","width":350,"height":200,"srcset":"https:\/\/i0.wp.com\/la-bella-vita.club\/wp-content\/uploads\/2024\/10\/la-bella-vita.club-_-Titel-Artikel-39.jpg?resize=350%2C200&ssl=1 1x, https:\/\/i0.wp.com\/la-bella-vita.club\/wp-content\/uploads\/2024\/10\/la-bella-vita.club-_-Titel-Artikel-39.jpg?resize=525%2C300&ssl=1 1.5x, https:\/\/i0.wp.com\/la-bella-vita.club\/wp-content\/uploads\/2024\/10\/la-bella-vita.club-_-Titel-Artikel-39.jpg?resize=700%2C400&ssl=1 2x, https:\/\/i0.wp.com\/la-bella-vita.club\/wp-content\/uploads\/2024\/10\/la-bella-vita.club-_-Titel-Artikel-39.jpg?resize=1050%2C600&ssl=1 3x"},"classes":[]},{"id":37571,"url":"https:\/\/la-bella-vita.club\/it\/diese-10-staedte-in-italien-musst-du-gesehen-haben-die-gruende\/","url_meta":{"origin":37184,"position":3},"title":"La top 10 italiana! Devi aver visto queste citt\u00e0","author":"KAYSERIN media","date":"23. Novembre 2024","format":false,"excerpt":"L'Italia \u00e8 un luogo di desiderio per i viaggiatori di tutto il mondo. ll bel paese ha decine di bellissime citt\u00e0 storiche - e ognuna ha il suo carattere.","rel":"","context":"In &quot;St\u00e4dte &amp; D\u00f6rfer&quot;","block_context":{"text":"St\u00e4dte &amp; D\u00f6rfer","link":"https:\/\/la-bella-vita.club\/it\/category\/die-schoensten-staedte-und-doerfer-in-italien-rundreise-durch-il-bel-paese\/"},"img":{"alt_text":"","src":"https:\/\/i0.wp.com\/la-bella-vita.club\/wp-content\/uploads\/2024\/11\/Titel-labellavita.club-5-1.jpg?resize=350%2C200&ssl=1","width":350,"height":200,"srcset":"https:\/\/i0.wp.com\/la-bella-vita.club\/wp-content\/uploads\/2024\/11\/Titel-labellavita.club-5-1.jpg?resize=350%2C200&ssl=1 1x, https:\/\/i0.wp.com\/la-bella-vita.club\/wp-content\/uploads\/2024\/11\/Titel-labellavita.club-5-1.jpg?resize=525%2C300&ssl=1 1.5x, https:\/\/i0.wp.com\/la-bella-vita.club\/wp-content\/uploads\/2024\/11\/Titel-labellavita.club-5-1.jpg?resize=700%2C400&ssl=1 2x, https:\/\/i0.wp.com\/la-bella-vita.club\/wp-content\/uploads\/2024\/11\/Titel-labellavita.club-5-1.jpg?resize=1050%2C600&ssl=1 3x"},"classes":[]},{"id":16511,"url":"https:\/\/la-bella-vita.club\/it\/kolosseum-in-rom-gladiatoren-superstars-auf-leben-und-tod\/","url_meta":{"origin":37184,"position":4},"title":"Superstar all'ultimo sangue: i gladiatori nell'antichit\u00e0","author":"KAYSERIN media","date":"8. Aprile 2025","format":false,"excerpt":"Ogni combattimento pu\u00f2 essere l'ultimo e la gente li ama per questo.","rel":"","context":"In &quot;Fakten &amp; Historisches&quot;","block_context":{"text":"Fakten &amp; Historisches","link":"https:\/\/la-bella-vita.club\/it\/category\/historisches-und-fakten-ueber-italien-das-ist-italien\/"},"img":{"alt_text":"Gladiatoren im Aten Rom","src":"https:\/\/i0.wp.com\/la-bella-vita.club\/wp-content\/uploads\/2024\/08\/2.jpg?resize=350%2C200&ssl=1","width":350,"height":200,"srcset":"https:\/\/i0.wp.com\/la-bella-vita.club\/wp-content\/uploads\/2024\/08\/2.jpg?resize=350%2C200&ssl=1 1x, https:\/\/i0.wp.com\/la-bella-vita.club\/wp-content\/uploads\/2024\/08\/2.jpg?resize=525%2C300&ssl=1 1.5x, https:\/\/i0.wp.com\/la-bella-vita.club\/wp-content\/uploads\/2024\/08\/2.jpg?resize=700%2C400&ssl=1 2x, https:\/\/i0.wp.com\/la-bella-vita.club\/wp-content\/uploads\/2024\/08\/2.jpg?resize=1050%2C600&ssl=1 3x"},"classes":[]},{"id":1169,"url":"https:\/\/la-bella-vita.club\/it\/italys-stadte\/","url_meta":{"origin":37184,"position":5},"title":"La classifica: le 10 citt\u00e0 pi\u00f9 grandi d'Italia","author":"KAYSERIN media","date":"23. Settembre 2021","format":false,"excerpt":"Roma \u00e8 magnifica, Firenze la dolce vita, Milano il barocco, Napoli da morire. Conosci le dieci citt\u00e0 pi\u00f9 grandi d'Italia?","rel":"","context":"In &quot;Fakten &amp; Historisches&quot;","block_context":{"text":"Fakten &amp; Historisches","link":"https:\/\/la-bella-vita.club\/it\/category\/historisches-und-fakten-ueber-italien-das-ist-italien\/"},"img":{"alt_text":"green leafed trees near concrete buildings","src":"https:\/\/i0.wp.com\/la-bella-vita.club\/wp-content\/uploads\/2025\/06\/pexels-photo-409127-edited.jpeg?resize=350%2C200&ssl=1","width":350,"height":200,"srcset":"https:\/\/i0.wp.com\/la-bella-vita.club\/wp-content\/uploads\/2025\/06\/pexels-photo-409127-edited.jpeg?resize=350%2C200&ssl=1 1x, https:\/\/i0.wp.com\/la-bella-vita.club\/wp-content\/uploads\/2025\/06\/pexels-photo-409127-edited.jpeg?resize=525%2C300&ssl=1 1.5x, https:\/\/i0.wp.com\/la-bella-vita.club\/wp-content\/uploads\/2025\/06\/pexels-photo-409127-edited.jpeg?resize=700%2C400&ssl=1 2x, https:\/\/i0.wp.com\/la-bella-vita.club\/wp-content\/uploads\/2025\/06\/pexels-photo-409127-edited.jpeg?resize=1050%2C600&ssl=1 3x, https:\/\/i0.wp.com\/la-bella-vita.club\/wp-content\/uploads\/2025\/06\/pexels-photo-409127-edited.jpeg?resize=1400%2C800&ssl=1 4x"},"classes":[]}],"jetpack_sharing_enabled":true,"_links":{"self":[{"href":"https:\/\/la-bella-vita.club\/it\/wp-json\/wp\/v2\/posts\/37184","targetHints":{"allow":["GET"]}}],"collection":[{"href":"https:\/\/la-bella-vita.club\/it\/wp-json\/wp\/v2\/posts"}],"about":[{"href":"https:\/\/la-bella-vita.club\/it\/wp-json\/wp\/v2\/types\/post"}],"author":[{"embeddable":true,"href":"https:\/\/la-bella-vita.club\/it\/wp-json\/wp\/v2\/users\/198281585"}],"replies":[{"embeddable":true,"href":"https:\/\/la-bella-vita.club\/it\/wp-json\/wp\/v2\/comments?post=37184"}],"version-history":[{"count":20,"href":"https:\/\/la-bella-vita.club\/it\/wp-json\/wp\/v2\/posts\/37184\/revisions"}],"predecessor-version":[{"id":45432,"href":"https:\/\/la-bella-vita.club\/it\/wp-json\/wp\/v2\/posts\/37184\/revisions\/45432"}],"wp:featuredmedia":[{"embeddable":true,"href":"https:\/\/la-bella-vita.club\/it\/wp-json\/wp\/v2\/media\/37212"}],"wp:attachment":[{"href":"https:\/\/la-bella-vita.club\/it\/wp-json\/wp\/v2\/media?parent=37184"}],"wp:term":[{"taxonomy":"category","embeddable":true,"href":"https:\/\/la-bella-vita.club\/it\/wp-json\/wp\/v2\/categories?post=37184"},{"taxonomy":"post_tag","embeddable":true,"href":"https:\/\/la-bella-vita.club\/it\/wp-json\/wp\/v2\/tags?post=37184"}],"curies":[{"name":"wp","href":"https:\/\/api.w.org\/{rel}","templated":true}]}}