{"id":12777,"date":"2022-06-22T18:31:06","date_gmt":"2022-06-22T16:31:06","guid":{"rendered":"https:\/\/la-bella-vita.club\/?p=12777"},"modified":"2022-06-28T13:54:34","modified_gmt":"2022-06-28T11:54:34","slug":"la-patente-ispezione-il-traffico-sulla-costa-dellalfi-e-difficilmente-limitato-in-stagione","status":"publish","type":"post","link":"https:\/\/la-bella-vita.club\/it\/kennzeichen-kontrolle-verkehr-an-amalfikueste-wird-in-saison-hart-beschraenkt\/","title":{"rendered":"CONTROLLO - Il traffico in Costiera Amalfitana si \u00e8 notevolmente ridotto"},"content":{"rendered":"<div style=\"height:12px\" aria-hidden=\"true\" class=\"wp-block-spacer\"><\/div>\n\n\n\n<p class=\"has-drop-cap wp-block-paragraph\"><strong>Controllo degli accessi tramite targa: mentre la Costiera Amalfitana si affanna sotto la folla dei turisti in estate, quest'anno la strada costiera famosa in tutto il mondo sar\u00e0 parzialmente chiusa per la prima volta. Le informazioni...<\/strong><\/p>\n\n\n\n<div style=\"height:12px\" aria-hidden=\"true\" class=\"wp-block-spacer\"><\/div>\n\n\n\n<p class=\"wp-block-paragraph\">La Costiera Amalfitana, patrimonio dell'UNESCO, \u00e8 minacciata da un corteo di auto. Quasi 4.000 persone vivono in localit\u00e0 come Positano, sulla Costiera Amalfitana. In estate, migliaia di turisti vi si recano ogni giorno.  Autobus turistici ogni dieci minuti.<\/p>\n\n\n\n<p class=\"wp-block-paragraph\">La pittoresca strada costiera \u00e8 diventata una maledizione per gli abitanti del luogo. Stiamo parlando delle famosissime Strade Statali 163 tra Meta di Sorrento e Vietri sul Mare.<\/p>\n\n\n\n<div style=\"height:17px\" aria-hidden=\"true\" class=\"wp-block-spacer\"><\/div>\n\n\n\n<figure class=\"wp-block-image size-full\"><img decoding=\"async\" width=\"1733\" height=\"1300\" data-attachment-id=\"12794\" data-permalink=\"https:\/\/la-bella-vita.club\/it\/kennzeichen-kontrolle-verkehr-an-amalfikueste-wird-in-saison-hart-beschraenkt\/pexels-photo-2998786\/#main\" data-orig-file=\"https:\/\/la-bella-vita.club\/wp-content\/uploads\/2022\/06\/pexels-photo-2998786.jpeg\" data-orig-size=\"1733,1300\" data-comments-opened=\"1\" data-image-meta=\"{&quot;aperture&quot;:&quot;0&quot;,&quot;credit&quot;:&quot;&quot;,&quot;camera&quot;:&quot;&quot;,&quot;caption&quot;:&quot;Photo by Michael Giugliano on &lt;a href=\\&quot;https:\/\/www.pexels.com\/photo\/scenic-photo-of-coast-during-daytime-2998786\/\\&quot; rel=\\&quot;nofollow\\&quot;&gt;Pexels.com&lt;\/a&gt;&quot;,&quot;created_timestamp&quot;:&quot;0&quot;,&quot;copyright&quot;:&quot;&quot;,&quot;focal_length&quot;:&quot;0&quot;,&quot;iso&quot;:&quot;0&quot;,&quot;shutter_speed&quot;:&quot;0&quot;,&quot;title&quot;:&quot;scenic photo of coast during daytime&quot;,&quot;orientation&quot;:&quot;0&quot;}\" data-image-title=\"pexels-photo-2998786\" data-image-description=\"\" data-image-caption=\"&lt;p&gt;Photo by Michael Giugliano on &lt;a href=&quot;https:\/\/www.pexels.com\/photo\/scenic-photo-of-coast-during-daytime-2998786\/&quot; rel=&quot;nofollow&quot;&gt;Pexels.com&lt;\/a&gt;&lt;\/p&gt;\" data-large-file=\"https:\/\/la-bella-vita.club\/wp-content\/uploads\/2022\/06\/pexels-photo-2998786-1024x768.jpeg\" src=\"https:\/\/la-bella-vita.club\/wp-content\/uploads\/2022\/06\/pexels-photo-2998786.jpeg\" alt=\"foto panoramica della costa durante il giorno\" class=\"wp-image-12794\" srcset=\"https:\/\/la-bella-vita.club\/wp-content\/uploads\/2022\/06\/pexels-photo-2998786.jpeg 1733w, https:\/\/la-bella-vita.club\/wp-content\/uploads\/2022\/06\/pexels-photo-2998786-300x225.jpeg 300w, https:\/\/la-bella-vita.club\/wp-content\/uploads\/2022\/06\/pexels-photo-2998786-1024x768.jpeg 1024w, https:\/\/la-bella-vita.club\/wp-content\/uploads\/2022\/06\/pexels-photo-2998786-768x576.jpeg 768w, https:\/\/la-bella-vita.club\/wp-content\/uploads\/2022\/06\/pexels-photo-2998786-1536x1152.jpeg 1536w, https:\/\/la-bella-vita.club\/wp-content\/uploads\/2022\/06\/pexels-photo-2998786-16x12.jpeg 16w, https:\/\/la-bella-vita.club\/wp-content\/uploads\/2022\/06\/pexels-photo-2998786-1200x900.jpeg?crop=1 1200w, https:\/\/la-bella-vita.club\/wp-content\/uploads\/2022\/06\/pexels-photo-2998786-800x600.jpeg?crop=1 800w, https:\/\/la-bella-vita.club\/wp-content\/uploads\/2022\/06\/pexels-photo-2998786-400x300.jpeg?crop=1 400w, https:\/\/la-bella-vita.club\/wp-content\/uploads\/2022\/06\/pexels-photo-2998786-200x150.jpeg?crop=1 200w, https:\/\/la-bella-vita.club\/wp-content\/uploads\/2022\/06\/pexels-photo-2998786-1320x990.jpeg 1320w\" sizes=\"(max-width: 1733px) 100vw, 1733px\" \/><figcaption><strong>Ecco perch\u00e9 milioni di persone vogliono venire qui ogni anno....<br><\/strong><em><sub>Foto di Michael Giugliano su <a rel=\"nofollow\" href=\"https:\/\/www.pexels.com\/photo\/scenic-photo-of-coast-during-daytime-2998786\/\">Pexels.com<\/a><\/sub><\/em><\/figcaption><\/figure>\n\n\n\n<div style=\"height:17px\" aria-hidden=\"true\" class=\"wp-block-spacer\"><\/div>\n\n\n\n<h2 class=\"wp-block-heading\">Decidi l'indicatore<\/h2>\n\n\n\n<p class=\"wp-block-paragraph\"><strong>D'ora in poi, i numeri della targa determineranno il permesso di passare, secondo quanto riportato dal quotidiano locale \"Positano News\". Nei giorni dispari possono passare solo le auto con numeri dispari nelle targhe, mentre nei giorni pari possono passare solo le auto con numeri pari nelle targhe.<\/strong><\/p>\n\n\n\n<div style=\"height:14px\" aria-hidden=\"true\" class=\"wp-block-spacer\"><\/div>\n\n\n<ul class=\"wp-block-latest-posts__list is-grid columns-3 wp-block-latest-posts\"><li><a class=\"wp-block-latest-posts__post-title\" href=\"https:\/\/la-bella-vita.club\/it\/10-dinge-fuer-den-italienurlaub-an-die-kaum-jemand-denkt\/\">10 cose per una vacanza in Italia a cui quasi nessuno pensa<\/a><\/li>\n<li><a class=\"wp-block-latest-posts__post-title\" href=\"https:\/\/la-bella-vita.club\/it\/ciao-fehler-7-dinge-die-viele-touristen-in-italien-falsch-machen\/\">Cosa sbagliano molti turisti in Italia: Consigli per le vacanze!<\/a><\/li>\n<li><a class=\"wp-block-latest-posts__post-title\" href=\"https:\/\/la-bella-vita.club\/it\/die-toskana-ohne-reisefuehrer-10-doerfer-abseits-der-routen\/\">La Toscana senza guida: 10 borghi fuori dai sentieri battuti<\/a><\/li>\n<\/ul>\n\n\n<div style=\"height:14px\" aria-hidden=\"true\" class=\"wp-block-spacer\"><\/div>\n\n\n\n<p class=\"wp-block-paragraph\">A luglio, il regolamento si applica solo per il fine settimana. Nel mese di agosto, il regolamento si applica dal luned\u00ec alla domenica. Eccezioni: Residenti, trasporto pubblico locale e taxi. Anche le due ruote non sono interessate. <\/p>\n\n\n\n<div style=\"height:17px\" aria-hidden=\"true\" class=\"wp-block-spacer\"><\/div>\n\n\n\n<figure class=\"wp-block-image size-full\"><img decoding=\"async\" width=\"1880\" height=\"1058\" data-attachment-id=\"12803\" data-permalink=\"https:\/\/la-bella-vita.club\/it\/kennzeichen-kontrolle-verkehr-an-amalfikueste-wird-in-saison-hart-beschraenkt\/pexels-photo-10550141\/#main\" data-orig-file=\"https:\/\/la-bella-vita.club\/wp-content\/uploads\/2022\/06\/pexels-photo-10550141.jpeg\" data-orig-size=\"1880,1058\" data-comments-opened=\"1\" data-image-meta=\"{&quot;aperture&quot;:&quot;0&quot;,&quot;credit&quot;:&quot;&quot;,&quot;camera&quot;:&quot;&quot;,&quot;caption&quot;:&quot;Photo by Arnis Rascal on &lt;a href=\\&quot;https:\/\/www.pexels.com\/photo\/photo-of-a-coastal-area-10550141\/\\&quot; rel=\\&quot;nofollow\\&quot;&gt;Pexels.com&lt;\/a&gt;&quot;,&quot;created_timestamp&quot;:&quot;0&quot;,&quot;copyright&quot;:&quot;&quot;,&quot;focal_length&quot;:&quot;0&quot;,&quot;iso&quot;:&quot;0&quot;,&quot;shutter_speed&quot;:&quot;0&quot;,&quot;title&quot;:&quot;photo of a coastal area&quot;,&quot;orientation&quot;:&quot;0&quot;}\" data-image-title=\"pexels-photo-10550141\" data-image-description=\"\" data-image-caption=\"&lt;p&gt;Photo by Arnis Rascal on &lt;a href=&quot;https:\/\/www.pexels.com\/photo\/photo-of-a-coastal-area-10550141\/&quot; rel=&quot;nofollow&quot;&gt;Pexels.com&lt;\/a&gt;&lt;\/p&gt;\" data-large-file=\"https:\/\/la-bella-vita.club\/wp-content\/uploads\/2022\/06\/pexels-photo-10550141-1024x576.jpeg\" src=\"https:\/\/la-bella-vita.club\/wp-content\/uploads\/2022\/06\/pexels-photo-10550141.jpeg\" alt=\"foto di una zona costiera\" class=\"wp-image-12803\" srcset=\"https:\/\/la-bella-vita.club\/wp-content\/uploads\/2022\/06\/pexels-photo-10550141.jpeg 1880w, https:\/\/la-bella-vita.club\/wp-content\/uploads\/2022\/06\/pexels-photo-10550141-300x169.jpeg 300w, https:\/\/la-bella-vita.club\/wp-content\/uploads\/2022\/06\/pexels-photo-10550141-1024x576.jpeg 1024w, https:\/\/la-bella-vita.club\/wp-content\/uploads\/2022\/06\/pexels-photo-10550141-768x432.jpeg 768w, https:\/\/la-bella-vita.club\/wp-content\/uploads\/2022\/06\/pexels-photo-10550141-1536x864.jpeg 1536w, https:\/\/la-bella-vita.club\/wp-content\/uploads\/2022\/06\/pexels-photo-10550141-18x10.jpeg 18w, https:\/\/la-bella-vita.club\/wp-content\/uploads\/2022\/06\/pexels-photo-10550141-1200x675.jpeg 1200w, https:\/\/la-bella-vita.club\/wp-content\/uploads\/2022\/06\/pexels-photo-10550141-1320x743.jpeg 1320w\" sizes=\"(max-width: 1880px) 100vw, 1880px\" \/><figcaption><strong>Il percorso \u00e8 letteralmente mozzafiato<br><\/strong><em><sup><sub>Foto di Arnis Rascal su <a rel=\"nofollow\" href=\"https:\/\/www.pexels.com\/photo\/photo-of-a-coastal-area-10550141\/\">Pexels.com<\/a><\/sub><\/sup><\/em><\/figcaption><\/figure>\n\n\n\n<div style=\"height:17px\" aria-hidden=\"true\" class=\"wp-block-spacer\"><\/div>\n\n\n\n<p class=\"wp-block-paragraph\"><strong>I viaggiatori di passaggio potrebbero utilizzare l'autostrada come tangenziale. Chi trascorre le proprie vacanze direttamente sulla costa non pu\u00f2 evitare la Strada Statale 163. L'importo della multa per le violazioni non \u00e8 ancora noto. <\/strong><\/p>\n\n\n\n<div style=\"height:62px\" aria-hidden=\"true\" class=\"wp-block-spacer\"><\/div>\n\n\n\n<h2 class=\"has-text-align-center wp-block-heading\">Consigli per l'organizzazione delle tue vacanze<\/h2>\n\n\n\n<p class=\"wp-block-paragraph\">Se hai ancora bisogno di ispirazione, ecco un elenco di ottimi prodotti<a href=\"https:\/\/la-bella-vita.club\/schoenen-urlaub-unsere-reisetipps-fuer-italien-die-besten-links\/\">&nbsp;<strong>Link per la prenotazione<\/strong>Dalla comparazione dei voli, ai collegamenti in autobus e in treno, dall'alloggio all'assicurazione, fino alle escursioni e ai programmi di intrattenimento.<\/a><\/p>\n\n\n\n<div style=\"height:14px\" aria-hidden=\"true\" class=\"wp-block-spacer\"><\/div>\n\n\n\n<figure class=\"wp-block-image size-full\"><a href=\"https:\/\/la-bella-vita.club\/schoenen-urlaub-unsere-reisetipps-fuer-italien-die-besten-links\/\"><img decoding=\"async\" width=\"1880\" height=\"1253\" data-attachment-id=\"12815\" data-permalink=\"https:\/\/la-bella-vita.club\/it\/kennzeichen-kontrolle-verkehr-an-amalfikueste-wird-in-saison-hart-beschraenkt\/pexels-photo-5226484\/#main\" data-orig-file=\"https:\/\/la-bella-vita.club\/wp-content\/uploads\/2022\/06\/pexels-photo-5226484.jpeg\" data-orig-size=\"1880,1253\" data-comments-opened=\"1\" data-image-meta=\"{&quot;aperture&quot;:&quot;0&quot;,&quot;credit&quot;:&quot;&quot;,&quot;camera&quot;:&quot;&quot;,&quot;caption&quot;:&quot;Photo by Samson Katt on &lt;a href=\\&quot;https:\/\/www.pexels.com\/photo\/couple-having-coffee-in-outdoor-cafe-5226484\/\\&quot; rel=\\&quot;nofollow\\&quot;&gt;Pexels.com&lt;\/a&gt;&quot;,&quot;created_timestamp&quot;:&quot;0&quot;,&quot;copyright&quot;:&quot;&quot;,&quot;focal_length&quot;:&quot;0&quot;,&quot;iso&quot;:&quot;0&quot;,&quot;shutter_speed&quot;:&quot;0&quot;,&quot;title&quot;:&quot;couple having coffee in outdoor cafe&quot;,&quot;orientation&quot;:&quot;0&quot;}\" data-image-title=\"pexels-photo-5226484\" data-image-description=\"\" data-image-caption=\"&lt;p&gt;Photo by Samson Katt on &lt;a href=&quot;https:\/\/www.pexels.com\/photo\/couple-having-coffee-in-outdoor-cafe-5226484\/&quot; rel=&quot;nofollow&quot;&gt;Pexels.com&lt;\/a&gt;&lt;\/p&gt;\" data-large-file=\"https:\/\/la-bella-vita.club\/wp-content\/uploads\/2022\/06\/pexels-photo-5226484-1024x682.jpeg\" src=\"https:\/\/la-bella-vita.club\/wp-content\/uploads\/2022\/06\/pexels-photo-5226484.jpeg\" alt=\"Una coppia che prende un caff\u00e8 in un bar all&#039;aperto\" class=\"wp-image-12815\" srcset=\"https:\/\/la-bella-vita.club\/wp-content\/uploads\/2022\/06\/pexels-photo-5226484.jpeg 1880w, https:\/\/la-bella-vita.club\/wp-content\/uploads\/2022\/06\/pexels-photo-5226484-300x200.jpeg 300w, https:\/\/la-bella-vita.club\/wp-content\/uploads\/2022\/06\/pexels-photo-5226484-1024x682.jpeg 1024w, https:\/\/la-bella-vita.club\/wp-content\/uploads\/2022\/06\/pexels-photo-5226484-768x512.jpeg 768w, https:\/\/la-bella-vita.club\/wp-content\/uploads\/2022\/06\/pexels-photo-5226484-1536x1024.jpeg 1536w, https:\/\/la-bella-vita.club\/wp-content\/uploads\/2022\/06\/pexels-photo-5226484-18x12.jpeg 18w, https:\/\/la-bella-vita.club\/wp-content\/uploads\/2022\/06\/pexels-photo-5226484-1200x800.jpeg 1200w, https:\/\/la-bella-vita.club\/wp-content\/uploads\/2022\/06\/pexels-photo-5226484-1320x880.jpeg 1320w\" sizes=\"(max-width: 1880px) 100vw, 1880px\" \/><\/a><figcaption><em><sub><sup>Foto di Samson Katt su <a rel=\"nofollow\" href=\"https:\/\/www.pexels.com\/photo\/couple-having-coffee-in-outdoor-cafe-5226484\/\">Pexels.com<\/a><\/sup><\/sub><\/em><\/figcaption><\/figure>\n\n\n\n<div style=\"height:42px\" aria-hidden=\"true\" class=\"wp-block-spacer\"><\/div>\n\n\n\n<h3 class=\"has-text-align-center wp-block-heading\">Altre storie<\/h3>\n\n\n<ul class=\"wp-block-latest-posts__list is-grid columns-2 wp-block-latest-posts\"><li><div class=\"wp-block-latest-posts__featured-image aligncenter\"><img decoding=\"async\" width=\"1024\" height=\"576\" src=\"https:\/\/la-bella-vita.club\/wp-content\/uploads\/2026\/04\/pexels-photo-996272-1024x576.jpeg\" class=\"attachment-large size-large wp-post-image\" alt=\"fotografia aerea dell&#039;edificio\" style=\"\" srcset=\"https:\/\/la-bella-vita.club\/wp-content\/uploads\/2026\/04\/pexels-photo-996272-1024x576.jpeg 1024w, https:\/\/la-bella-vita.club\/wp-content\/uploads\/2026\/04\/pexels-photo-996272-300x169.jpeg 300w, https:\/\/la-bella-vita.club\/wp-content\/uploads\/2026\/04\/pexels-photo-996272-768x432.jpeg 768w, https:\/\/la-bella-vita.club\/wp-content\/uploads\/2026\/04\/pexels-photo-996272-1536x864.jpeg 1536w, https:\/\/la-bella-vita.club\/wp-content\/uploads\/2026\/04\/pexels-photo-996272-18x10.jpeg 18w, https:\/\/la-bella-vita.club\/wp-content\/uploads\/2026\/04\/pexels-photo-996272-1200x675.jpeg 1200w, https:\/\/la-bella-vita.club\/wp-content\/uploads\/2026\/04\/pexels-photo-996272.jpeg 1880w\" sizes=\"(max-width: 1024px) 100vw, 1024px\" data-attachment-id=\"51214\" data-permalink=\"https:\/\/la-bella-vita.club\/it\/10-dinge-fuer-den-italienurlaub-an-die-kaum-jemand-denkt\/pexels-photo-996272\/#main\" data-orig-file=\"https:\/\/la-bella-vita.club\/wp-content\/uploads\/2026\/04\/pexels-photo-996272.jpeg\" data-orig-size=\"1880,1058\" data-comments-opened=\"1\" data-image-meta=\"{&quot;aperture&quot;:&quot;0&quot;,&quot;credit&quot;:&quot;&quot;,&quot;camera&quot;:&quot;&quot;,&quot;caption&quot;:&quot;Photo by Kai Pilger on &lt;a href=\\&quot;https:\/\/www.pexels.com\/photo\/aerial-photography-of-building-996272\/\\&quot; rel=\\&quot;nofollow\\&quot;&gt;Pexels.com&lt;\/a&gt;&quot;,&quot;created_timestamp&quot;:&quot;0&quot;,&quot;copyright&quot;:&quot;&quot;,&quot;focal_length&quot;:&quot;0&quot;,&quot;iso&quot;:&quot;0&quot;,&quot;shutter_speed&quot;:&quot;0&quot;,&quot;title&quot;:&quot;aerial photography of building&quot;,&quot;orientation&quot;:&quot;0&quot;}\" data-image-title=\"pexels-photo-996272\" data-image-description=\"\" data-image-caption=\"&lt;p&gt;Photo by Kai Pilger on &lt;a href=&quot;https:\/\/www.pexels.com\/photo\/aerial-photography-of-building-996272\/&quot; rel=&quot;nofollow&quot;&gt;Pexels.com&lt;\/a&gt;&lt;\/p&gt;\" data-large-file=\"https:\/\/la-bella-vita.club\/wp-content\/uploads\/2026\/04\/pexels-photo-996272-1024x576.jpeg\" \/><\/div><a class=\"wp-block-latest-posts__post-title\" href=\"https:\/\/la-bella-vita.club\/it\/10-dinge-fuer-den-italienurlaub-an-die-kaum-jemand-denkt\/\">10 cose per una vacanza in Italia a cui quasi nessuno pensa<\/a><div class=\"wp-block-latest-posts__post-excerpt\">Non dimenticare. <\/div><\/li>\n<li><div class=\"wp-block-latest-posts__featured-image aligncenter\"><img decoding=\"async\" width=\"1024\" height=\"576\" src=\"https:\/\/la-bella-vita.club\/wp-content\/uploads\/2026\/03\/Design-ohne-Titel-2026-03-14T000341.081-1024x576.jpg\" class=\"attachment-large size-large wp-post-image\" alt=\"PIazzale Michelangelo a Firenze, Toscana, Italia\" style=\"\" srcset=\"https:\/\/la-bella-vita.club\/wp-content\/uploads\/2026\/03\/Design-ohne-Titel-2026-03-14T000341.081-1024x576.jpg 1024w, https:\/\/la-bella-vita.club\/wp-content\/uploads\/2026\/03\/Design-ohne-Titel-2026-03-14T000341.081-300x169.jpg 300w, https:\/\/la-bella-vita.club\/wp-content\/uploads\/2026\/03\/Design-ohne-Titel-2026-03-14T000341.081-768x432.jpg 768w, https:\/\/la-bella-vita.club\/wp-content\/uploads\/2026\/03\/Design-ohne-Titel-2026-03-14T000341.081-18x10.jpg 18w, https:\/\/la-bella-vita.club\/wp-content\/uploads\/2026\/03\/Design-ohne-Titel-2026-03-14T000341.081.jpg 1200w\" sizes=\"(max-width: 1024px) 100vw, 1024px\" data-attachment-id=\"50231\" data-permalink=\"https:\/\/la-bella-vita.club\/it\/der-schoenste-blick-von-florenz-warum-sich-20-minuten-fussmarsch-lohnen\/design-ohne-titel-2026-03-14t000341-081\/#main\" data-orig-file=\"https:\/\/la-bella-vita.club\/wp-content\/uploads\/2026\/03\/Design-ohne-Titel-2026-03-14T000341.081.jpg\" data-orig-size=\"1200,675\" data-comments-opened=\"1\" data-image-meta=\"{&quot;aperture&quot;:&quot;0&quot;,&quot;credit&quot;:&quot;&quot;,&quot;camera&quot;:&quot;&quot;,&quot;caption&quot;:&quot;&quot;,&quot;created_timestamp&quot;:&quot;0&quot;,&quot;copyright&quot;:&quot;&quot;,&quot;focal_length&quot;:&quot;0&quot;,&quot;iso&quot;:&quot;0&quot;,&quot;shutter_speed&quot;:&quot;0&quot;,&quot;title&quot;:&quot;&quot;,&quot;orientation&quot;:&quot;1&quot;}\" data-image-title=\"Florenz, Toskana\" data-image-description=\"&lt;p&gt;PIazzale Michelangelo in Florenz in der Toskana in Italien&lt;\/p&gt;\" data-image-caption=\"&lt;p&gt;PIazzale Michelangelo in Florenz in der Toskana in Italien&lt;\/p&gt;\" data-large-file=\"https:\/\/la-bella-vita.club\/wp-content\/uploads\/2026\/03\/Design-ohne-Titel-2026-03-14T000341.081-1024x576.jpg\" \/><\/div><a class=\"wp-block-latest-posts__post-title\" href=\"https:\/\/la-bella-vita.club\/it\/ciao-fehler-7-dinge-die-viele-touristen-in-italien-falsch-machen\/\">Cosa sbagliano molti turisti in Italia: Consigli per le vacanze!<\/a><div class=\"wp-block-latest-posts__post-excerpt\">Ti prepari e poi tutto va diversamente.<\/div><\/li>\n<li><div class=\"wp-block-latest-posts__featured-image aligncenter\"><img decoding=\"async\" width=\"1024\" height=\"576\" src=\"https:\/\/la-bella-vita.club\/wp-content\/uploads\/2026\/04\/pexels-photo-20821732-edited-1024x576.jpeg\" class=\"attachment-large size-large wp-post-image\" alt=\"paesaggio di campagna\" style=\"\" srcset=\"https:\/\/la-bella-vita.club\/wp-content\/uploads\/2026\/04\/pexels-photo-20821732-edited-1024x576.jpeg 1024w, https:\/\/la-bella-vita.club\/wp-content\/uploads\/2026\/04\/pexels-photo-20821732-edited-300x169.jpeg 300w, https:\/\/la-bella-vita.club\/wp-content\/uploads\/2026\/04\/pexels-photo-20821732-edited-768x432.jpeg 768w, https:\/\/la-bella-vita.club\/wp-content\/uploads\/2026\/04\/pexels-photo-20821732-edited-1536x864.jpeg 1536w, https:\/\/la-bella-vita.club\/wp-content\/uploads\/2026\/04\/pexels-photo-20821732-edited-18x10.jpeg 18w, https:\/\/la-bella-vita.club\/wp-content\/uploads\/2026\/04\/pexels-photo-20821732-edited-1200x675.jpeg 1200w, https:\/\/la-bella-vita.club\/wp-content\/uploads\/2026\/04\/pexels-photo-20821732-edited.jpeg 1880w\" sizes=\"(max-width: 1024px) 100vw, 1024px\" data-attachment-id=\"51079\" data-permalink=\"https:\/\/la-bella-vita.club\/it\/pexels-photo-20821732-2\/\" data-orig-file=\"https:\/\/la-bella-vita.club\/wp-content\/uploads\/2026\/04\/pexels-photo-20821732-edited.jpeg\" data-orig-size=\"1880,1058\" data-comments-opened=\"1\" data-image-meta=\"{&quot;aperture&quot;:&quot;0&quot;,&quot;credit&quot;:&quot;&quot;,&quot;camera&quot;:&quot;&quot;,&quot;caption&quot;:&quot;Photo by Paul Scheelen on &lt;a href=\\&quot;https:\/\/www.pexels.com\/photo\/landscape-of-countryside-20821732\/\\&quot; rel=\\&quot;nofollow\\&quot;&gt;Pexels.com&lt;\/a&gt;&quot;,&quot;created_timestamp&quot;:&quot;0&quot;,&quot;copyright&quot;:&quot;&quot;,&quot;focal_length&quot;:&quot;0&quot;,&quot;iso&quot;:&quot;0&quot;,&quot;shutter_speed&quot;:&quot;0&quot;,&quot;title&quot;:&quot;landscape of countryside&quot;,&quot;orientation&quot;:&quot;0&quot;}\" data-image-title=\"pexels-photo-20821732\" data-image-description=\"\" data-image-caption=\"&lt;p&gt;Photo by Paul Scheelen on &lt;a href=&quot;https:\/\/www.pexels.com\/photo\/landscape-of-countryside-20821732\/&quot; rel=&quot;nofollow&quot;&gt;Pexels.com&lt;\/a&gt;&lt;\/p&gt;\" data-large-file=\"https:\/\/la-bella-vita.club\/wp-content\/uploads\/2026\/04\/pexels-photo-20821732-edited-1024x576.jpeg\" \/><\/div><a class=\"wp-block-latest-posts__post-title\" href=\"https:\/\/la-bella-vita.club\/it\/die-toskana-ohne-reisefuehrer-10-doerfer-abseits-der-routen\/\">La Toscana senza guida: 10 borghi fuori dai sentieri battuti<\/a><div class=\"wp-block-latest-posts__post-excerpt\">Pi\u00f9 tranquillit\u00e0 che a Firenze. <\/div><\/li>\n<li><div class=\"wp-block-latest-posts__featured-image aligncenter\"><img decoding=\"async\" width=\"1024\" height=\"576\" src=\"https:\/\/la-bella-vita.club\/wp-content\/uploads\/2026\/04\/AdobeStock_367810894-edited-1024x576.jpeg\" class=\"attachment-large size-large wp-post-image\" alt=\"Isola italiana - Ponza\" style=\"\" srcset=\"https:\/\/la-bella-vita.club\/wp-content\/uploads\/2026\/04\/AdobeStock_367810894-edited-1024x576.jpeg 1024w, https:\/\/la-bella-vita.club\/wp-content\/uploads\/2026\/04\/AdobeStock_367810894-edited-300x169.jpeg 300w, https:\/\/la-bella-vita.club\/wp-content\/uploads\/2026\/04\/AdobeStock_367810894-edited-768x432.jpeg 768w, https:\/\/la-bella-vita.club\/wp-content\/uploads\/2026\/04\/AdobeStock_367810894-edited-18x10.jpeg 18w, https:\/\/la-bella-vita.club\/wp-content\/uploads\/2026\/04\/AdobeStock_367810894-edited.jpeg 1067w\" sizes=\"(max-width: 1024px) 100vw, 1024px\" data-attachment-id=\"51009\" data-permalink=\"https:\/\/la-bella-vita.club\/it\/panoramic-aerial-view-at-sunset-of-the-harbour-in-the-island-of-ponza-2\/\" data-orig-file=\"https:\/\/la-bella-vita.club\/wp-content\/uploads\/2026\/04\/AdobeStock_367810894-edited.jpeg\" data-orig-size=\"1067,600\" data-comments-opened=\"1\" data-image-meta=\"{&quot;aperture&quot;:&quot;2.8&quot;,&quot;credit&quot;:&quot;&quot;,&quot;camera&quot;:&quot;FC3170&quot;,&quot;caption&quot;:&quot;Panoramic aerial view at sunset of the harbour in the island of Ponza&quot;,&quot;created_timestamp&quot;:&quot;1591038650&quot;,&quot;copyright&quot;:&quot;Matteo Ciani&quot;,&quot;focal_length&quot;:&quot;4.5&quot;,&quot;iso&quot;:&quot;110&quot;,&quot;shutter_speed&quot;:&quot;0.0025&quot;,&quot;title&quot;:&quot;Panoramic aerial view at sunset of the harbour in the island of Ponza&quot;,&quot;orientation&quot;:&quot;1&quot;}\" data-image-title=\"Panoramic aerial view at sunset of the harbour in the island of Ponza\" data-image-description=\"\" data-image-caption=\"&lt;p&gt;Panoramic aerial view at sunset of the harbour in the island of Ponza&lt;\/p&gt;\" data-large-file=\"https:\/\/la-bella-vita.club\/wp-content\/uploads\/2026\/04\/AdobeStock_367810894-edited-1024x576.jpeg\" \/><\/div><a class=\"wp-block-latest-posts__post-title\" href=\"https:\/\/la-bella-vita.club\/it\/diese-italienischen-inseln-sind-noch-echte-geheimtipps\/\">Italia incontaminata: queste isole sono ancora dei veri e propri insider tips<\/a><div class=\"wp-block-latest-posts__post-excerpt\">Bellezze sconosciute nel mare.<\/div><\/li>\n<li><div class=\"wp-block-latest-posts__featured-image aligncenter\"><img decoding=\"async\" width=\"1024\" height=\"576\" src=\"https:\/\/la-bella-vita.club\/wp-content\/uploads\/2025\/02\/la-bella-vita.club-_-Titel-Artikel-41-1-1024x576.jpg\" class=\"attachment-large size-large wp-post-image\" alt=\"\" style=\"\" srcset=\"https:\/\/la-bella-vita.club\/wp-content\/uploads\/2025\/02\/la-bella-vita.club-_-Titel-Artikel-41-1-1024x576.jpg 1024w, https:\/\/la-bella-vita.club\/wp-content\/uploads\/2025\/02\/la-bella-vita.club-_-Titel-Artikel-41-1-300x169.jpg 300w, https:\/\/la-bella-vita.club\/wp-content\/uploads\/2025\/02\/la-bella-vita.club-_-Titel-Artikel-41-1-768x432.jpg 768w, https:\/\/la-bella-vita.club\/wp-content\/uploads\/2025\/02\/la-bella-vita.club-_-Titel-Artikel-41-1-18x10.jpg 18w, https:\/\/la-bella-vita.club\/wp-content\/uploads\/2025\/02\/la-bella-vita.club-_-Titel-Artikel-41-1.jpg 1200w\" sizes=\"(max-width: 1024px) 100vw, 1024px\" data-attachment-id=\"38829\" data-permalink=\"https:\/\/la-bella-vita.club\/it\/italiens-stillgelegte-bahnstrecken-werden-zu-traumrouten-fuer-radfahrer\/la-bella-vita-club-_-titel-artikel-41-3\/#main\" data-orig-file=\"https:\/\/la-bella-vita.club\/wp-content\/uploads\/2025\/02\/la-bella-vita.club-_-Titel-Artikel-41-1.jpg\" data-orig-size=\"1200,675\" data-comments-opened=\"1\" data-image-meta=\"{&quot;aperture&quot;:&quot;0&quot;,&quot;credit&quot;:&quot;&quot;,&quot;camera&quot;:&quot;&quot;,&quot;caption&quot;:&quot;&quot;,&quot;created_timestamp&quot;:&quot;0&quot;,&quot;copyright&quot;:&quot;&quot;,&quot;focal_length&quot;:&quot;0&quot;,&quot;iso&quot;:&quot;0&quot;,&quot;shutter_speed&quot;:&quot;0&quot;,&quot;title&quot;:&quot;&quot;,&quot;orientation&quot;:&quot;1&quot;}\" data-image-title=\"la-bella-vita.club _ Titel Artikel (41)\" data-image-description=\"\" data-image-caption=\"\" data-large-file=\"https:\/\/la-bella-vita.club\/wp-content\/uploads\/2025\/02\/la-bella-vita.club-_-Titel-Artikel-41-1-1024x576.jpg\" \/><\/div><a class=\"wp-block-latest-posts__post-title\" href=\"https:\/\/la-bella-vita.club\/it\/italiens-stillgelegte-bahnstrecken-werden-zu-traumrouten-fuer-radfahrer\/\">Le linee ferroviarie dismesse d'Italia: Oggi percorsi da sogno per i ciclisti<\/a><div class=\"wp-block-latest-posts__post-excerpt\">Il consiglio per i ciclisti.<\/div><\/li>\n<li><div class=\"wp-block-latest-posts__featured-image aligncenter\"><img decoding=\"async\" width=\"1024\" height=\"576\" src=\"https:\/\/la-bella-vita.club\/wp-content\/uploads\/2026\/04\/pexels-photo-36182944-1024x576.jpeg\" class=\"attachment-large size-large wp-post-image\" alt=\"capre di montagna al pascolo su pendii alpini rocciosi\" style=\"\" srcset=\"https:\/\/la-bella-vita.club\/wp-content\/uploads\/2026\/04\/pexels-photo-36182944-1024x576.jpeg 1024w, https:\/\/la-bella-vita.club\/wp-content\/uploads\/2026\/04\/pexels-photo-36182944-300x169.jpeg 300w, https:\/\/la-bella-vita.club\/wp-content\/uploads\/2026\/04\/pexels-photo-36182944-768x432.jpeg 768w, https:\/\/la-bella-vita.club\/wp-content\/uploads\/2026\/04\/pexels-photo-36182944-1536x864.jpeg 1536w, https:\/\/la-bella-vita.club\/wp-content\/uploads\/2026\/04\/pexels-photo-36182944-18x10.jpeg 18w, https:\/\/la-bella-vita.club\/wp-content\/uploads\/2026\/04\/pexels-photo-36182944-e1775811471833.jpeg 1200w\" sizes=\"(max-width: 1024px) 100vw, 1024px\" data-attachment-id=\"50850\" data-permalink=\"https:\/\/la-bella-vita.club\/it\/italiens-wilde-seite-diese-7-nationalparks-sind-echte-naturwunder\/pexels-photo-36182944\/#main\" data-orig-file=\"https:\/\/la-bella-vita.club\/wp-content\/uploads\/2026\/04\/pexels-photo-36182944-e1775811471833.jpeg\" data-orig-size=\"1200,675\" data-comments-opened=\"1\" data-image-meta=\"{&quot;aperture&quot;:&quot;0&quot;,&quot;credit&quot;:&quot;&quot;,&quot;camera&quot;:&quot;&quot;,&quot;caption&quot;:&quot;Photo by Marek Piwnicki on &lt;a href=\\&quot;https:\/\/www.pexels.com\/photo\/mountain-goats-grazing-on-rocky-alpine-slopes-36182944\/\\&quot; rel=\\&quot;nofollow\\&quot;&gt;Pexels.com&lt;\/a&gt;&quot;,&quot;created_timestamp&quot;:&quot;0&quot;,&quot;copyright&quot;:&quot;&quot;,&quot;focal_length&quot;:&quot;0&quot;,&quot;iso&quot;:&quot;0&quot;,&quot;shutter_speed&quot;:&quot;0&quot;,&quot;title&quot;:&quot;mountain goats grazing on rocky alpine slopes&quot;,&quot;orientation&quot;:&quot;0&quot;}\" data-image-title=\"pexels-photo-36182944\" data-image-description=\"\" data-image-caption=\"&lt;p&gt;Photo by Marek Piwnicki on &lt;a href=&quot;https:\/\/www.pexels.com\/photo\/mountain-goats-grazing-on-rocky-alpine-slopes-36182944\/&quot; rel=&quot;nofollow&quot;&gt;Pexels.com&lt;\/a&gt;&lt;\/p&gt;\" data-large-file=\"https:\/\/la-bella-vita.club\/wp-content\/uploads\/2026\/04\/pexels-photo-36182944-1024x576.jpeg\" \/><\/div><a class=\"wp-block-latest-posts__post-title\" href=\"https:\/\/la-bella-vita.club\/it\/italiens-wilde-seite-diese-7-nationalparks-sind-echte-naturwunder\/\">Il lato selvaggio dell'Italia: questi 7 parchi nazionali sono vere e proprie meraviglie naturali<\/a><div class=\"wp-block-latest-posts__post-excerpt\">Naturalmente bella. <\/div><\/li>\n<li><div class=\"wp-block-latest-posts__featured-image aligncenter\"><img decoding=\"async\" width=\"1024\" height=\"576\" src=\"https:\/\/la-bella-vita.club\/wp-content\/uploads\/2025\/04\/Titel-la-bella-vita.cub-6-3-1024x576.jpg\" class=\"attachment-large size-large wp-post-image\" alt=\"Venditore di limonate a Napoli, in Campania, Italia\" style=\"\" srcset=\"https:\/\/la-bella-vita.club\/wp-content\/uploads\/2025\/04\/Titel-la-bella-vita.cub-6-3-1024x576.jpg 1024w, https:\/\/la-bella-vita.club\/wp-content\/uploads\/2025\/04\/Titel-la-bella-vita.cub-6-3-300x169.jpg 300w, https:\/\/la-bella-vita.club\/wp-content\/uploads\/2025\/04\/Titel-la-bella-vita.cub-6-3-768x432.jpg 768w, https:\/\/la-bella-vita.club\/wp-content\/uploads\/2025\/04\/Titel-la-bella-vita.cub-6-3-18x10.jpg 18w, https:\/\/la-bella-vita.club\/wp-content\/uploads\/2025\/04\/Titel-la-bella-vita.cub-6-3.jpg 1200w\" sizes=\"(max-width: 1024px) 100vw, 1024px\" data-attachment-id=\"41082\" data-permalink=\"https:\/\/la-bella-vita.club\/it\/fuenf-italienische-alltagsrituale-die-das-leben-besser-machen\/titel-la-bella-vita-cub-6-6\/#main\" data-orig-file=\"https:\/\/la-bella-vita.club\/wp-content\/uploads\/2025\/04\/Titel-la-bella-vita.cub-6-3.jpg\" data-orig-size=\"1200,675\" data-comments-opened=\"1\" data-image-meta=\"{&quot;aperture&quot;:&quot;0&quot;,&quot;credit&quot;:&quot;&quot;,&quot;camera&quot;:&quot;&quot;,&quot;caption&quot;:&quot;&quot;,&quot;created_timestamp&quot;:&quot;0&quot;,&quot;copyright&quot;:&quot;&quot;,&quot;focal_length&quot;:&quot;0&quot;,&quot;iso&quot;:&quot;0&quot;,&quot;shutter_speed&quot;:&quot;0&quot;,&quot;title&quot;:&quot;&quot;,&quot;orientation&quot;:&quot;1&quot;}\" data-image-title=\"Neapel in Kampanien\" data-image-description=\"&lt;p&gt;Limonadenverk\u00e4ufer in Neapel in Kampanien in Italien&lt;\/p&gt;\" data-image-caption=\"&lt;p&gt;Ein Stand mit Zitronenlimonade&lt;\/p&gt;\" data-large-file=\"https:\/\/la-bella-vita.club\/wp-content\/uploads\/2025\/04\/Titel-la-bella-vita.cub-6-3-1024x576.jpg\" \/><\/div><a class=\"wp-block-latest-posts__post-title\" href=\"https:\/\/la-bella-vita.club\/it\/neapel-abseits-der-reisefuehrer-diese-10-dinge-solltest-du-unbedingt-machen\/\">Napoli fuori dai sentieri battuti: queste 7 cose da fare assolutamente<\/a><div class=\"wp-block-latest-posts__post-excerpt\">Emozionante.<\/div><\/li>\n<li><div class=\"wp-block-latest-posts__featured-image aligncenter\"><img decoding=\"async\" width=\"1024\" height=\"577\" src=\"https:\/\/la-bella-vita.club\/wp-content\/uploads\/2024\/08\/pexels-photo-20924618-e1745087441362-1024x577.jpeg\" class=\"attachment-large size-large wp-post-image\" alt=\"paesaggio urbano con torri e cespugli in primo piano\" style=\"\" srcset=\"https:\/\/la-bella-vita.club\/wp-content\/uploads\/2024\/08\/pexels-photo-20924618-e1745087441362-1024x577.jpeg 1024w, https:\/\/la-bella-vita.club\/wp-content\/uploads\/2024\/08\/pexels-photo-20924618-e1745087441362-300x169.jpeg 300w, https:\/\/la-bella-vita.club\/wp-content\/uploads\/2024\/08\/pexels-photo-20924618-e1745087441362-768x433.jpeg 768w, https:\/\/la-bella-vita.club\/wp-content\/uploads\/2024\/08\/pexels-photo-20924618-e1745087441362-1536x866.jpeg 1536w, https:\/\/la-bella-vita.club\/wp-content\/uploads\/2024\/08\/pexels-photo-20924618-e1745087441362-18x10.jpeg 18w, https:\/\/la-bella-vita.club\/wp-content\/uploads\/2024\/08\/pexels-photo-20924618-e1745087441362.jpeg 1880w\" sizes=\"(max-width: 1024px) 100vw, 1024px\" data-attachment-id=\"41685\" data-permalink=\"https:\/\/la-bella-vita.club\/it\/manhattan-of-tuscany\/pexels-photo-20924618\/#main\" data-orig-file=\"https:\/\/la-bella-vita.club\/wp-content\/uploads\/2024\/08\/pexels-photo-20924618-e1745087441362.jpeg\" data-orig-size=\"1880,1060\" data-comments-opened=\"1\" data-image-meta=\"{&quot;aperture&quot;:&quot;0&quot;,&quot;credit&quot;:&quot;&quot;,&quot;camera&quot;:&quot;&quot;,&quot;caption&quot;:&quot;Photo by Rosa Stone on &lt;a href=\\&quot;https:\/\/www.pexels.com\/photo\/townscape-with-towers-and-bushes-in-foreground-20924618\/\\&quot; rel=\\&quot;nofollow\\&quot;&gt;Pexels.com&lt;\/a&gt;&quot;,&quot;created_timestamp&quot;:&quot;0&quot;,&quot;copyright&quot;:&quot;&quot;,&quot;focal_length&quot;:&quot;0&quot;,&quot;iso&quot;:&quot;0&quot;,&quot;shutter_speed&quot;:&quot;0&quot;,&quot;title&quot;:&quot;townscape with towers and bushes in foreground&quot;,&quot;orientation&quot;:&quot;0&quot;}\" data-image-title=\"pexels-photo-20924618\" data-image-description=\"&lt;p&gt;San Gimignano in der Tosana in Italien&lt;\/p&gt;\" data-image-caption=\"&lt;p&gt;Photo by Rosa Stone on &lt;a href=&quot;https:\/\/www.pexels.com\/photo\/townscape-with-towers-and-bushes-in-foreground-20924618\/&quot; rel=&quot;nofollow&quot;&gt;Pexels.com&lt;\/a&gt;&lt;\/p&gt;\" data-large-file=\"https:\/\/la-bella-vita.club\/wp-content\/uploads\/2024\/08\/pexels-photo-20924618-e1745087441362-1024x577.jpeg\" \/><\/div><a class=\"wp-block-latest-posts__post-title\" href=\"https:\/\/la-bella-vita.club\/it\/manhattan-of-tuscany\/\">San Gimignano in Toscana: la Manhattan del Medioevo<\/a><div class=\"wp-block-latest-posts__post-excerpt\">Poco meno di 8.000 abitanti e 20.000 turisti nei giorni di punta.<\/div><\/li>\n<li><div class=\"wp-block-latest-posts__featured-image aligncenter\"><img decoding=\"async\" width=\"800\" height=\"800\" src=\"https:\/\/la-bella-vita.club\/wp-content\/uploads\/2021\/12\/1.jpg\" class=\"attachment-large size-large wp-post-image\" alt=\"apericena a milano, regioni italiane\" style=\"\" srcset=\"https:\/\/la-bella-vita.club\/wp-content\/uploads\/2021\/12\/1.jpg 800w, https:\/\/la-bella-vita.club\/wp-content\/uploads\/2021\/12\/1-300x300.jpg 300w, https:\/\/la-bella-vita.club\/wp-content\/uploads\/2021\/12\/1-150x150.jpg?crop=1 150w, https:\/\/la-bella-vita.club\/wp-content\/uploads\/2021\/12\/1-768x768.jpg 768w, https:\/\/la-bella-vita.club\/wp-content\/uploads\/2021\/12\/1-12x12.jpg 12w, https:\/\/la-bella-vita.club\/wp-content\/uploads\/2021\/12\/1-400x400.jpg?crop=1 400w, https:\/\/la-bella-vita.club\/wp-content\/uploads\/2021\/12\/1-200x200.jpg?crop=1 200w\" sizes=\"(max-width: 800px) 100vw, 800px\" data-attachment-id=\"19090\" data-permalink=\"https:\/\/la-bella-vita.club\/it\/dinner-in-italien-der-mangiare-knigge\/1-79\/#main\" data-orig-file=\"https:\/\/la-bella-vita.club\/wp-content\/uploads\/2021\/12\/1.jpg\" data-orig-size=\"800,800\" data-comments-opened=\"1\" data-image-meta=\"{&quot;aperture&quot;:&quot;0&quot;,&quot;credit&quot;:&quot;&quot;,&quot;camera&quot;:&quot;&quot;,&quot;caption&quot;:&quot;&quot;,&quot;created_timestamp&quot;:&quot;0&quot;,&quot;copyright&quot;:&quot;&quot;,&quot;focal_length&quot;:&quot;0&quot;,&quot;iso&quot;:&quot;0&quot;,&quot;shutter_speed&quot;:&quot;0&quot;,&quot;title&quot;:&quot;&quot;,&quot;orientation&quot;:&quot;1&quot;}\" data-image-title=\"apericena in milano\" data-image-description=\"&lt;p&gt;Apericena, Milano, Dinner Donts, Essen, mangiare, Foto stephanie kayser &lt;\/p&gt;\" data-image-caption=\"&lt;p&gt;Apericena in Mailand sieht so aus\u2026&lt;\/p&gt;\" data-large-file=\"https:\/\/la-bella-vita.club\/wp-content\/uploads\/2021\/12\/1.jpg\" \/><\/div><a class=\"wp-block-latest-posts__post-title\" href=\"https:\/\/la-bella-vita.club\/it\/aperitivo-in-italien-die-heilige-stunde-vor-dem-essen\/\">Aperitivo in Italia: l'ora sacra prima del pasto<\/a><div class=\"wp-block-latest-posts__post-excerpt\">Bella Ora. <\/div><\/li>\n<li><div class=\"wp-block-latest-posts__featured-image aligncenter\"><img decoding=\"async\" width=\"821\" height=\"462\" src=\"https:\/\/la-bella-vita.club\/wp-content\/uploads\/2026\/03\/AdobeStock_772270372_Editorial_Use_Only-edited.jpeg\" class=\"attachment-large size-large wp-post-image\" alt=\"Parco dei Mostri nel Lazio - consigli utili in Italia\" style=\"\" srcset=\"https:\/\/la-bella-vita.club\/wp-content\/uploads\/2026\/03\/AdobeStock_772270372_Editorial_Use_Only-edited.jpeg 821w, https:\/\/la-bella-vita.club\/wp-content\/uploads\/2026\/03\/AdobeStock_772270372_Editorial_Use_Only-edited-300x169.jpeg 300w, https:\/\/la-bella-vita.club\/wp-content\/uploads\/2026\/03\/AdobeStock_772270372_Editorial_Use_Only-edited-768x432.jpeg 768w, https:\/\/la-bella-vita.club\/wp-content\/uploads\/2026\/03\/AdobeStock_772270372_Editorial_Use_Only-edited-18x10.jpeg 18w\" sizes=\"(max-width: 821px) 100vw, 821px\" data-attachment-id=\"50587\" data-permalink=\"https:\/\/la-bella-vita.club\/it\/adobestock_772270372_editorial_use_only-2\/\" data-orig-file=\"https:\/\/la-bella-vita.club\/wp-content\/uploads\/2026\/03\/AdobeStock_772270372_Editorial_Use_Only-edited.jpeg\" data-orig-size=\"821,462\" data-comments-opened=\"1\" data-image-meta=\"{&quot;aperture&quot;:&quot;2.8&quot;,&quot;credit&quot;:&quot;www.massimodallaglio.com&quot;,&quot;camera&quot;:&quot;DSC-RX10M3&quot;,&quot;caption&quot;:&quot;&quot;,&quot;created_timestamp&quot;:&quot;1598446854&quot;,&quot;copyright&quot;:&quot;MASSIMO DALLAGLIO&quot;,&quot;focal_length&quot;:&quot;13&quot;,&quot;iso&quot;:&quot;400&quot;,&quot;shutter_speed&quot;:&quot;0.0025&quot;,&quot;title&quot;:&quot;&quot;,&quot;orientation&quot;:&quot;1&quot;}\" data-image-title=\"AdobeStock_772270372_Editorial_Use_Only\" data-image-description=\"&lt;p&gt;Park der Monster im Latium &amp;#8211; Geheimtipps in Italien&lt;\/p&gt;\" data-image-caption=\"\" data-large-file=\"https:\/\/la-bella-vita.club\/wp-content\/uploads\/2026\/03\/AdobeStock_772270372_Editorial_Use_Only-edited.jpeg\" \/><\/div><a class=\"wp-block-latest-posts__post-title\" href=\"https:\/\/la-bella-vita.club\/it\/geheimtipps-in-italien-7-aufregende-orte-die-kaum-jemand-kennt\/\">Consigli da insider in Italia: 7 luoghi emozionanti che quasi nessuno conosce<\/a><div class=\"wp-block-latest-posts__post-excerpt\">Lontano dalle stelle del mondo. <\/div><\/li>\n<\/ul>\n\n\n<hr class=\"wp-block-separator has-text-color has-contrast-2-color has-alpha-channel-opacity has-contrast-2-background-color has-background is-style-dots\"\/>\n\n\n\n<div style=\"height:36px\" aria-hidden=\"true\" class=\"wp-block-spacer\"><\/div>\n\n\n\n<p class=\"has-text-align-right has-small-font-size wp-block-paragraph\">prima pubblicazione 22 giugno 2022<\/p>\n\n\n\n<p class=\"has-text-align-right has-small-font-size wp-block-paragraph\">Copertina\/Montaggio - Foto: ezypix\/Getty Images Signature via canva.com<\/p>\n<div class=\"shariff shariff-align-left shariff-widget-align-left\" data-services=\"facebook%7Cpinterest\" data-url=\"https:\/\/la-bella-vita.club\/it\/kennzeichen-kontrolle-verkehr-an-amalfikueste-wird-in-saison-hart-beschraenkt\/\" data-timestamp=\"1656424474\" data-backendurl=\"https:\/\/la-bella-vita.club\/it\/wp-json\/shariff\/v1\/share_counts?\"><ul class=\"shariff-buttons theme-round orientation-horizontal buttonsize-small\"><li class=\"shariff-button whatsapp shariff-nocustomcolor\" style=\"background-color:#5cbe4a\"><a href=\"https:\/\/api.whatsapp.com\/send?text=https%3A%2F%2Fla-bella-vita.club%2Fit%2Fkennzeichen-kontrolle-verkehr-an-amalfikueste-wird-in-saison-hart-beschraenkt%2F%20KONTROLLE%20%E2%80%93%20Verkehr%20an%20Amalfik%C3%BCste%20stark%20reduziert\" title=\"Condividi su Whatsapp\" aria-label=\"Condividi su Whatsapp\" role=\"button\" rel=\"noopener nofollow\" class=\"shariff-link\" style=\"; background-color:#34af23; color:#fff\" target=\"_blank\"><span class=\"shariff-icon\" style=\"\"><svg width=\"32px\" height=\"20px\" xmlns=\"http:\/\/www.w3.org\/2000\/svg\" viewbox=\"0 0 32 32\"><path fill=\"#34af23\" d=\"M17.6 17.4q0.2 0 1.7 0.8t1.6 0.9q0 0.1 0 0.3 0 0.6-0.3 1.4-0.3 0.7-1.3 1.2t-1.8 0.5q-1 0-3.4-1.1-1.7-0.8-3-2.1t-2.6-3.3q-1.3-1.9-1.3-3.5v-0.1q0.1-1.6 1.3-2.8 0.4-0.4 0.9-0.4 0.1 0 0.3 0t0.3 0q0.3 0 0.5 0.1t0.3 0.5q0.1 0.4 0.6 1.6t0.4 1.3q0 0.4-0.6 1t-0.6 0.8q0 0.1 0.1 0.3 0.6 1.3 1.8 2.4 1 0.9 2.7 1.8 0.2 0.1 0.4 0.1 0.3 0 1-0.9t0.9-0.9zM14 26.9q2.3 0 4.3-0.9t3.6-2.4 2.4-3.6 0.9-4.3-0.9-4.3-2.4-3.6-3.6-2.4-4.3-0.9-4.3 0.9-3.6 2.4-2.4 3.6-0.9 4.3q0 3.6 2.1 6.6l-1.4 4.2 4.3-1.4q2.8 1.9 6.2 1.9zM14 2.2q2.7 0 5.2 1.1t4.3 2.9 2.9 4.3 1.1 5.2-1.1 5.2-2.9 4.3-4.3 2.9-5.2 1.1q-3.5 0-6.5-1.7l-7.4 2.4 2.4-7.2q-1.9-3.2-1.9-6.9 0-2.7 1.1-5.2t2.9-4.3 4.3-2.9 5.2-1.1z\"\/><\/svg><\/span><\/a><\/li><li class=\"shariff-button mailto shariff-nocustomcolor\" style=\"background-color:#a8a8a8\"><a href=\"mailto:?body=https%3A%2F%2Fla-bella-vita.club%2Fit%2Fkennzeichen-kontrolle-verkehr-an-amalfikueste-wird-in-saison-hart-beschraenkt%2F&subject=KONTROLLE%20%E2%80%93%20Verkehr%20an%20Amalfik%C3%BCste%20stark%20reduziert\" title=\"Invia per e-mail\" aria-label=\"Invia per e-mail\" role=\"button\" rel=\"noopener nofollow\" class=\"shariff-link\" style=\"; background-color:#999; color:#fff\"><span class=\"shariff-icon\" style=\"\"><svg width=\"32px\" height=\"20px\" xmlns=\"http:\/\/www.w3.org\/2000\/svg\" viewbox=\"0 0 32 32\"><path fill=\"#999\" d=\"M32 12.7v14.2q0 1.2-0.8 2t-2 0.9h-26.3q-1.2 0-2-0.9t-0.8-2v-14.2q0.8 0.9 1.8 1.6 6.5 4.4 8.9 6.1 1 0.8 1.6 1.2t1.7 0.9 2 0.4h0.1q0.9 0 2-0.4t1.7-0.9 1.6-1.2q3-2.2 8.9-6.1 1-0.7 1.8-1.6zM32 7.4q0 1.4-0.9 2.7t-2.2 2.2q-6.7 4.7-8.4 5.8-0.2 0.1-0.7 0.5t-1 0.7-0.9 0.6-1.1 0.5-0.9 0.2h-0.1q-0.4 0-0.9-0.2t-1.1-0.5-0.9-0.6-1-0.7-0.7-0.5q-1.6-1.1-4.7-3.2t-3.6-2.6q-1.1-0.7-2.1-2t-1-2.5q0-1.4 0.7-2.3t2.1-0.9h26.3q1.2 0 2 0.8t0.9 2z\"\/><\/svg><\/span><\/a><\/li><li class=\"shariff-button telegram shariff-nocustomcolor\" style=\"background-color:#4084A6\"><a href=\"https:\/\/telegram.me\/share\/url?url=https%3A%2F%2Fla-bella-vita.club%2Fit%2Fkennzeichen-kontrolle-verkehr-an-amalfikueste-wird-in-saison-hart-beschraenkt%2F&text=KONTROLLE%20%E2%80%93%20Verkehr%20an%20Amalfik%C3%BCste%20stark%20reduziert\" title=\"Condividi su Telegram\" aria-label=\"Condividi su Telegram\" role=\"button\" rel=\"noopener nofollow\" class=\"shariff-link\" style=\"; background-color:#0088cc; color:#fff\" target=\"_blank\"><span class=\"shariff-icon\" style=\"\"><svg width=\"32px\" height=\"20px\" xmlns=\"http:\/\/www.w3.org\/2000\/svg\" viewbox=\"0 0 32 32\"><path fill=\"#0088cc\" d=\"M30.8 6.5l-4.5 21.4c-.3 1.5-1.2 1.9-2.5 1.2L16.9 24l-3.3 3.2c-.4.4-.7.7-1.4.7l.5-7L25.5 9.2c.6-.5-.1-.8-.9-.3l-15.8 10L2 16.7c-1.5-.5-1.5-1.5.3-2.2L28.9 4.3c1.3-.5 2.3.3 1.9 2.2z\"\/><\/svg><\/span><\/a><\/li><li class=\"shariff-button sms shariff-nocustomcolor shariff-mobile\" style=\"background-color:#d7d9d8\"><a href=\"sms:?&body=https%3A%2F%2Fla-bella-vita.club%2Fit%2Fkennzeichen-kontrolle-verkehr-an-amalfikueste-wird-in-saison-hart-beschraenkt%2F\" title=\"Condividi via SMS\" aria-label=\"Condividi via SMS\" role=\"button\" rel=\"noopener nofollow\" class=\"shariff-link\" style=\"; background-color:#a1e877; color:#fff\" target=\"_blank\"><span class=\"shariff-icon\" style=\"\"><svg xmlns=\"http:\/\/www.w3.org\/2000\/svg\" width=\"510\" height=\"510\" viewbox=\"0 0 510 510\"><path fill=\"#a1e877\" d=\"M459 0H51C23 0 0 23 0 51v459l102-102h357c28.1 0 51-22.9 51-51V51C510 23 487.1 0 459 0zM178.5 229.5h-51v-51h51V229.5zM280.5 229.5h-51v-51h51V229.5zM382.5 229.5h-51v-51h51V229.5z\"\/><\/svg><\/span><\/a><\/li><li class=\"shariff-button twitter shariff-nocustomcolor\" style=\"background-color:#595959\"><a href=\"https:\/\/twitter.com\/share?url=https%3A%2F%2Fla-bella-vita.club%2Fit%2Fkennzeichen-kontrolle-verkehr-an-amalfikueste-wird-in-saison-hart-beschraenkt%2F&text=KONTROLLE%20%E2%80%93%20Verkehr%20an%20Amalfik%C3%BCste%20stark%20reduziert\" title=\"Condividi a X\" aria-label=\"Condividi a X\" role=\"button\" rel=\"noopener nofollow\" class=\"shariff-link\" style=\"; background-color:#000; color:#fff\" target=\"_blank\"><span class=\"shariff-icon\" style=\"\"><svg width=\"32px\" height=\"20px\" xmlns=\"http:\/\/www.w3.org\/2000\/svg\" viewbox=\"0 0 24 24\"><path fill=\"#000\" d=\"M14.258 10.152L23.176 0h-2.113l-7.747 8.813L7.133 0H0l9.352 13.328L0 23.973h2.113l8.176-9.309 6.531 9.309h7.133zm-2.895 3.293l-.949-1.328L2.875 1.56h3.246l6.086 8.523.945 1.328 7.91 11.078h-3.246zm0 0\"\/><\/svg><\/span><\/a><\/li><li class=\"shariff-button facebook shariff-nocustomcolor\" style=\"background-color:#4273c8\"><a href=\"https:\/\/www.facebook.com\/sharer\/sharer.php?u=https%3A%2F%2Fla-bella-vita.club%2Fit%2Fkennzeichen-kontrolle-verkehr-an-amalfikueste-wird-in-saison-hart-beschraenkt%2F\" title=\"Condividi su Facebook\" aria-label=\"Condividi su Facebook\" role=\"button\" rel=\"nofollow\" class=\"shariff-link\" style=\"; background-color:#3b5998; color:#fff\" target=\"_blank\"><span class=\"shariff-icon\" style=\"\"><svg width=\"32px\" height=\"20px\" xmlns=\"http:\/\/www.w3.org\/2000\/svg\" viewbox=\"0 0 18 32\"><path fill=\"#3b5998\" d=\"M17.1 0.2v4.7h-2.8q-1.5 0-2.1 0.6t-0.5 1.9v3.4h5.2l-0.7 5.3h-4.5v13.6h-5.5v-13.6h-4.5v-5.3h4.5v-3.9q0-3.3 1.9-5.2t5-1.8q2.6 0 4.1 0.2z\"\/><\/svg><\/span><\/a><\/li><li class=\"shariff-button pinterest shariff-nocustomcolor\" style=\"background-color:#e70f18\"><a href=\"https:\/\/www.pinterest.com\/pin\/create\/link\/?url=https%3A%2F%2Fla-bella-vita.club%2Fit%2Fkennzeichen-kontrolle-verkehr-an-amalfikueste-wird-in-saison-hart-beschraenkt%2F&media=https%3A%2F%2Fla-bella-vita.club%2Fwp-content%2Fuploads%2F2022%2F06%2Ftitel-amalfi-verkehr.jpg&description=KONTROLLE%20%E2%80%93%20Verkehr%20an%20Amalfik%C3%BCste%20stark%20reduziert\" title=\"Pin su Pinterest\" aria-label=\"Pin su Pinterest\" role=\"button\" rel=\"noopener nofollow\" class=\"shariff-link\" style=\"; background-color:#cb2027; color:#fff\" target=\"_blank\"><span class=\"shariff-icon\" style=\"\"><svg width=\"32px\" height=\"20px\" xmlns=\"http:\/\/www.w3.org\/2000\/svg\" viewbox=\"0 0 27 32\"><path fill=\"#cb2027\" d=\"M27.4 16q0 3.7-1.8 6.9t-5 5-6.9 1.9q-2 0-3.9-0.6 1.1-1.7 1.4-2.9 0.2-0.6 1-3.8 0.4 0.7 1.3 1.2t2 0.5q2.1 0 3.8-1.2t2.7-3.4 0.9-4.8q0-2-1.1-3.8t-3.1-2.9-4.5-1.2q-1.9 0-3.5 0.5t-2.8 1.4-2 2-1.2 2.3-0.4 2.4q0 1.9 0.7 3.3t2.1 2q0.5 0.2 0.7-0.4 0-0.1 0.1-0.5t0.2-0.5q0.1-0.4-0.2-0.8-0.9-1.1-0.9-2.7 0-2.7 1.9-4.6t4.9-2q2.7 0 4.2 1.5t1.5 3.8q0 3-1.2 5.2t-3.1 2.1q-1.1 0-1.7-0.8t-0.4-1.9q0.1-0.6 0.5-1.7t0.5-1.8 0.2-1.4q0-0.9-0.5-1.5t-1.4-0.6q-1.1 0-1.9 1t-0.8 2.6q0 1.3 0.4 2.2l-1.8 7.5q-0.3 1.2-0.2 3.2-3.7-1.6-6-5t-2.3-7.6q0-3.7 1.9-6.9t5-5 6.9-1.9 6.9 1.9 5 5 1.8 6.9z\"\/><\/svg><\/span><\/a><\/li><\/ul><\/div>","protected":false},"excerpt":{"rendered":"<p><b>Controllo dell'accesso tramite targa<\/b>: La strada della Costiera Amalfitana, famosa in tutto il mondo, sar\u00e0 chiusa per la prima volta quest'anno. Tutte le informazioni...<\/p>\n<div class=\"shariff shariff-align-left shariff-widget-align-left\" data-services=\"facebook%7Cpinterest\" data-url=\"https:\/\/la-bella-vita.club\/it\/kennzeichen-kontrolle-verkehr-an-amalfikueste-wird-in-saison-hart-beschraenkt\/\" data-timestamp=\"1656424474\" data-backendurl=\"https:\/\/la-bella-vita.club\/it\/wp-json\/shariff\/v1\/share_counts?\"><ul class=\"shariff-buttons theme-round orientation-horizontal buttonsize-small\"><li class=\"shariff-button whatsapp shariff-nocustomcolor\" style=\"background-color:#5cbe4a\"><a href=\"https:\/\/api.whatsapp.com\/send?text=https%3A%2F%2Fla-bella-vita.club%2Fit%2Fkennzeichen-kontrolle-verkehr-an-amalfikueste-wird-in-saison-hart-beschraenkt%2F%20KONTROLLE%20%E2%80%93%20Verkehr%20an%20Amalfik%C3%BCste%20stark%20reduziert\" title=\"Condividi su Whatsapp\" aria-label=\"Condividi su Whatsapp\" role=\"button\" rel=\"noopener nofollow\" class=\"shariff-link\" style=\"; background-color:#34af23; color:#fff\" target=\"_blank\"><span class=\"shariff-icon\" style=\"\"><svg width=\"32px\" height=\"20px\" xmlns=\"http:\/\/www.w3.org\/2000\/svg\" viewbox=\"0 0 32 32\"><path fill=\"#34af23\" d=\"M17.6 17.4q0.2 0 1.7 0.8t1.6 0.9q0 0.1 0 0.3 0 0.6-0.3 1.4-0.3 0.7-1.3 1.2t-1.8 0.5q-1 0-3.4-1.1-1.7-0.8-3-2.1t-2.6-3.3q-1.3-1.9-1.3-3.5v-0.1q0.1-1.6 1.3-2.8 0.4-0.4 0.9-0.4 0.1 0 0.3 0t0.3 0q0.3 0 0.5 0.1t0.3 0.5q0.1 0.4 0.6 1.6t0.4 1.3q0 0.4-0.6 1t-0.6 0.8q0 0.1 0.1 0.3 0.6 1.3 1.8 2.4 1 0.9 2.7 1.8 0.2 0.1 0.4 0.1 0.3 0 1-0.9t0.9-0.9zM14 26.9q2.3 0 4.3-0.9t3.6-2.4 2.4-3.6 0.9-4.3-0.9-4.3-2.4-3.6-3.6-2.4-4.3-0.9-4.3 0.9-3.6 2.4-2.4 3.6-0.9 4.3q0 3.6 2.1 6.6l-1.4 4.2 4.3-1.4q2.8 1.9 6.2 1.9zM14 2.2q2.7 0 5.2 1.1t4.3 2.9 2.9 4.3 1.1 5.2-1.1 5.2-2.9 4.3-4.3 2.9-5.2 1.1q-3.5 0-6.5-1.7l-7.4 2.4 2.4-7.2q-1.9-3.2-1.9-6.9 0-2.7 1.1-5.2t2.9-4.3 4.3-2.9 5.2-1.1z\"\/><\/svg><\/span><\/a><\/li><li class=\"shariff-button mailto shariff-nocustomcolor\" style=\"background-color:#a8a8a8\"><a href=\"mailto:?body=https%3A%2F%2Fla-bella-vita.club%2Fit%2Fkennzeichen-kontrolle-verkehr-an-amalfikueste-wird-in-saison-hart-beschraenkt%2F&subject=KONTROLLE%20%E2%80%93%20Verkehr%20an%20Amalfik%C3%BCste%20stark%20reduziert\" title=\"Invia per e-mail\" aria-label=\"Invia per e-mail\" role=\"button\" rel=\"noopener nofollow\" class=\"shariff-link\" style=\"; background-color:#999; color:#fff\"><span class=\"shariff-icon\" style=\"\"><svg width=\"32px\" height=\"20px\" xmlns=\"http:\/\/www.w3.org\/2000\/svg\" viewbox=\"0 0 32 32\"><path fill=\"#999\" d=\"M32 12.7v14.2q0 1.2-0.8 2t-2 0.9h-26.3q-1.2 0-2-0.9t-0.8-2v-14.2q0.8 0.9 1.8 1.6 6.5 4.4 8.9 6.1 1 0.8 1.6 1.2t1.7 0.9 2 0.4h0.1q0.9 0 2-0.4t1.7-0.9 1.6-1.2q3-2.2 8.9-6.1 1-0.7 1.8-1.6zM32 7.4q0 1.4-0.9 2.7t-2.2 2.2q-6.7 4.7-8.4 5.8-0.2 0.1-0.7 0.5t-1 0.7-0.9 0.6-1.1 0.5-0.9 0.2h-0.1q-0.4 0-0.9-0.2t-1.1-0.5-0.9-0.6-1-0.7-0.7-0.5q-1.6-1.1-4.7-3.2t-3.6-2.6q-1.1-0.7-2.1-2t-1-2.5q0-1.4 0.7-2.3t2.1-0.9h26.3q1.2 0 2 0.8t0.9 2z\"\/><\/svg><\/span><\/a><\/li><li class=\"shariff-button telegram shariff-nocustomcolor\" style=\"background-color:#4084A6\"><a href=\"https:\/\/telegram.me\/share\/url?url=https%3A%2F%2Fla-bella-vita.club%2Fit%2Fkennzeichen-kontrolle-verkehr-an-amalfikueste-wird-in-saison-hart-beschraenkt%2F&text=KONTROLLE%20%E2%80%93%20Verkehr%20an%20Amalfik%C3%BCste%20stark%20reduziert\" title=\"Condividi su Telegram\" aria-label=\"Condividi su Telegram\" role=\"button\" rel=\"noopener nofollow\" class=\"shariff-link\" style=\"; background-color:#0088cc; color:#fff\" target=\"_blank\"><span class=\"shariff-icon\" style=\"\"><svg width=\"32px\" height=\"20px\" xmlns=\"http:\/\/www.w3.org\/2000\/svg\" viewbox=\"0 0 32 32\"><path fill=\"#0088cc\" d=\"M30.8 6.5l-4.5 21.4c-.3 1.5-1.2 1.9-2.5 1.2L16.9 24l-3.3 3.2c-.4.4-.7.7-1.4.7l.5-7L25.5 9.2c.6-.5-.1-.8-.9-.3l-15.8 10L2 16.7c-1.5-.5-1.5-1.5.3-2.2L28.9 4.3c1.3-.5 2.3.3 1.9 2.2z\"\/><\/svg><\/span><\/a><\/li><li class=\"shariff-button sms shariff-nocustomcolor shariff-mobile\" style=\"background-color:#d7d9d8\"><a href=\"sms:?&body=https%3A%2F%2Fla-bella-vita.club%2Fit%2Fkennzeichen-kontrolle-verkehr-an-amalfikueste-wird-in-saison-hart-beschraenkt%2F\" title=\"Condividi via SMS\" aria-label=\"Condividi via SMS\" role=\"button\" rel=\"noopener nofollow\" class=\"shariff-link\" style=\"; background-color:#a1e877; color:#fff\" target=\"_blank\"><span class=\"shariff-icon\" style=\"\"><svg xmlns=\"http:\/\/www.w3.org\/2000\/svg\" width=\"510\" height=\"510\" viewbox=\"0 0 510 510\"><path fill=\"#a1e877\" d=\"M459 0H51C23 0 0 23 0 51v459l102-102h357c28.1 0 51-22.9 51-51V51C510 23 487.1 0 459 0zM178.5 229.5h-51v-51h51V229.5zM280.5 229.5h-51v-51h51V229.5zM382.5 229.5h-51v-51h51V229.5z\"\/><\/svg><\/span><\/a><\/li><li class=\"shariff-button twitter shariff-nocustomcolor\" style=\"background-color:#595959\"><a href=\"https:\/\/twitter.com\/share?url=https%3A%2F%2Fla-bella-vita.club%2Fit%2Fkennzeichen-kontrolle-verkehr-an-amalfikueste-wird-in-saison-hart-beschraenkt%2F&text=KONTROLLE%20%E2%80%93%20Verkehr%20an%20Amalfik%C3%BCste%20stark%20reduziert\" title=\"Condividi a X\" aria-label=\"Condividi a X\" role=\"button\" rel=\"noopener nofollow\" class=\"shariff-link\" style=\"; background-color:#000; color:#fff\" target=\"_blank\"><span class=\"shariff-icon\" style=\"\"><svg width=\"32px\" height=\"20px\" xmlns=\"http:\/\/www.w3.org\/2000\/svg\" viewbox=\"0 0 24 24\"><path fill=\"#000\" d=\"M14.258 10.152L23.176 0h-2.113l-7.747 8.813L7.133 0H0l9.352 13.328L0 23.973h2.113l8.176-9.309 6.531 9.309h7.133zm-2.895 3.293l-.949-1.328L2.875 1.56h3.246l6.086 8.523.945 1.328 7.91 11.078h-3.246zm0 0\"\/><\/svg><\/span><\/a><\/li><li class=\"shariff-button facebook shariff-nocustomcolor\" style=\"background-color:#4273c8\"><a href=\"https:\/\/www.facebook.com\/sharer\/sharer.php?u=https%3A%2F%2Fla-bella-vita.club%2Fit%2Fkennzeichen-kontrolle-verkehr-an-amalfikueste-wird-in-saison-hart-beschraenkt%2F\" title=\"Condividi su Facebook\" aria-label=\"Condividi su Facebook\" role=\"button\" rel=\"nofollow\" class=\"shariff-link\" style=\"; background-color:#3b5998; color:#fff\" target=\"_blank\"><span class=\"shariff-icon\" style=\"\"><svg width=\"32px\" height=\"20px\" xmlns=\"http:\/\/www.w3.org\/2000\/svg\" viewbox=\"0 0 18 32\"><path fill=\"#3b5998\" d=\"M17.1 0.2v4.7h-2.8q-1.5 0-2.1 0.6t-0.5 1.9v3.4h5.2l-0.7 5.3h-4.5v13.6h-5.5v-13.6h-4.5v-5.3h4.5v-3.9q0-3.3 1.9-5.2t5-1.8q2.6 0 4.1 0.2z\"\/><\/svg><\/span><\/a><\/li><li class=\"shariff-button pinterest shariff-nocustomcolor\" style=\"background-color:#e70f18\"><a href=\"https:\/\/www.pinterest.com\/pin\/create\/link\/?url=https%3A%2F%2Fla-bella-vita.club%2Fit%2Fkennzeichen-kontrolle-verkehr-an-amalfikueste-wird-in-saison-hart-beschraenkt%2F&media=https%3A%2F%2Fla-bella-vita.club%2Fwp-content%2Fuploads%2F2022%2F06%2Ftitel-amalfi-verkehr.jpg&description=KONTROLLE%20%E2%80%93%20Verkehr%20an%20Amalfik%C3%BCste%20stark%20reduziert\" title=\"Pin su Pinterest\" aria-label=\"Pin su Pinterest\" role=\"button\" rel=\"noopener nofollow\" class=\"shariff-link\" style=\"; background-color:#cb2027; color:#fff\" target=\"_blank\"><span class=\"shariff-icon\" style=\"\"><svg width=\"32px\" height=\"20px\" xmlns=\"http:\/\/www.w3.org\/2000\/svg\" viewbox=\"0 0 27 32\"><path fill=\"#cb2027\" d=\"M27.4 16q0 3.7-1.8 6.9t-5 5-6.9 1.9q-2 0-3.9-0.6 1.1-1.7 1.4-2.9 0.2-0.6 1-3.8 0.4 0.7 1.3 1.2t2 0.5q2.1 0 3.8-1.2t2.7-3.4 0.9-4.8q0-2-1.1-3.8t-3.1-2.9-4.5-1.2q-1.9 0-3.5 0.5t-2.8 1.4-2 2-1.2 2.3-0.4 2.4q0 1.9 0.7 3.3t2.1 2q0.5 0.2 0.7-0.4 0-0.1 0.1-0.5t0.2-0.5q0.1-0.4-0.2-0.8-0.9-1.1-0.9-2.7 0-2.7 1.9-4.6t4.9-2q2.7 0 4.2 1.5t1.5 3.8q0 3-1.2 5.2t-3.1 2.1q-1.1 0-1.7-0.8t-0.4-1.9q0.1-0.6 0.5-1.7t0.5-1.8 0.2-1.4q0-0.9-0.5-1.5t-1.4-0.6q-1.1 0-1.9 1t-0.8 2.6q0 1.3 0.4 2.2l-1.8 7.5q-0.3 1.2-0.2 3.2-3.7-1.6-6-5t-2.3-7.6q0-3.7 1.9-6.9t5-5 6.9-1.9 6.9 1.9 5 5 1.8 6.9z\"\/><\/svg><\/span><\/a><\/li><\/ul><\/div>","protected":false},"author":198281585,"featured_media":12806,"comment_status":"open","ping_status":"closed","sticky":false,"template":"","format":"standard","meta":{"_coblocks_attr":"","_coblocks_dimensions":"","_coblocks_responsive_height":"","_coblocks_accordion_ie_support":"","_crdt_document":"","_jetpack_newsletter_access":"","_jetpack_dont_email_post_to_subs":false,"_jetpack_newsletter_tier_id":0,"_jetpack_memberships_contains_paywalled_content":false,"_jetpack_memberships_contains_paid_content":false,"footnotes":"","jetpack_post_was_ever_published":false},"categories":[2773],"tags":[2802],"class_list":["post-12777","post","type-post","status-publish","format-standard","has-post-thumbnail","hentry","category-reisetipps-fuer-italien-die-besten-sehenswuerdigkeiten-insider-empfehlungen","tag-reisetipps-fuer-italien-insider-tipps-und-mehr","infinite-scroll-item"],"yoast_head":"<!-- This site is optimized with the Yoast SEO Premium plugin v27.4 (Yoast SEO v27.4) - https:\/\/yoast.com\/product\/yoast-seo-premium-wordpress\/ -->\n<title>KONTROLLE \u2013 Verkehr an Amalfik\u00fcste stark reduziert<\/title>\n<meta name=\"description\" content=\"Zugangskontrolle via Nummernschild: Die weltber\u00fchmte Stra\u00dfe an der Amalfik\u00fcste wird in diesem Jahr erstmals gesperrt. Alle Infos\u2026\" \/>\n<meta name=\"robots\" content=\"index, follow, max-snippet:-1, max-image-preview:large, max-video-preview:-1\" \/>\n<link rel=\"canonical\" href=\"https:\/\/la-bella-vita.club\/it\/la-patente-ispezione-il-traffico-sulla-costa-dellalfi-e-difficilmente-limitato-in-stagione\/\" \/>\n<meta property=\"og:locale\" content=\"it_IT\" \/>\n<meta property=\"og:type\" content=\"article\" \/>\n<meta property=\"og:title\" content=\"KONTROLLE \u2013 Verkehr an Amalfik\u00fcste stark reduziert\" \/>\n<meta property=\"og:description\" content=\"Zugangskontrolle via Nummernschild: Die weltber\u00fchmte Stra\u00dfe an der Amalfik\u00fcste wird in diesem Jahr erstmals gesperrt. Alle Infos\u2026\" \/>\n<meta property=\"og:url\" content=\"https:\/\/la-bella-vita.club\/it\/la-patente-ispezione-il-traffico-sulla-costa-dellalfi-e-difficilmente-limitato-in-stagione\/\" \/>\n<meta property=\"og:site_name\" content=\"la bella vita club\" \/>\n<meta property=\"article:publisher\" content=\"https:\/\/www.facebook.com\/labellavita.club\" \/>\n<meta property=\"article:published_time\" content=\"2022-06-22T16:31:06+00:00\" \/>\n<meta property=\"article:modified_time\" content=\"2022-06-28T11:54:34+00:00\" \/>\n<meta property=\"og:image\" content=\"https:\/\/la-bella-vita.club\/wp-content\/uploads\/2022\/06\/titel-amalfi-verkehr.jpg\" \/>\n\t<meta property=\"og:image:width\" content=\"1200\" \/>\n\t<meta property=\"og:image:height\" content=\"675\" \/>\n\t<meta property=\"og:image:type\" content=\"image\/jpeg\" \/>\n<meta name=\"author\" content=\"KAYSERIN media\" \/>\n<meta name=\"twitter:card\" content=\"summary_large_image\" \/>\n<meta name=\"twitter:label1\" content=\"Scritto da\" \/>\n\t<meta name=\"twitter:data1\" content=\"KAYSERIN media\" \/>\n\t<meta name=\"twitter:label2\" content=\"Tempo di lettura stimato\" \/>\n\t<meta name=\"twitter:data2\" content=\"2 minuti\" \/>\n<script type=\"application\/ld+json\" class=\"yoast-schema-graph\">{\"@context\":\"https:\\\/\\\/schema.org\",\"@graph\":[{\"@type\":\"Article\",\"@id\":\"https:\\\/\\\/la-bella-vita.club\\\/kennzeichen-kontrolle-verkehr-an-amalfikueste-wird-in-saison-hart-beschraenkt\\\/#article\",\"isPartOf\":{\"@id\":\"https:\\\/\\\/la-bella-vita.club\\\/kennzeichen-kontrolle-verkehr-an-amalfikueste-wird-in-saison-hart-beschraenkt\\\/\"},\"author\":{\"name\":\"KAYSERIN media\",\"@id\":\"https:\\\/\\\/la-bella-vita.club\\\/#\\\/schema\\\/person\\\/d5b88108808d5fc119cd16c6be56952d\"},\"headline\":\"KONTROLLE \u2013 Verkehr an Amalfik\u00fcste stark reduziert\",\"datePublished\":\"2022-06-22T16:31:06+00:00\",\"dateModified\":\"2022-06-28T11:54:34+00:00\",\"mainEntityOfPage\":{\"@id\":\"https:\\\/\\\/la-bella-vita.club\\\/kennzeichen-kontrolle-verkehr-an-amalfikueste-wird-in-saison-hart-beschraenkt\\\/\"},\"wordCount\":308,\"commentCount\":0,\"publisher\":{\"@id\":\"https:\\\/\\\/la-bella-vita.club\\\/#organization\"},\"image\":{\"@id\":\"https:\\\/\\\/la-bella-vita.club\\\/kennzeichen-kontrolle-verkehr-an-amalfikueste-wird-in-saison-hart-beschraenkt\\\/#primaryimage\"},\"thumbnailUrl\":\"https:\\\/\\\/la-bella-vita.club\\\/wp-content\\\/uploads\\\/2022\\\/06\\\/titel-amalfi-verkehr.jpg\",\"keywords\":[\"Reisetipps\"],\"articleSection\":[\"Reisetipps f\u00fcr Italien\"],\"inLanguage\":\"it-IT\",\"potentialAction\":[{\"@type\":\"CommentAction\",\"name\":\"Comment\",\"target\":[\"https:\\\/\\\/la-bella-vita.club\\\/kennzeichen-kontrolle-verkehr-an-amalfikueste-wird-in-saison-hart-beschraenkt\\\/#respond\"]}]},{\"@type\":\"WebPage\",\"@id\":\"https:\\\/\\\/la-bella-vita.club\\\/kennzeichen-kontrolle-verkehr-an-amalfikueste-wird-in-saison-hart-beschraenkt\\\/\",\"url\":\"https:\\\/\\\/la-bella-vita.club\\\/kennzeichen-kontrolle-verkehr-an-amalfikueste-wird-in-saison-hart-beschraenkt\\\/\",\"name\":\"KONTROLLE \u2013 Verkehr an Amalfik\u00fcste stark reduziert\",\"isPartOf\":{\"@id\":\"https:\\\/\\\/la-bella-vita.club\\\/#website\"},\"primaryImageOfPage\":{\"@id\":\"https:\\\/\\\/la-bella-vita.club\\\/kennzeichen-kontrolle-verkehr-an-amalfikueste-wird-in-saison-hart-beschraenkt\\\/#primaryimage\"},\"image\":{\"@id\":\"https:\\\/\\\/la-bella-vita.club\\\/kennzeichen-kontrolle-verkehr-an-amalfikueste-wird-in-saison-hart-beschraenkt\\\/#primaryimage\"},\"thumbnailUrl\":\"https:\\\/\\\/la-bella-vita.club\\\/wp-content\\\/uploads\\\/2022\\\/06\\\/titel-amalfi-verkehr.jpg\",\"datePublished\":\"2022-06-22T16:31:06+00:00\",\"dateModified\":\"2022-06-28T11:54:34+00:00\",\"description\":\"Zugangskontrolle via Nummernschild: Die weltber\u00fchmte Stra\u00dfe an der Amalfik\u00fcste wird in diesem Jahr erstmals gesperrt. Alle Infos\u2026\",\"breadcrumb\":{\"@id\":\"https:\\\/\\\/la-bella-vita.club\\\/kennzeichen-kontrolle-verkehr-an-amalfikueste-wird-in-saison-hart-beschraenkt\\\/#breadcrumb\"},\"inLanguage\":\"it-IT\",\"potentialAction\":[{\"@type\":\"ReadAction\",\"target\":[\"https:\\\/\\\/la-bella-vita.club\\\/kennzeichen-kontrolle-verkehr-an-amalfikueste-wird-in-saison-hart-beschraenkt\\\/\"]}]},{\"@type\":\"ImageObject\",\"inLanguage\":\"it-IT\",\"@id\":\"https:\\\/\\\/la-bella-vita.club\\\/kennzeichen-kontrolle-verkehr-an-amalfikueste-wird-in-saison-hart-beschraenkt\\\/#primaryimage\",\"url\":\"https:\\\/\\\/la-bella-vita.club\\\/wp-content\\\/uploads\\\/2022\\\/06\\\/titel-amalfi-verkehr.jpg\",\"contentUrl\":\"https:\\\/\\\/la-bella-vita.club\\\/wp-content\\\/uploads\\\/2022\\\/06\\\/titel-amalfi-verkehr.jpg\",\"width\":1200,\"height\":675,\"caption\":\"titel amalfi verkehr\"},{\"@type\":\"BreadcrumbList\",\"@id\":\"https:\\\/\\\/la-bella-vita.club\\\/kennzeichen-kontrolle-verkehr-an-amalfikueste-wird-in-saison-hart-beschraenkt\\\/#breadcrumb\",\"itemListElement\":[{\"@type\":\"ListItem\",\"position\":1,\"name\":\"Startseite\",\"item\":\"https:\\\/\\\/la-bella-vita.club\\\/\"},{\"@type\":\"ListItem\",\"position\":2,\"name\":\"KONTROLLE \u2013 Verkehr an Amalfik\u00fcste stark reduziert\"}]},{\"@type\":\"WebSite\",\"@id\":\"https:\\\/\\\/la-bella-vita.club\\\/#website\",\"url\":\"https:\\\/\\\/la-bella-vita.club\\\/\",\"name\":\"la bella vita club\",\"description\":\"Dein Magazin f\u00fcr Italien\",\"publisher\":{\"@id\":\"https:\\\/\\\/la-bella-vita.club\\\/#organization\"},\"potentialAction\":[{\"@type\":\"SearchAction\",\"target\":{\"@type\":\"EntryPoint\",\"urlTemplate\":\"https:\\\/\\\/la-bella-vita.club\\\/?s={search_term_string}\"},\"query-input\":{\"@type\":\"PropertyValueSpecification\",\"valueRequired\":true,\"valueName\":\"search_term_string\"}}],\"inLanguage\":\"it-IT\"},{\"@type\":\"Organization\",\"@id\":\"https:\\\/\\\/la-bella-vita.club\\\/#organization\",\"name\":\"la bella vita club\",\"url\":\"https:\\\/\\\/la-bella-vita.club\\\/\",\"logo\":{\"@type\":\"ImageObject\",\"inLanguage\":\"it-IT\",\"@id\":\"https:\\\/\\\/la-bella-vita.club\\\/#\\\/schema\\\/logo\\\/image\\\/\",\"url\":\"https:\\\/\\\/la-bella-vita.club\\\/wp-content\\\/uploads\\\/2025\\\/04\\\/cropped-Kopie-von-Kopie-von-Kopie-von-Marie-von-Kiesenwetter.png\",\"contentUrl\":\"https:\\\/\\\/la-bella-vita.club\\\/wp-content\\\/uploads\\\/2025\\\/04\\\/cropped-Kopie-von-Kopie-von-Kopie-von-Marie-von-Kiesenwetter.png\",\"width\":512,\"height\":512,\"caption\":\"la bella vita club\"},\"image\":{\"@id\":\"https:\\\/\\\/la-bella-vita.club\\\/#\\\/schema\\\/logo\\\/image\\\/\"},\"sameAs\":[\"https:\\\/\\\/www.facebook.com\\\/labellavita.club\",\"https:\\\/\\\/www.instagram.com\\\/labellavita.club\\\/\",\"https:\\\/\\\/www.youtube.com\\\/channel\\\/UCV7eNkxXPYvukjgUnlyI_-g\",\"https:\\\/\\\/www.tiktok.com\\\/labellavita.club\"]},{\"@type\":\"Person\",\"@id\":\"https:\\\/\\\/la-bella-vita.club\\\/#\\\/schema\\\/person\\\/d5b88108808d5fc119cd16c6be56952d\",\"name\":\"KAYSERIN media\",\"image\":{\"@type\":\"ImageObject\",\"inLanguage\":\"it-IT\",\"@id\":\"https:\\\/\\\/secure.gravatar.com\\\/avatar\\\/4e386f482ec9a3364e4c29c7977cc51a4f2672b673b24d429942d98717993c79?s=96&d=identicon&r=g\",\"url\":\"https:\\\/\\\/secure.gravatar.com\\\/avatar\\\/4e386f482ec9a3364e4c29c7977cc51a4f2672b673b24d429942d98717993c79?s=96&d=identicon&r=g\",\"contentUrl\":\"https:\\\/\\\/secure.gravatar.com\\\/avatar\\\/4e386f482ec9a3364e4c29c7977cc51a4f2672b673b24d429942d98717993c79?s=96&d=identicon&r=g\",\"caption\":\"KAYSERIN media\"},\"description\":\"EVERY STORY IS ONLY AS GOOD AS IT IS TOLD. We are storytellers in all formats, at every stage, from conception to production to strategy.\",\"sameAs\":[\"https:\\\/\\\/kayserin.io\"]}]}<\/script>\n<!-- \/ Yoast SEO Premium plugin. -->","yoast_head_json":{"title":"CONTROLLO - Il traffico in Costiera Amalfitana si \u00e8 notevolmente ridotto","description":"Controllo degli accessi tramite targa: la famosissima strada della Costiera Amalfitana sar\u00e0 chiusa per la prima volta quest'anno. Tutte le informazioni...","robots":{"index":"index","follow":"follow","max-snippet":"max-snippet:-1","max-image-preview":"max-image-preview:large","max-video-preview":"max-video-preview:-1"},"canonical":"https:\/\/la-bella-vita.club\/it\/la-patente-ispezione-il-traffico-sulla-costa-dellalfi-e-difficilmente-limitato-in-stagione\/","og_locale":"it_IT","og_type":"article","og_title":"KONTROLLE \u2013 Verkehr an Amalfik\u00fcste stark reduziert","og_description":"Zugangskontrolle via Nummernschild: Die weltber\u00fchmte Stra\u00dfe an der Amalfik\u00fcste wird in diesem Jahr erstmals gesperrt. Alle Infos\u2026","og_url":"https:\/\/la-bella-vita.club\/it\/la-patente-ispezione-il-traffico-sulla-costa-dellalfi-e-difficilmente-limitato-in-stagione\/","og_site_name":"la bella vita club","article_publisher":"https:\/\/www.facebook.com\/labellavita.club","article_published_time":"2022-06-22T16:31:06+00:00","article_modified_time":"2022-06-28T11:54:34+00:00","og_image":[{"width":1200,"height":675,"url":"https:\/\/la-bella-vita.club\/wp-content\/uploads\/2022\/06\/titel-amalfi-verkehr.jpg","type":"image\/jpeg"}],"author":"KAYSERIN media","twitter_card":"summary_large_image","twitter_misc":{"Scritto da":"KAYSERIN media","Tempo di lettura stimato":"2 minuti"},"schema":{"@context":"https:\/\/schema.org","@graph":[{"@type":"Article","@id":"https:\/\/la-bella-vita.club\/kennzeichen-kontrolle-verkehr-an-amalfikueste-wird-in-saison-hart-beschraenkt\/#article","isPartOf":{"@id":"https:\/\/la-bella-vita.club\/kennzeichen-kontrolle-verkehr-an-amalfikueste-wird-in-saison-hart-beschraenkt\/"},"author":{"name":"KAYSERIN media","@id":"https:\/\/la-bella-vita.club\/#\/schema\/person\/d5b88108808d5fc119cd16c6be56952d"},"headline":"KONTROLLE \u2013 Verkehr an Amalfik\u00fcste stark reduziert","datePublished":"2022-06-22T16:31:06+00:00","dateModified":"2022-06-28T11:54:34+00:00","mainEntityOfPage":{"@id":"https:\/\/la-bella-vita.club\/kennzeichen-kontrolle-verkehr-an-amalfikueste-wird-in-saison-hart-beschraenkt\/"},"wordCount":308,"commentCount":0,"publisher":{"@id":"https:\/\/la-bella-vita.club\/#organization"},"image":{"@id":"https:\/\/la-bella-vita.club\/kennzeichen-kontrolle-verkehr-an-amalfikueste-wird-in-saison-hart-beschraenkt\/#primaryimage"},"thumbnailUrl":"https:\/\/la-bella-vita.club\/wp-content\/uploads\/2022\/06\/titel-amalfi-verkehr.jpg","keywords":["Reisetipps"],"articleSection":["Reisetipps f\u00fcr Italien"],"inLanguage":"it-IT","potentialAction":[{"@type":"CommentAction","name":"Comment","target":["https:\/\/la-bella-vita.club\/kennzeichen-kontrolle-verkehr-an-amalfikueste-wird-in-saison-hart-beschraenkt\/#respond"]}]},{"@type":"WebPage","@id":"https:\/\/la-bella-vita.club\/kennzeichen-kontrolle-verkehr-an-amalfikueste-wird-in-saison-hart-beschraenkt\/","url":"https:\/\/la-bella-vita.club\/kennzeichen-kontrolle-verkehr-an-amalfikueste-wird-in-saison-hart-beschraenkt\/","name":"CONTROLLO - Il traffico in Costiera Amalfitana si \u00e8 notevolmente ridotto","isPartOf":{"@id":"https:\/\/la-bella-vita.club\/#website"},"primaryImageOfPage":{"@id":"https:\/\/la-bella-vita.club\/kennzeichen-kontrolle-verkehr-an-amalfikueste-wird-in-saison-hart-beschraenkt\/#primaryimage"},"image":{"@id":"https:\/\/la-bella-vita.club\/kennzeichen-kontrolle-verkehr-an-amalfikueste-wird-in-saison-hart-beschraenkt\/#primaryimage"},"thumbnailUrl":"https:\/\/la-bella-vita.club\/wp-content\/uploads\/2022\/06\/titel-amalfi-verkehr.jpg","datePublished":"2022-06-22T16:31:06+00:00","dateModified":"2022-06-28T11:54:34+00:00","description":"Controllo degli accessi tramite targa: la famosissima strada della Costiera Amalfitana sar\u00e0 chiusa per la prima volta quest'anno. Tutte le informazioni...","breadcrumb":{"@id":"https:\/\/la-bella-vita.club\/kennzeichen-kontrolle-verkehr-an-amalfikueste-wird-in-saison-hart-beschraenkt\/#breadcrumb"},"inLanguage":"it-IT","potentialAction":[{"@type":"ReadAction","target":["https:\/\/la-bella-vita.club\/kennzeichen-kontrolle-verkehr-an-amalfikueste-wird-in-saison-hart-beschraenkt\/"]}]},{"@type":"ImageObject","inLanguage":"it-IT","@id":"https:\/\/la-bella-vita.club\/kennzeichen-kontrolle-verkehr-an-amalfikueste-wird-in-saison-hart-beschraenkt\/#primaryimage","url":"https:\/\/la-bella-vita.club\/wp-content\/uploads\/2022\/06\/titel-amalfi-verkehr.jpg","contentUrl":"https:\/\/la-bella-vita.club\/wp-content\/uploads\/2022\/06\/titel-amalfi-verkehr.jpg","width":1200,"height":675,"caption":"titel amalfi verkehr"},{"@type":"BreadcrumbList","@id":"https:\/\/la-bella-vita.club\/kennzeichen-kontrolle-verkehr-an-amalfikueste-wird-in-saison-hart-beschraenkt\/#breadcrumb","itemListElement":[{"@type":"ListItem","position":1,"name":"Startseite","item":"https:\/\/la-bella-vita.club\/"},{"@type":"ListItem","position":2,"name":"KONTROLLE \u2013 Verkehr an Amalfik\u00fcste stark reduziert"}]},{"@type":"WebSite","@id":"https:\/\/la-bella-vita.club\/#website","url":"https:\/\/la-bella-vita.club\/","name":"club la bella vita","description":"La tua rivista per l'Italia","publisher":{"@id":"https:\/\/la-bella-vita.club\/#organization"},"potentialAction":[{"@type":"SearchAction","target":{"@type":"EntryPoint","urlTemplate":"https:\/\/la-bella-vita.club\/?s={search_term_string}"},"query-input":{"@type":"PropertyValueSpecification","valueRequired":true,"valueName":"search_term_string"}}],"inLanguage":"it-IT"},{"@type":"Organization","@id":"https:\/\/la-bella-vita.club\/#organization","name":"club la bella vita","url":"https:\/\/la-bella-vita.club\/","logo":{"@type":"ImageObject","inLanguage":"it-IT","@id":"https:\/\/la-bella-vita.club\/#\/schema\/logo\/image\/","url":"https:\/\/la-bella-vita.club\/wp-content\/uploads\/2025\/04\/cropped-Kopie-von-Kopie-von-Kopie-von-Marie-von-Kiesenwetter.png","contentUrl":"https:\/\/la-bella-vita.club\/wp-content\/uploads\/2025\/04\/cropped-Kopie-von-Kopie-von-Kopie-von-Marie-von-Kiesenwetter.png","width":512,"height":512,"caption":"la bella vita club"},"image":{"@id":"https:\/\/la-bella-vita.club\/#\/schema\/logo\/image\/"},"sameAs":["https:\/\/www.facebook.com\/labellavita.club","https:\/\/www.instagram.com\/labellavita.club\/","https:\/\/www.youtube.com\/channel\/UCV7eNkxXPYvukjgUnlyI_-g","https:\/\/www.tiktok.com\/labellavita.club"]},{"@type":"Person","@id":"https:\/\/la-bella-vita.club\/#\/schema\/person\/d5b88108808d5fc119cd16c6be56952d","name":"Media KAYSERIN","image":{"@type":"ImageObject","inLanguage":"it-IT","@id":"https:\/\/secure.gravatar.com\/avatar\/4e386f482ec9a3364e4c29c7977cc51a4f2672b673b24d429942d98717993c79?s=96&d=identicon&r=g","url":"https:\/\/secure.gravatar.com\/avatar\/4e386f482ec9a3364e4c29c7977cc51a4f2672b673b24d429942d98717993c79?s=96&d=identicon&r=g","contentUrl":"https:\/\/secure.gravatar.com\/avatar\/4e386f482ec9a3364e4c29c7977cc51a4f2672b673b24d429942d98717993c79?s=96&d=identicon&r=g","caption":"KAYSERIN media"},"description":"OGNI STORIA \u00c8 BELLA SOLO SE VIENE RACCONTATA. Siamo narratori in tutti i formati, in tutte le fasi, dall'ideazione alla produzione alla strategia.","sameAs":["https:\/\/kayserin.io"]}]}},"jetpack_featured_media_url":"https:\/\/la-bella-vita.club\/wp-content\/uploads\/2022\/06\/titel-amalfi-verkehr.jpg","jetpack_likes_enabled":false,"jetpack_shortlink":"https:\/\/wp.me\/pdmGHY-3k5","jetpack-related-posts":[{"id":49284,"url":"https:\/\/la-bella-vita.club\/it\/das-erste-mal-amalfikueste-was-sie-wissen-sollten-bevor-sie-losfahren\/","url_meta":{"origin":12777,"position":0},"title":"La Costiera Amalfitana per la prima volta: cosa devi sapere prima di partire","author":"KAYSERIN media","date":"28. Gennaio 2026","format":false,"excerpt":"Spettacolare e famoso in tutto il mondo, ma non semplice.","rel":"","context":"In &quot;Regionen &amp; Landschaften&quot;","block_context":{"text":"Regionen &amp; Landschaften","link":"https:\/\/la-bella-vita.club\/it\/category\/regionen-landschaften-von-italien\/"},"img":{"alt_text":"","src":"https:\/\/i0.wp.com\/la-bella-vita.club\/wp-content\/uploads\/2026\/01\/labellavita.club-17.jpg?resize=350%2C200&ssl=1","width":350,"height":200,"srcset":"https:\/\/i0.wp.com\/la-bella-vita.club\/wp-content\/uploads\/2026\/01\/labellavita.club-17.jpg?resize=350%2C200&ssl=1 1x, https:\/\/i0.wp.com\/la-bella-vita.club\/wp-content\/uploads\/2026\/01\/labellavita.club-17.jpg?resize=525%2C300&ssl=1 1.5x, https:\/\/i0.wp.com\/la-bella-vita.club\/wp-content\/uploads\/2026\/01\/labellavita.club-17.jpg?resize=700%2C400&ssl=1 2x, https:\/\/i0.wp.com\/la-bella-vita.club\/wp-content\/uploads\/2026\/01\/labellavita.club-17.jpg?resize=1050%2C600&ssl=1 3x"},"classes":[]},{"id":44506,"url":"https:\/\/la-bella-vita.club\/it\/7-dinge-die-du-an-der-amalfikueste-machen-solltest-auch-wenn-es-voll-ist\/","url_meta":{"origin":12777,"position":1},"title":"7 cose da fare sulla Costiera Amalfitana, anche quando \u00e8 affollata","author":"KAYSERIN media","date":"5. Giugno 2025","format":false,"excerpt":"La Costiera Amalfitana \u00e8 uno stress per la pazienza e la resistenza. La ricompensa \u00e8 alta.","rel":"","context":"In &quot;Regionen &amp; Landschaften&quot;","block_context":{"text":"Regionen &amp; Landschaften","link":"https:\/\/la-bella-vita.club\/it\/category\/regionen-landschaften-von-italien\/"},"img":{"alt_text":"","src":"https:\/\/i0.wp.com\/la-bella-vita.club\/wp-content\/uploads\/2025\/06\/Titel-la-bella-vita.club-2.jpg?resize=350%2C200&ssl=1","width":350,"height":200,"srcset":"https:\/\/i0.wp.com\/la-bella-vita.club\/wp-content\/uploads\/2025\/06\/Titel-la-bella-vita.club-2.jpg?resize=350%2C200&ssl=1 1x, https:\/\/i0.wp.com\/la-bella-vita.club\/wp-content\/uploads\/2025\/06\/Titel-la-bella-vita.club-2.jpg?resize=525%2C300&ssl=1 1.5x, https:\/\/i0.wp.com\/la-bella-vita.club\/wp-content\/uploads\/2025\/06\/Titel-la-bella-vita.club-2.jpg?resize=700%2C400&ssl=1 2x, https:\/\/i0.wp.com\/la-bella-vita.club\/wp-content\/uploads\/2025\/06\/Titel-la-bella-vita.club-2.jpg?resize=1050%2C600&ssl=1 3x"},"classes":[]},{"id":36121,"url":"https:\/\/la-bella-vita.club\/it\/die-glueckliche-region-in-italiens-sueden-die-wichtigsten-fakten-ueber-kampanien\/","url_meta":{"origin":12777,"position":2},"title":"La regina d'Italia al sud: questa \u00e8 la Campania!","author":"KAYSERIN media","date":"20. Settembre 2024","format":false,"excerpt":"O sole mio. La Campania \u00e8 la terra del sud Italia che ha tutto. Il cibo migliore, le coste pi\u00f9 belle, i siti archeologici pi\u00f9 emozionanti e molto altro ancora.","rel":"","context":"In &quot;Regionen &amp; Landschaften&quot;","block_context":{"text":"Regionen &amp; Landschaften","link":"https:\/\/la-bella-vita.club\/it\/category\/regionen-landschaften-von-italien\/"},"img":{"alt_text":"Kampanien in Italien: Kollage aus mehreren Bildern","src":"https:\/\/i0.wp.com\/la-bella-vita.club\/wp-content\/uploads\/2024\/09\/la-bella-vita.club-_-Titel-Artikel-7.jpg?resize=350%2C200&ssl=1","width":350,"height":200,"srcset":"https:\/\/i0.wp.com\/la-bella-vita.club\/wp-content\/uploads\/2024\/09\/la-bella-vita.club-_-Titel-Artikel-7.jpg?resize=350%2C200&ssl=1 1x, https:\/\/i0.wp.com\/la-bella-vita.club\/wp-content\/uploads\/2024\/09\/la-bella-vita.club-_-Titel-Artikel-7.jpg?resize=525%2C300&ssl=1 1.5x, https:\/\/i0.wp.com\/la-bella-vita.club\/wp-content\/uploads\/2024\/09\/la-bella-vita.club-_-Titel-Artikel-7.jpg?resize=700%2C400&ssl=1 2x, https:\/\/i0.wp.com\/la-bella-vita.club\/wp-content\/uploads\/2024\/09\/la-bella-vita.club-_-Titel-Artikel-7.jpg?resize=1050%2C600&ssl=1 3x"},"classes":[]},{"id":51106,"url":"https:\/\/la-bella-vita.club\/it\/ciao-fehler-7-dinge-die-viele-touristen-in-italien-falsch-machen\/","url_meta":{"origin":12777,"position":3},"title":"Cosa sbagliano molti turisti in Italia: Consigli per le vacanze!","author":"KAYSERIN media","date":"15. Aprile 2026","format":false,"excerpt":"Ti prepari e poi tutto va diversamente.","rel":"","context":"In &quot;Reisetipps f\u00fcr Italien&quot;","block_context":{"text":"Reisetipps f\u00fcr Italien","link":"https:\/\/la-bella-vita.club\/it\/category\/reisetipps-fuer-italien-die-besten-sehenswuerdigkeiten-insider-empfehlungen\/"},"img":{"alt_text":"PIazzale Michelangelo in Florenz in der Toskana in Italien","src":"https:\/\/i0.wp.com\/la-bella-vita.club\/wp-content\/uploads\/2026\/03\/Design-ohne-Titel-2026-03-14T000341.081.jpg?resize=350%2C200&ssl=1","width":350,"height":200,"srcset":"https:\/\/i0.wp.com\/la-bella-vita.club\/wp-content\/uploads\/2026\/03\/Design-ohne-Titel-2026-03-14T000341.081.jpg?resize=350%2C200&ssl=1 1x, https:\/\/i0.wp.com\/la-bella-vita.club\/wp-content\/uploads\/2026\/03\/Design-ohne-Titel-2026-03-14T000341.081.jpg?resize=525%2C300&ssl=1 1.5x, https:\/\/i0.wp.com\/la-bella-vita.club\/wp-content\/uploads\/2026\/03\/Design-ohne-Titel-2026-03-14T000341.081.jpg?resize=700%2C400&ssl=1 2x, https:\/\/i0.wp.com\/la-bella-vita.club\/wp-content\/uploads\/2026\/03\/Design-ohne-Titel-2026-03-14T000341.081.jpg?resize=1050%2C600&ssl=1 3x"},"classes":[]},{"id":50502,"url":"https:\/\/la-bella-vita.club\/it\/dolce-vita-abseits-der-massen-5-unbekannte-regionen-fuer-den-fruehlingsurlaub\/","url_meta":{"origin":12777,"position":4},"title":"Dolce Vita lontano dalla folla: 5 regioni sconosciute per una vacanza di primavera","author":"KAYSERIN media","date":"26. Marzo 2026","format":false,"excerpt":"Anche questo \u00e8 molto bello!","rel":"","context":"In &quot;Allgemein&quot;","block_context":{"text":"Allgemein","link":"https:\/\/la-bella-vita.club\/it\/category\/dein-magazin-fuer-italien-willkommen-im-la-bella-vita-club\/"},"img":{"alt_text":"people walking on the street","src":"https:\/\/i0.wp.com\/la-bella-vita.club\/wp-content\/uploads\/2026\/03\/pexels-photo-7111678-edited.jpeg?resize=350%2C200&ssl=1","width":350,"height":200,"srcset":"https:\/\/i0.wp.com\/la-bella-vita.club\/wp-content\/uploads\/2026\/03\/pexels-photo-7111678-edited.jpeg?resize=350%2C200&ssl=1 1x, https:\/\/i0.wp.com\/la-bella-vita.club\/wp-content\/uploads\/2026\/03\/pexels-photo-7111678-edited.jpeg?resize=525%2C300&ssl=1 1.5x, https:\/\/i0.wp.com\/la-bella-vita.club\/wp-content\/uploads\/2026\/03\/pexels-photo-7111678-edited.jpeg?resize=700%2C400&ssl=1 2x"},"classes":[]},{"id":42832,"url":"https:\/\/la-bella-vita.club\/it\/bella-confusione-die-kuriosesten-verkehrsregeln-italiens\/","url_meta":{"origin":12777,"position":5},"title":"Bella Confusione: Il codice della strada in Italia","author":"KAYSERIN media","date":"20. Maggio 2025","format":false,"excerpt":"L'Italia. Terra di pasta. Terra dell'amore. Terra del codice della strada.","rel":"","context":"In &quot;Fakten &amp; Historisches&quot;","block_context":{"text":"Fakten &amp; Historisches","link":"https:\/\/la-bella-vita.club\/it\/category\/historisches-und-fakten-ueber-italien-das-ist-italien\/"},"img":{"alt_text":"Verkehr in Neapel in Italien","src":"https:\/\/i0.wp.com\/la-bella-vita.club\/wp-content\/uploads\/2025\/04\/Titel-la-bella-vita.cub-14.jpg?resize=350%2C200&ssl=1","width":350,"height":200,"srcset":"https:\/\/i0.wp.com\/la-bella-vita.club\/wp-content\/uploads\/2025\/04\/Titel-la-bella-vita.cub-14.jpg?resize=350%2C200&ssl=1 1x, https:\/\/i0.wp.com\/la-bella-vita.club\/wp-content\/uploads\/2025\/04\/Titel-la-bella-vita.cub-14.jpg?resize=525%2C300&ssl=1 1.5x, https:\/\/i0.wp.com\/la-bella-vita.club\/wp-content\/uploads\/2025\/04\/Titel-la-bella-vita.cub-14.jpg?resize=700%2C400&ssl=1 2x, https:\/\/i0.wp.com\/la-bella-vita.club\/wp-content\/uploads\/2025\/04\/Titel-la-bella-vita.cub-14.jpg?resize=1050%2C600&ssl=1 3x"},"classes":[]}],"jetpack_sharing_enabled":true,"_links":{"self":[{"href":"https:\/\/la-bella-vita.club\/it\/wp-json\/wp\/v2\/posts\/12777","targetHints":{"allow":["GET"]}}],"collection":[{"href":"https:\/\/la-bella-vita.club\/it\/wp-json\/wp\/v2\/posts"}],"about":[{"href":"https:\/\/la-bella-vita.club\/it\/wp-json\/wp\/v2\/types\/post"}],"author":[{"embeddable":true,"href":"https:\/\/la-bella-vita.club\/it\/wp-json\/wp\/v2\/users\/198281585"}],"replies":[{"embeddable":true,"href":"https:\/\/la-bella-vita.club\/it\/wp-json\/wp\/v2\/comments?post=12777"}],"version-history":[{"count":30,"href":"https:\/\/la-bella-vita.club\/it\/wp-json\/wp\/v2\/posts\/12777\/revisions"}],"predecessor-version":[{"id":14441,"href":"https:\/\/la-bella-vita.club\/it\/wp-json\/wp\/v2\/posts\/12777\/revisions\/14441"}],"wp:featuredmedia":[{"embeddable":true,"href":"https:\/\/la-bella-vita.club\/it\/wp-json\/wp\/v2\/media\/12806"}],"wp:attachment":[{"href":"https:\/\/la-bella-vita.club\/it\/wp-json\/wp\/v2\/media?parent=12777"}],"wp:term":[{"taxonomy":"category","embeddable":true,"href":"https:\/\/la-bella-vita.club\/it\/wp-json\/wp\/v2\/categories?post=12777"},{"taxonomy":"post_tag","embeddable":true,"href":"https:\/\/la-bella-vita.club\/it\/wp-json\/wp\/v2\/tags?post=12777"}],"curies":[{"name":"wp","href":"https:\/\/api.w.org\/{rel}","templated":true}]}}